{"id":6553,"date":"2023-11-27T13:11:22","date_gmt":"2023-11-27T12:11:22","guid":{"rendered":"https:\/\/agora.xtec.cat\/iesmila\/?p=6553"},"modified":"2023-11-27T13:11:22","modified_gmt":"2023-11-27T12:11:22","slug":"25n-dia-internacional-de-la-violencia-de-genere","status":"publish","type":"post","link":"https:\/\/agora.xtec.cat\/iesmila\/portada\/25n-dia-internacional-de-la-violencia-de-genere\/","title":{"rendered":"25N Dia internacional de la viol\u00e8ncia de g\u00e8nere."},"content":{"rendered":"<p><i>El grup d&#8217;alumnes de 2n d&#8217;Integraci\u00f3 Social hem volgut fer un homenatge a les 93 v\u00edctimes assassinades per la seva parella o exparella. Amb aquesta acci\u00f3 volem rebutjar totes les viol\u00e8ncies masclistes i conscienciar a totes les persones del Mil\u00e0 que hem de dir PROU a aquesta xacra social.<\/i><\/p>\n<p><i><a href=\"https:\/\/agora.xtec.cat\/iesmila\/wp-content\/uploads\/usu844\/2023\/11\/20231124_183849.jpg\"><img loading=\"lazy\" decoding=\"async\" class=\"aligncenter size-full wp-image-6554\" src=\"https:\/\/agora.xtec.cat\/iesmila\/wp-content\/uploads\/usu844\/2023\/11\/20231124_183849.jpg\" alt=\"\" width=\"1024\" height=\"461\" srcset=\"https:\/\/agora.xtec.cat\/iesmila\/wp-content\/uploads\/usu844\/2023\/11\/20231124_183849.jpg 1024w, https:\/\/agora.xtec.cat\/iesmila\/wp-content\/uploads\/usu844\/2023\/11\/20231124_183849-300x135.jpg 300w, https:\/\/agora.xtec.cat\/iesmila\/wp-content\/uploads\/usu844\/2023\/11\/20231124_183849-768x346.jpg 768w\" sizes=\"auto, (max-width: 1024px) 100vw, 1024px\" \/><\/a><\/i><\/p>\n","protected":false},"excerpt":{"rendered":"<p>El grup d&#8217;alumnes de 2n d&#8217;Integraci\u00f3 Social hem volgut fer un homenatge a les 93 v\u00edctimes assassinades per la seva parella o exparella. Amb aquesta acci\u00f3 volem rebutjar totes les viol\u00e8ncies masclistes i conscienciar a totes les persones del Mil\u00e0 que hem de dir PROU&hellip;  <a href=\"https:\/\/agora.xtec.cat\/iesmila\/portada\/25n-dia-internacional-de-la-violencia-de-genere\/\" title=\"Read 25N Dia internacional de la viol\u00e8ncia de g\u00e8nere.\">Llegeix m\u00e9s\u00bb<\/a><\/p>\n","protected":false},"author":1,"featured_media":6554,"comment_status":"closed","ping_status":"closed","sticky":false,"template":"","format":"standard","meta":{"_bbp_topic_count":0,"_bbp_reply_count":0,"_bbp_total_topic_count":0,"_bbp_total_reply_count":0,"_bbp_voice_count":0,"_bbp_anonymous_reply_count":0,"_bbp_topic_count_hidden":0,"_bbp_reply_count_hidden":0,"_bbp_forum_subforum_count":0,"footnotes":""},"categories":[114,29],"tags":[],"class_list":["post-6553","post","type-post","status-publish","format-standard","has-post-thumbnail","hentry","category-scc0","category-portada"],"post_mailing_queue_ids":[],"_links":{"self":[{"href":"https:\/\/agora.xtec.cat\/iesmila\/wp-json\/wp\/v2\/posts\/6553","targetHints":{"allow":["GET"]}}],"collection":[{"href":"https:\/\/agora.xtec.cat\/iesmila\/wp-json\/wp\/v2\/posts"}],"about":[{"href":"https:\/\/agora.xtec.cat\/iesmila\/wp-json\/wp\/v2\/types\/post"}],"author":[{"embeddable":true,"href":"https:\/\/agora.xtec.cat\/iesmila\/wp-json\/wp\/v2\/users\/1"}],"replies":[{"embeddable":true,"href":"https:\/\/agora.xtec.cat\/iesmila\/wp-json\/wp\/v2\/comments?post=6553"}],"version-history":[{"count":1,"href":"https:\/\/agora.xtec.cat\/iesmila\/wp-json\/wp\/v2\/posts\/6553\/revisions"}],"predecessor-version":[{"id":6555,"href":"https:\/\/agora.xtec.cat\/iesmila\/wp-json\/wp\/v2\/posts\/6553\/revisions\/6555"}],"wp:featuredmedia":[{"embeddable":true,"href":"https:\/\/agora.xtec.cat\/iesmila\/wp-json\/wp\/v2\/media\/6554"}],"wp:attachment":[{"href":"https:\/\/agora.xtec.cat\/iesmila\/wp-json\/wp\/v2\/media?parent=6553"}],"wp:term":[{"taxonomy":"category","embeddable":true,"href":"https:\/\/agora.xtec.cat\/iesmila\/wp-json\/wp\/v2\/categories?post=6553"},{"taxonomy":"post_tag","embeddable":true,"href":"https:\/\/agora.xtec.cat\/iesmila\/wp-json\/wp\/v2\/tags?post=6553"}],"curies":[{"name":"wp","href":"https:\/\/api.w.org\/{rel}","templated":true}]}}