{"id":6196,"date":"2023-05-15T19:48:16","date_gmt":"2023-05-15T17:48:16","guid":{"rendered":"https:\/\/agora.xtec.cat\/iesmila\/?p=6196"},"modified":"2023-05-15T19:48:16","modified_gmt":"2023-05-15T17:48:16","slug":"vmware-aposta-per-la-formacio-professional-impartint-tallers-als-cicles-dinformatica","status":"publish","type":"post","link":"https:\/\/agora.xtec.cat\/iesmila\/portada\/vmware-aposta-per-la-formacio-professional-impartint-tallers-als-cicles-dinformatica\/","title":{"rendered":"VMware aposta per la formaci\u00f3 professional impartint tallers als cicles d&#8217;inform\u00e0tica"},"content":{"rendered":"<p>L&#8217;Acad\u00e8mia Multicloud de l&#8217;empresa l\u00edder en sistemes de virtualitzaci\u00f3 VMware ha impartit dues sessions te\u00f2rico-pr\u00e0ctiques als cicles de la fam\u00edlia professional d&#8217;Inform\u00e0tica de l&#8217;Institut Mil\u00e0 i Fontanals (Igualada). Aquestes experi\u00e8ncies han estat pioneres dins la Formaci\u00f3 Professional i demostren, un cop m\u00e9s, la necessitat d&#8217;apropar els productes i les tend\u00e8ncies tecnol\u00f2giques del m\u00f3n empresarial a l&#8217;aula.<\/p>\n<p>El passat 24 d&#8217;abril, els experts en la mat\u00e8ria Josep Terradellas i Gabi Rosell van impartir la sessi\u00f3 de &#8220;Virtualitzaci\u00f3, SDDC i Cloud&#8221; a l&#8217;alumnat de 2n del CFGM de Sistemes Microinform\u00e0tics i Xarxes (SMX). A trav\u00e9s de la realitzaci\u00f3 de la pr\u00e0ctica al laboratori virtual de la companyia (VMware Hands-on Labs) van poder accedir i tenir una primera presa de contacte amb la plataforma de gesti\u00f3 vSphere de servidors virtuals. Si una cosa ofereix la virtualitzaci\u00f3, \u00e9s flexibilitat. Deixem de dependre del maquinari i ens centrem a crear cl\u00fasters de recursos que s&#8217;assignen sota demanda. D&#8217;aquesta forma s&#8217;optimitza l&#8217;\u00fas dels servidors, l&#8217;emmagatzematge i la capacitat de c\u00f2mput. El nou repte s&#8217;encamina en organitzar el &#8216;caos&#8217; que representa l&#8217;\u00fas de diferents serveis ubicats en clouds de diferents prove\u00efdors.<\/p>\n<p>I el recent 8 de maig, l&#8217;alumnat de 2n dels CFGS de Desenvolupament d&#8217;Aplicacions Multiplataforma (DAM) i Desenvolupament d&#8217;Aplicacions Web (DAW) van assistir a la jornada titulada &#8220;Contenidors i Kubernetes&#8221;. De forma telem\u00e0tica, l&#8217;expert sevill\u00e0 Antonio G\u00e1mez i de forma presencial l&#8217;amant de les hackathons Cori \u00c1vila, van conduir la sessi\u00f3. L&#8217;alumnat va poder familiaritzar-se amb la construcci\u00f3 de contenidors que faciliten el desplegament d&#8217;aplicacions de forma m\u00e9s eficient. Davant la quantitat d&#8217;informaci\u00f3 transmesa i la intensitat del taller, tamb\u00e9 es va oferir a l&#8217;alumnat acc\u00e9s al laboratori virtual &#8220;Containers, Docker and Kubernetes&#8221; per a practicar i refor\u00e7ar els aprenentatges presentats.<\/p>\n<p>Agra\u00efm la transfer\u00e8ncia de coneixement i experi\u00e8ncia al conjunt d&#8217;experts que ens han visitat aix\u00ed com la iniciativa per part de Multicloud Academy de contribuir a la formaci\u00f3 de la pr\u00f2xima generaci\u00f3 de professionals de la ind\u00fastria tecnol\u00f2gica.<\/p>\n<p><a href=\"https:\/\/agora.xtec.cat\/iesmila\/wp-content\/uploads\/usu844\/2023\/05\/DAM2DAW2_VMware.jpeg\"><img loading=\"lazy\" decoding=\"async\" class=\"aligncenter size-full wp-image-6197\" src=\"https:\/\/agora.xtec.cat\/iesmila\/wp-content\/uploads\/usu844\/2023\/05\/DAM2DAW2_VMware.jpeg\" alt=\"\" width=\"2048\" height=\"1536\" srcset=\"https:\/\/agora.xtec.cat\/iesmila\/wp-content\/uploads\/usu844\/2023\/05\/DAM2DAW2_VMware.jpeg 2048w, https:\/\/agora.xtec.cat\/iesmila\/wp-content\/uploads\/usu844\/2023\/05\/DAM2DAW2_VMware-300x225.jpeg 300w, https:\/\/agora.xtec.cat\/iesmila\/wp-content\/uploads\/usu844\/2023\/05\/DAM2DAW2_VMware-1024x768.jpeg 1024w, https:\/\/agora.xtec.cat\/iesmila\/wp-content\/uploads\/usu844\/2023\/05\/DAM2DAW2_VMware-768x576.jpeg 768w, https:\/\/agora.xtec.cat\/iesmila\/wp-content\/uploads\/usu844\/2023\/05\/DAM2DAW2_VMware-1536x1152.jpeg 1536w, https:\/\/agora.xtec.cat\/iesmila\/wp-content\/uploads\/usu844\/2023\/05\/DAM2DAW2_VMware-200x150.jpeg 200w\" sizes=\"auto, (max-width: 2048px) 100vw, 2048px\" \/><\/a><a href=\"https:\/\/agora.xtec.cat\/iesmila\/wp-content\/uploads\/usu844\/2023\/05\/SMX2_VMware.jpeg\"><img loading=\"lazy\" decoding=\"async\" class=\"aligncenter size-full wp-image-6198\" src=\"https:\/\/agora.xtec.cat\/iesmila\/wp-content\/uploads\/usu844\/2023\/05\/SMX2_VMware.jpeg\" alt=\"\" width=\"1024\" height=\"768\" srcset=\"https:\/\/agora.xtec.cat\/iesmila\/wp-content\/uploads\/usu844\/2023\/05\/SMX2_VMware.jpeg 1024w, https:\/\/agora.xtec.cat\/iesmila\/wp-content\/uploads\/usu844\/2023\/05\/SMX2_VMware-300x225.jpeg 300w, https:\/\/agora.xtec.cat\/iesmila\/wp-content\/uploads\/usu844\/2023\/05\/SMX2_VMware-768x576.jpeg 768w, https:\/\/agora.xtec.cat\/iesmila\/wp-content\/uploads\/usu844\/2023\/05\/SMX2_VMware-200x150.jpeg 200w\" sizes=\"auto, (max-width: 1024px) 100vw, 1024px\" \/><\/a><\/p>\n","protected":false},"excerpt":{"rendered":"<p>L&#8217;Acad\u00e8mia Multicloud de l&#8217;empresa l\u00edder en sistemes de virtualitzaci\u00f3 VMware ha impartit dues sessions te\u00f2rico-pr\u00e0ctiques als cicles de la fam\u00edlia professional d&#8217;Inform\u00e0tica de l&#8217;Institut Mil\u00e0 i Fontanals (Igualada). Aquestes experi\u00e8ncies han estat pioneres dins la Formaci\u00f3 Professional i demostren, un cop m\u00e9s, la necessitat d&#8217;apropar&hellip;  <a href=\"https:\/\/agora.xtec.cat\/iesmila\/portada\/vmware-aposta-per-la-formacio-professional-impartint-tallers-als-cicles-dinformatica\/\" title=\"Read VMware aposta per la formaci\u00f3 professional impartint tallers als cicles d&#8217;inform\u00e0tica\">Llegeix m\u00e9s\u00bb<\/a><\/p>\n","protected":false},"author":1,"featured_media":6198,"comment_status":"closed","ping_status":"closed","sticky":false,"template":"","format":"standard","meta":{"_bbp_topic_count":0,"_bbp_reply_count":0,"_bbp_total_topic_count":0,"_bbp_total_reply_count":0,"_bbp_voice_count":0,"_bbp_anonymous_reply_count":0,"_bbp_topic_count_hidden":0,"_bbp_reply_count_hidden":0,"_bbp_forum_subforum_count":0,"footnotes":""},"categories":[29,72],"tags":[],"class_list":["post-6196","post","type-post","status-publish","format-standard","has-post-thumbnail","hentry","category-portada","category-ic10"],"post_mailing_queue_ids":[],"_links":{"self":[{"href":"https:\/\/agora.xtec.cat\/iesmila\/wp-json\/wp\/v2\/posts\/6196","targetHints":{"allow":["GET"]}}],"collection":[{"href":"https:\/\/agora.xtec.cat\/iesmila\/wp-json\/wp\/v2\/posts"}],"about":[{"href":"https:\/\/agora.xtec.cat\/iesmila\/wp-json\/wp\/v2\/types\/post"}],"author":[{"embeddable":true,"href":"https:\/\/agora.xtec.cat\/iesmila\/wp-json\/wp\/v2\/users\/1"}],"replies":[{"embeddable":true,"href":"https:\/\/agora.xtec.cat\/iesmila\/wp-json\/wp\/v2\/comments?post=6196"}],"version-history":[{"count":1,"href":"https:\/\/agora.xtec.cat\/iesmila\/wp-json\/wp\/v2\/posts\/6196\/revisions"}],"predecessor-version":[{"id":6199,"href":"https:\/\/agora.xtec.cat\/iesmila\/wp-json\/wp\/v2\/posts\/6196\/revisions\/6199"}],"wp:featuredmedia":[{"embeddable":true,"href":"https:\/\/agora.xtec.cat\/iesmila\/wp-json\/wp\/v2\/media\/6198"}],"wp:attachment":[{"href":"https:\/\/agora.xtec.cat\/iesmila\/wp-json\/wp\/v2\/media?parent=6196"}],"wp:term":[{"taxonomy":"category","embeddable":true,"href":"https:\/\/agora.xtec.cat\/iesmila\/wp-json\/wp\/v2\/categories?post=6196"},{"taxonomy":"post_tag","embeddable":true,"href":"https:\/\/agora.xtec.cat\/iesmila\/wp-json\/wp\/v2\/tags?post=6196"}],"curies":[{"name":"wp","href":"https:\/\/api.w.org\/{rel}","templated":true}]}}