{"id":5634,"date":"2023-01-13T16:57:16","date_gmt":"2023-01-13T15:57:16","guid":{"rendered":"https:\/\/agora.xtec.cat\/iesmila\/?p=5634"},"modified":"2023-01-13T16:57:33","modified_gmt":"2023-01-13T15:57:33","slug":"sortida-de-cfm-2n-gestio-administrativa-a-can-tito-vilanova-del-cami","status":"publish","type":"post","link":"https:\/\/agora.xtec.cat\/iesmila\/portada\/sortida-de-cfm-2n-gestio-administrativa-a-can-tito-vilanova-del-cami\/","title":{"rendered":"Sortida de CFM 2n Gesti\u00f3 Administrativa a Can Tit\u00f3 (Vilanova del Cam\u00ed)"},"content":{"rendered":"<p>El passat dimecres dia 14 de desembre l\u2019alumnat de 2n de CFM Gesti\u00f3 Administrativa \u00a0vam realitzar una sortida a Can Tit\u00f3 (Vilanova del Cam\u00ed).<\/p>\n<p>La sortida es va fer caminant des de l\u2019Institut. Una vegada a lloc vam esmorzar i, despr\u00e9s, vam jugar a jocs de taula i jocs de cohesi\u00f3 de grup.<\/p>\n<p>Finalment, vam anar a jugar un partit de futbol al camp Johan Cruyff davant de l\u2019Institut les Moreres (Vilanova del Cam\u00ed).<\/p>\n<p>Ens va fer un dia espl\u00e8ndid i ho vam ben aprofitar!<\/p>\n<p><a href=\"https:\/\/agora.xtec.cat\/iesmila\/wp-content\/uploads\/usu844\/2023\/01\/Imagen-2.jpg\"><img loading=\"lazy\" decoding=\"async\" class=\"aligncenter size-full wp-image-5635\" src=\"https:\/\/agora.xtec.cat\/iesmila\/wp-content\/uploads\/usu844\/2023\/01\/Imagen-2.jpg\" alt=\"\" width=\"654\" height=\"490\" srcset=\"https:\/\/agora.xtec.cat\/iesmila\/wp-content\/uploads\/usu844\/2023\/01\/Imagen-2.jpg 654w, https:\/\/agora.xtec.cat\/iesmila\/wp-content\/uploads\/usu844\/2023\/01\/Imagen-2-300x225.jpg 300w, https:\/\/agora.xtec.cat\/iesmila\/wp-content\/uploads\/usu844\/2023\/01\/Imagen-2-200x150.jpg 200w\" sizes=\"auto, (max-width: 654px) 100vw, 654px\" \/><\/a> <a href=\"https:\/\/agora.xtec.cat\/iesmila\/wp-content\/uploads\/usu844\/2023\/01\/Imagen-1.jpg\"><img loading=\"lazy\" decoding=\"async\" class=\"aligncenter size-full wp-image-5636\" src=\"https:\/\/agora.xtec.cat\/iesmila\/wp-content\/uploads\/usu844\/2023\/01\/Imagen-1.jpg\" alt=\"\" width=\"642\" height=\"482\" srcset=\"https:\/\/agora.xtec.cat\/iesmila\/wp-content\/uploads\/usu844\/2023\/01\/Imagen-1.jpg 642w, https:\/\/agora.xtec.cat\/iesmila\/wp-content\/uploads\/usu844\/2023\/01\/Imagen-1-300x225.jpg 300w, https:\/\/agora.xtec.cat\/iesmila\/wp-content\/uploads\/usu844\/2023\/01\/Imagen-1-200x150.jpg 200w\" sizes=\"auto, (max-width: 642px) 100vw, 642px\" \/><\/a><\/p>\n","protected":false},"excerpt":{"rendered":"<p>El passat dimecres dia 14 de desembre l\u2019alumnat de 2n de CFM Gesti\u00f3 Administrativa \u00a0vam realitzar una sortida a Can Tit\u00f3 (Vilanova del Cam\u00ed).<br \/>\nLa sortida es va fer caminant des de l\u2019Institut. Una vegada a lloc vam esmorzar i, despr\u00e9s, vam jugar a jocs de&hellip;  <a href=\"https:\/\/agora.xtec.cat\/iesmila\/portada\/sortida-de-cfm-2n-gestio-administrativa-a-can-tito-vilanova-del-cami\/\" title=\"Read Sortida de CFM 2n Gesti\u00f3 Administrativa a Can Tit\u00f3 (Vilanova del Cam\u00ed)\">Llegeix m\u00e9s\u00bb<\/a><\/p>\n","protected":false},"author":1,"featured_media":5635,"comment_status":"closed","ping_status":"closed","sticky":false,"template":"","format":"standard","meta":{"_bbp_topic_count":0,"_bbp_reply_count":0,"_bbp_total_topic_count":0,"_bbp_total_reply_count":0,"_bbp_voice_count":0,"_bbp_anonymous_reply_count":0,"_bbp_topic_count_hidden":0,"_bbp_reply_count_hidden":0,"_bbp_forum_subforum_count":0,"footnotes":""},"categories":[77,78,29],"tags":[],"class_list":["post-5634","post","type-post","status-publish","format-standard","has-post-thumbnail","hentry","category-ag10-2a","category-ag10-2b","category-portada"],"post_mailing_queue_ids":[],"_links":{"self":[{"href":"https:\/\/agora.xtec.cat\/iesmila\/wp-json\/wp\/v2\/posts\/5634","targetHints":{"allow":["GET"]}}],"collection":[{"href":"https:\/\/agora.xtec.cat\/iesmila\/wp-json\/wp\/v2\/posts"}],"about":[{"href":"https:\/\/agora.xtec.cat\/iesmila\/wp-json\/wp\/v2\/types\/post"}],"author":[{"embeddable":true,"href":"https:\/\/agora.xtec.cat\/iesmila\/wp-json\/wp\/v2\/users\/1"}],"replies":[{"embeddable":true,"href":"https:\/\/agora.xtec.cat\/iesmila\/wp-json\/wp\/v2\/comments?post=5634"}],"version-history":[{"count":1,"href":"https:\/\/agora.xtec.cat\/iesmila\/wp-json\/wp\/v2\/posts\/5634\/revisions"}],"predecessor-version":[{"id":5637,"href":"https:\/\/agora.xtec.cat\/iesmila\/wp-json\/wp\/v2\/posts\/5634\/revisions\/5637"}],"wp:featuredmedia":[{"embeddable":true,"href":"https:\/\/agora.xtec.cat\/iesmila\/wp-json\/wp\/v2\/media\/5635"}],"wp:attachment":[{"href":"https:\/\/agora.xtec.cat\/iesmila\/wp-json\/wp\/v2\/media?parent=5634"}],"wp:term":[{"taxonomy":"category","embeddable":true,"href":"https:\/\/agora.xtec.cat\/iesmila\/wp-json\/wp\/v2\/categories?post=5634"},{"taxonomy":"post_tag","embeddable":true,"href":"https:\/\/agora.xtec.cat\/iesmila\/wp-json\/wp\/v2\/tags?post=5634"}],"curies":[{"name":"wp","href":"https:\/\/api.w.org\/{rel}","templated":true}]}}