{"id":5560,"date":"2022-10-26T14:00:32","date_gmt":"2022-10-26T12:00:32","guid":{"rendered":"https:\/\/agora.xtec.cat\/iesmila\/?p=5560"},"modified":"2022-11-28T14:21:46","modified_gmt":"2022-11-28T13:21:46","slug":"taller-demprenedoria-lequip-que-volem","status":"publish","type":"post","link":"https:\/\/agora.xtec.cat\/iesmila\/portada\/taller-demprenedoria-lequip-que-volem\/","title":{"rendered":"Taller d&#8217;emprenedoria: L\u2019EQUIP QUE VOLEM."},"content":{"rendered":"<p>Els dies 4, 21, 24 i 26 d\u2019octubre, els alumnes dels cicles: CFGM Gesti\u00f3 Administrativa, CFGM Instal\u00b7lacions de Telecomunicacions, CFGM Farm\u00e0cia i Parafarm\u00e0cia, CFGM Atenci\u00f3 a Persones en situaci\u00f3 de Depend\u00e8ncia, CFGM Manteniment electromec\u00e0nic, CFGS Activitats F\u00edsiques i Esportives i CFGS Desenvolupament Aplicacions Multiplataforma, CFGS Higiene Bucodental, CFGS Automoci\u00f3, van realitzar un taller de dos hores sobre quins valors s\u00f3n necessaris per formar un equip emprenedor. A c\u00e0rrec dels formadors <strong>N\u00faria Serrat i Daniel Moreno<\/strong>. La metodologia que van utilitzar va ser \u2018\u2019<em>Lego Serious Play\u2019\u2019.<\/em><\/p>\n<p>Aquest taller ha estat organitzat pel Departament de FOL i finan\u00e7at pel projecte d\u2019Aules d\u2019Emprenedoria.<\/p>\n<p><a href=\"https:\/\/agora.xtec.cat\/iesmila\/wp-content\/uploads\/usu844\/2022\/11\/Taller-Legos_2-2.jpg\"><img loading=\"lazy\" decoding=\"async\" class=\"aligncenter size-full wp-image-5561\" src=\"https:\/\/agora.xtec.cat\/iesmila\/wp-content\/uploads\/usu844\/2022\/11\/Taller-Legos_2-2.jpg\" alt=\"\" width=\"666\" height=\"500\" srcset=\"https:\/\/agora.xtec.cat\/iesmila\/wp-content\/uploads\/usu844\/2022\/11\/Taller-Legos_2-2.jpg 666w, https:\/\/agora.xtec.cat\/iesmila\/wp-content\/uploads\/usu844\/2022\/11\/Taller-Legos_2-2-300x225.jpg 300w, https:\/\/agora.xtec.cat\/iesmila\/wp-content\/uploads\/usu844\/2022\/11\/Taller-Legos_2-2-200x150.jpg 200w\" sizes=\"auto, (max-width: 666px) 100vw, 666px\" \/><\/a> <a href=\"https:\/\/agora.xtec.cat\/iesmila\/wp-content\/uploads\/usu844\/2022\/11\/Taller-Legos_2-1.jpg\"><img loading=\"lazy\" decoding=\"async\" class=\"aligncenter size-full wp-image-5562\" src=\"https:\/\/agora.xtec.cat\/iesmila\/wp-content\/uploads\/usu844\/2022\/11\/Taller-Legos_2-1.jpg\" alt=\"\" width=\"1024\" height=\"768\" srcset=\"https:\/\/agora.xtec.cat\/iesmila\/wp-content\/uploads\/usu844\/2022\/11\/Taller-Legos_2-1.jpg 1024w, https:\/\/agora.xtec.cat\/iesmila\/wp-content\/uploads\/usu844\/2022\/11\/Taller-Legos_2-1-300x225.jpg 300w, https:\/\/agora.xtec.cat\/iesmila\/wp-content\/uploads\/usu844\/2022\/11\/Taller-Legos_2-1-768x576.jpg 768w, https:\/\/agora.xtec.cat\/iesmila\/wp-content\/uploads\/usu844\/2022\/11\/Taller-Legos_2-1-200x150.jpg 200w\" sizes=\"auto, (max-width: 1024px) 100vw, 1024px\" \/><\/a> <a href=\"https:\/\/agora.xtec.cat\/iesmila\/wp-content\/uploads\/usu844\/2022\/11\/taller-Legos.jpg\"><img loading=\"lazy\" decoding=\"async\" class=\"aligncenter size-full wp-image-5563\" src=\"https:\/\/agora.xtec.cat\/iesmila\/wp-content\/uploads\/usu844\/2022\/11\/taller-Legos.jpg\" alt=\"\" width=\"578\" height=\"434\" srcset=\"https:\/\/agora.xtec.cat\/iesmila\/wp-content\/uploads\/usu844\/2022\/11\/taller-Legos.jpg 578w, https:\/\/agora.xtec.cat\/iesmila\/wp-content\/uploads\/usu844\/2022\/11\/taller-Legos-300x225.jpg 300w, https:\/\/agora.xtec.cat\/iesmila\/wp-content\/uploads\/usu844\/2022\/11\/taller-Legos-200x150.jpg 200w\" sizes=\"auto, (max-width: 578px) 100vw, 578px\" \/><\/a><\/p>\n","protected":false},"excerpt":{"rendered":"<p>Els dies 4, 21, 24 i 26 d\u2019octubre, els alumnes dels cicles: CFGM Gesti\u00f3 Administrativa, CFGM Instal\u00b7lacions de Telecomunicacions, CFGM Farm\u00e0cia i Parafarm\u00e0cia, CFGM Atenci\u00f3 a Persones en situaci\u00f3 de Depend\u00e8ncia, CFGM Manteniment electromec\u00e0nic, CFGS Activitats F\u00edsiques i Esportives i CFGS Desenvolupament Aplicacions Multiplataforma, CFGS&hellip;  <a href=\"https:\/\/agora.xtec.cat\/iesmila\/portada\/taller-demprenedoria-lequip-que-volem\/\" title=\"Read Taller d&#8217;emprenedoria: L\u2019EQUIP QUE VOLEM.\">Llegeix m\u00e9s\u00bb<\/a><\/p>\n","protected":false},"author":1,"featured_media":5563,"comment_status":"closed","ping_status":"closed","sticky":false,"template":"","format":"standard","meta":{"_bbp_topic_count":0,"_bbp_reply_count":0,"_bbp_total_topic_count":0,"_bbp_total_reply_count":0,"_bbp_voice_count":0,"_bbp_anonymous_reply_count":0,"_bbp_topic_count_hidden":0,"_bbp_reply_count_hidden":0,"_bbp_forum_subforum_count":0,"footnotes":""},"categories":[62,115,109,103,74,69,156,105,71,73,29,72],"tags":[],"class_list":["post-5560","post","type-post","status-publish","format-standard","has-post-thumbnail","hentry","category-sc10","category-tma0","category-icb0","category-aea0","category-sa20","category-ag10","category-ae10","category-hb","category-ee30","category-im10","category-portada","category-ic10"],"post_mailing_queue_ids":[],"_links":{"self":[{"href":"https:\/\/agora.xtec.cat\/iesmila\/wp-json\/wp\/v2\/posts\/5560","targetHints":{"allow":["GET"]}}],"collection":[{"href":"https:\/\/agora.xtec.cat\/iesmila\/wp-json\/wp\/v2\/posts"}],"about":[{"href":"https:\/\/agora.xtec.cat\/iesmila\/wp-json\/wp\/v2\/types\/post"}],"author":[{"embeddable":true,"href":"https:\/\/agora.xtec.cat\/iesmila\/wp-json\/wp\/v2\/users\/1"}],"replies":[{"embeddable":true,"href":"https:\/\/agora.xtec.cat\/iesmila\/wp-json\/wp\/v2\/comments?post=5560"}],"version-history":[{"count":1,"href":"https:\/\/agora.xtec.cat\/iesmila\/wp-json\/wp\/v2\/posts\/5560\/revisions"}],"predecessor-version":[{"id":5564,"href":"https:\/\/agora.xtec.cat\/iesmila\/wp-json\/wp\/v2\/posts\/5560\/revisions\/5564"}],"wp:featuredmedia":[{"embeddable":true,"href":"https:\/\/agora.xtec.cat\/iesmila\/wp-json\/wp\/v2\/media\/5563"}],"wp:attachment":[{"href":"https:\/\/agora.xtec.cat\/iesmila\/wp-json\/wp\/v2\/media?parent=5560"}],"wp:term":[{"taxonomy":"category","embeddable":true,"href":"https:\/\/agora.xtec.cat\/iesmila\/wp-json\/wp\/v2\/categories?post=5560"},{"taxonomy":"post_tag","embeddable":true,"href":"https:\/\/agora.xtec.cat\/iesmila\/wp-json\/wp\/v2\/tags?post=5560"}],"curies":[{"name":"wp","href":"https:\/\/api.w.org\/{rel}","templated":true}]}}