{"id":5113,"date":"2022-05-18T12:45:18","date_gmt":"2022-05-18T10:45:18","guid":{"rendered":"https:\/\/agora.xtec.cat\/iesmila\/?p=5113"},"modified":"2022-05-18T12:45:18","modified_gmt":"2022-05-18T10:45:18","slug":"sortides-professionals-ag10-1r-gestio-administrativa-grup-tarda","status":"publish","type":"post","link":"https:\/\/agora.xtec.cat\/iesmila\/portada\/sortides-professionals-ag10-1r-gestio-administrativa-grup-tarda\/","title":{"rendered":"Sortides Professionals  AG10. 1r. Gesti\u00f3 Administrativa \u2013 Grup tarda"},"content":{"rendered":"<p align=\"justify\"><span style=\"font-family: Calibri, serif;\">Amb l&#8217;objectiu d\u2019acostar-nos al m\u00f3n laboral i veure algunes de les Sortides Professionals del nostre cicle, el grup de Gesti\u00f3 Administrativa de tarda (AG10B) ens hem posat en contacte amb diferents empreses. <\/span><\/p>\n<p align=\"justify\"><span style=\"font-family: Calibri, serif;\">El passat dimecres 9 de mar\u00e7 vam anar a visitar la <\/span><span style=\"font-family: Calibri, serif;\"><b>Gestoria Grup Carles<\/b><\/span><span style=\"font-family: Calibri, serif;\">. En Sr. Xavier Carles, qui ens va fer la visita, ens va deixar clar que la nostra actitud \u00e9s el component clau que ens ajudar\u00e0 m\u00e9s en el m\u00f3n professional. <\/span><\/p>\n<p align=\"justify\"><span style=\"font-family: Calibri, serif;\">El dilluns 25 d&#8217;abril va visitar-nos la Sra. Cristina Moreno, ex alumna d Administraci\u00f3 i Finances del Mil\u00e0 i actual consultora d <\/span><span style=\"font-family: Calibri, serif;\"><b>ADECCO<\/b><\/span><span style=\"font-family: Calibri, serif;\">. Ens va posar al dia de l\u2019actual oferta laboral a Igualada i ens va donar uns consells pr\u00e0ctics que de ben segur ens ajudaran molt a l\u2019hora de buscar feina.<\/span><\/p>\n<p align=\"justify\"><span style=\"font-family: Calibri, serif;\">Dins el projecte \u201cLes Professions del Futur\u201d, amb la guia i suport de la Sra. Montse Soteras de la <\/span><span style=\"font-family: Calibri, serif;\"><b>UEA<\/b><\/span><span style=\"font-family: Calibri, serif;\"> (Uni\u00f3 Empresarial de l\u2019Anoia) el dimecres 27 d&#8217;abril vam anar a visitar la pelleteria <\/span><span style=\"font-family: Calibri, serif;\"><b>Curtidos Badia<\/b><\/span><span style=\"font-family: Calibri, serif;\">. Alguns de nosaltres, era la primera vegada que veiem una empresa industrial. Una visita molt interessant. El Sr. Diego Navarro ens va reptar, ja ens esperen a els joves per anar preparant el canvi generacional. <\/span><\/p>\n<p align=\"justify\"><span style=\"font-family: Calibri, serif;\">I per tancar aquest apropament a les nostres Sortides Professionals, de nou amb el suport de la <\/span><span style=\"font-family: Calibri, serif;\"><b>UEA<\/b><\/span><span style=\"font-family: Calibri, serif;\"> (Uni\u00f3 Empresarial de l\u2019Anoia), estem pendents de tancar una visita d\u2019una emprenedora, membre de la <\/span><span style=\"font-family: Calibri, serif;\"><b>UEA inquieta<\/b><\/span><span style=\"font-family: Calibri, serif;\">.<\/span><\/p>\n<p align=\"justify\"><span style=\"font-family: Calibri, serif;\">A totes i tots els que ens heu donat la m\u00e0 per acostar-nos a la realitat que ens trobarem el dia de dem\u00e0, moltes gr\u00e0cies! <\/span><\/p>\n<p align=\"justify\"><a href=\"https:\/\/agora.xtec.cat\/iesmila\/wp-content\/uploads\/usu844\/2022\/05\/1.CURTIDOS-BADIA.jpg\"><img loading=\"lazy\" decoding=\"async\" class=\"aligncenter size-full wp-image-5114\" src=\"https:\/\/agora.xtec.cat\/iesmila\/wp-content\/uploads\/usu844\/2022\/05\/1.CURTIDOS-BADIA.jpg\" alt=\"\" width=\"1024\" height=\"768\" srcset=\"https:\/\/agora.xtec.cat\/iesmila\/wp-content\/uploads\/usu844\/2022\/05\/1.CURTIDOS-BADIA.jpg 1024w, https:\/\/agora.xtec.cat\/iesmila\/wp-content\/uploads\/usu844\/2022\/05\/1.CURTIDOS-BADIA-300x225.jpg 300w, https:\/\/agora.xtec.cat\/iesmila\/wp-content\/uploads\/usu844\/2022\/05\/1.CURTIDOS-BADIA-768x576.jpg 768w, https:\/\/agora.xtec.cat\/iesmila\/wp-content\/uploads\/usu844\/2022\/05\/1.CURTIDOS-BADIA-200x150.jpg 200w\" sizes=\"auto, (max-width: 1024px) 100vw, 1024px\" \/><\/a> <a href=\"https:\/\/agora.xtec.cat\/iesmila\/wp-content\/uploads\/usu844\/2022\/05\/2.CURTIDOS-BADIA.jpg\"><img loading=\"lazy\" decoding=\"async\" class=\"aligncenter size-full wp-image-5115\" src=\"https:\/\/agora.xtec.cat\/iesmila\/wp-content\/uploads\/usu844\/2022\/05\/2.CURTIDOS-BADIA.jpg\" alt=\"\" width=\"1024\" height=\"768\" srcset=\"https:\/\/agora.xtec.cat\/iesmila\/wp-content\/uploads\/usu844\/2022\/05\/2.CURTIDOS-BADIA.jpg 1024w, https:\/\/agora.xtec.cat\/iesmila\/wp-content\/uploads\/usu844\/2022\/05\/2.CURTIDOS-BADIA-300x225.jpg 300w, https:\/\/agora.xtec.cat\/iesmila\/wp-content\/uploads\/usu844\/2022\/05\/2.CURTIDOS-BADIA-768x576.jpg 768w, https:\/\/agora.xtec.cat\/iesmila\/wp-content\/uploads\/usu844\/2022\/05\/2.CURTIDOS-BADIA-200x150.jpg 200w\" sizes=\"auto, (max-width: 1024px) 100vw, 1024px\" \/><\/a> <a href=\"https:\/\/agora.xtec.cat\/iesmila\/wp-content\/uploads\/usu844\/2022\/05\/CURTIDOS-BADIA.jpg\"><img loading=\"lazy\" decoding=\"async\" class=\"aligncenter size-full wp-image-5116\" src=\"https:\/\/agora.xtec.cat\/iesmila\/wp-content\/uploads\/usu844\/2022\/05\/CURTIDOS-BADIA.jpg\" alt=\"\" width=\"1024\" height=\"768\" srcset=\"https:\/\/agora.xtec.cat\/iesmila\/wp-content\/uploads\/usu844\/2022\/05\/CURTIDOS-BADIA.jpg 1024w, https:\/\/agora.xtec.cat\/iesmila\/wp-content\/uploads\/usu844\/2022\/05\/CURTIDOS-BADIA-300x225.jpg 300w, https:\/\/agora.xtec.cat\/iesmila\/wp-content\/uploads\/usu844\/2022\/05\/CURTIDOS-BADIA-768x576.jpg 768w, https:\/\/agora.xtec.cat\/iesmila\/wp-content\/uploads\/usu844\/2022\/05\/CURTIDOS-BADIA-200x150.jpg 200w\" sizes=\"auto, (max-width: 1024px) 100vw, 1024px\" \/><\/a> <a href=\"https:\/\/agora.xtec.cat\/iesmila\/wp-content\/uploads\/usu844\/2022\/05\/grup-Carles_1.jpg\"><img loading=\"lazy\" decoding=\"async\" class=\"aligncenter size-full wp-image-5117\" src=\"https:\/\/agora.xtec.cat\/iesmila\/wp-content\/uploads\/usu844\/2022\/05\/grup-Carles_1.jpg\" alt=\"\" width=\"2048\" height=\"1536\" srcset=\"https:\/\/agora.xtec.cat\/iesmila\/wp-content\/uploads\/usu844\/2022\/05\/grup-Carles_1.jpg 2048w, https:\/\/agora.xtec.cat\/iesmila\/wp-content\/uploads\/usu844\/2022\/05\/grup-Carles_1-300x225.jpg 300w, https:\/\/agora.xtec.cat\/iesmila\/wp-content\/uploads\/usu844\/2022\/05\/grup-Carles_1-1024x768.jpg 1024w, https:\/\/agora.xtec.cat\/iesmila\/wp-content\/uploads\/usu844\/2022\/05\/grup-Carles_1-768x576.jpg 768w, https:\/\/agora.xtec.cat\/iesmila\/wp-content\/uploads\/usu844\/2022\/05\/grup-Carles_1-1536x1152.jpg 1536w, https:\/\/agora.xtec.cat\/iesmila\/wp-content\/uploads\/usu844\/2022\/05\/grup-Carles_1-200x150.jpg 200w\" sizes=\"auto, (max-width: 2048px) 100vw, 2048px\" \/><\/a> <a href=\"https:\/\/agora.xtec.cat\/iesmila\/wp-content\/uploads\/usu844\/2022\/05\/Presentacio-Adecco.jpg\"><img loading=\"lazy\" decoding=\"async\" class=\"aligncenter size-full wp-image-5118\" src=\"https:\/\/agora.xtec.cat\/iesmila\/wp-content\/uploads\/usu844\/2022\/05\/Presentacio-Adecco.jpg\" alt=\"\" width=\"792\" height=\"447\" srcset=\"https:\/\/agora.xtec.cat\/iesmila\/wp-content\/uploads\/usu844\/2022\/05\/Presentacio-Adecco.jpg 792w, https:\/\/agora.xtec.cat\/iesmila\/wp-content\/uploads\/usu844\/2022\/05\/Presentacio-Adecco-300x169.jpg 300w, https:\/\/agora.xtec.cat\/iesmila\/wp-content\/uploads\/usu844\/2022\/05\/Presentacio-Adecco-768x433.jpg 768w\" sizes=\"auto, (max-width: 792px) 100vw, 792px\" \/><\/a> <a href=\"https:\/\/agora.xtec.cat\/iesmila\/wp-content\/uploads\/usu844\/2022\/05\/grup-carles-3.jpg\"><img loading=\"lazy\" decoding=\"async\" class=\"aligncenter size-full wp-image-5119\" src=\"https:\/\/agora.xtec.cat\/iesmila\/wp-content\/uploads\/usu844\/2022\/05\/grup-carles-3.jpg\" alt=\"\" width=\"2048\" height=\"1536\" srcset=\"https:\/\/agora.xtec.cat\/iesmila\/wp-content\/uploads\/usu844\/2022\/05\/grup-carles-3.jpg 2048w, https:\/\/agora.xtec.cat\/iesmila\/wp-content\/uploads\/usu844\/2022\/05\/grup-carles-3-300x225.jpg 300w, https:\/\/agora.xtec.cat\/iesmila\/wp-content\/uploads\/usu844\/2022\/05\/grup-carles-3-1024x768.jpg 1024w, https:\/\/agora.xtec.cat\/iesmila\/wp-content\/uploads\/usu844\/2022\/05\/grup-carles-3-768x576.jpg 768w, https:\/\/agora.xtec.cat\/iesmila\/wp-content\/uploads\/usu844\/2022\/05\/grup-carles-3-1536x1152.jpg 1536w, https:\/\/agora.xtec.cat\/iesmila\/wp-content\/uploads\/usu844\/2022\/05\/grup-carles-3-200x150.jpg 200w\" sizes=\"auto, (max-width: 2048px) 100vw, 2048px\" \/><\/a> <a href=\"https:\/\/agora.xtec.cat\/iesmila\/wp-content\/uploads\/usu844\/2022\/05\/grup-Carles-2.jpg\"><img loading=\"lazy\" decoding=\"async\" class=\"aligncenter size-full wp-image-5120\" src=\"https:\/\/agora.xtec.cat\/iesmila\/wp-content\/uploads\/usu844\/2022\/05\/grup-Carles-2.jpg\" alt=\"\" width=\"2048\" height=\"1536\" srcset=\"https:\/\/agora.xtec.cat\/iesmila\/wp-content\/uploads\/usu844\/2022\/05\/grup-Carles-2.jpg 2048w, https:\/\/agora.xtec.cat\/iesmila\/wp-content\/uploads\/usu844\/2022\/05\/grup-Carles-2-300x225.jpg 300w, https:\/\/agora.xtec.cat\/iesmila\/wp-content\/uploads\/usu844\/2022\/05\/grup-Carles-2-1024x768.jpg 1024w, https:\/\/agora.xtec.cat\/iesmila\/wp-content\/uploads\/usu844\/2022\/05\/grup-Carles-2-768x576.jpg 768w, https:\/\/agora.xtec.cat\/iesmila\/wp-content\/uploads\/usu844\/2022\/05\/grup-Carles-2-1536x1152.jpg 1536w, https:\/\/agora.xtec.cat\/iesmila\/wp-content\/uploads\/usu844\/2022\/05\/grup-Carles-2-200x150.jpg 200w\" sizes=\"auto, (max-width: 2048px) 100vw, 2048px\" \/><\/a><\/p>\n","protected":false},"excerpt":{"rendered":"<p>Amb l&#8217;objectiu d\u2019acostar-nos al m\u00f3n laboral i veure algunes de les Sortides Professionals del nostre cicle, el grup de Gesti\u00f3 Administrativa de tarda (AG10B) ens hem posat en contacte amb diferents empreses.<br \/>\nEl passat dimecres 9 de mar\u00e7 vam anar a visitar la Gestoria Grup&hellip;  <a href=\"https:\/\/agora.xtec.cat\/iesmila\/portada\/sortides-professionals-ag10-1r-gestio-administrativa-grup-tarda\/\" title=\"Read Sortides Professionals  AG10. 1r. Gesti\u00f3 Administrativa \u2013 Grup tarda\">Llegeix m\u00e9s\u00bb<\/a><\/p>\n","protected":false},"author":1,"featured_media":5115,"comment_status":"closed","ping_status":"closed","sticky":false,"template":"","format":"standard","meta":{"_bbp_topic_count":0,"_bbp_reply_count":0,"_bbp_total_topic_count":0,"_bbp_total_reply_count":0,"_bbp_voice_count":0,"_bbp_anonymous_reply_count":0,"_bbp_topic_count_hidden":0,"_bbp_reply_count_hidden":0,"_bbp_forum_subforum_count":0,"footnotes":""},"categories":[76,29],"tags":[],"class_list":["post-5113","post","type-post","status-publish","format-standard","has-post-thumbnail","hentry","category-ag10-1b","category-portada"],"post_mailing_queue_ids":[],"_links":{"self":[{"href":"https:\/\/agora.xtec.cat\/iesmila\/wp-json\/wp\/v2\/posts\/5113","targetHints":{"allow":["GET"]}}],"collection":[{"href":"https:\/\/agora.xtec.cat\/iesmila\/wp-json\/wp\/v2\/posts"}],"about":[{"href":"https:\/\/agora.xtec.cat\/iesmila\/wp-json\/wp\/v2\/types\/post"}],"author":[{"embeddable":true,"href":"https:\/\/agora.xtec.cat\/iesmila\/wp-json\/wp\/v2\/users\/1"}],"replies":[{"embeddable":true,"href":"https:\/\/agora.xtec.cat\/iesmila\/wp-json\/wp\/v2\/comments?post=5113"}],"version-history":[{"count":1,"href":"https:\/\/agora.xtec.cat\/iesmila\/wp-json\/wp\/v2\/posts\/5113\/revisions"}],"predecessor-version":[{"id":5121,"href":"https:\/\/agora.xtec.cat\/iesmila\/wp-json\/wp\/v2\/posts\/5113\/revisions\/5121"}],"wp:featuredmedia":[{"embeddable":true,"href":"https:\/\/agora.xtec.cat\/iesmila\/wp-json\/wp\/v2\/media\/5115"}],"wp:attachment":[{"href":"https:\/\/agora.xtec.cat\/iesmila\/wp-json\/wp\/v2\/media?parent=5113"}],"wp:term":[{"taxonomy":"category","embeddable":true,"href":"https:\/\/agora.xtec.cat\/iesmila\/wp-json\/wp\/v2\/categories?post=5113"},{"taxonomy":"post_tag","embeddable":true,"href":"https:\/\/agora.xtec.cat\/iesmila\/wp-json\/wp\/v2\/tags?post=5113"}],"curies":[{"name":"wp","href":"https:\/\/api.w.org\/{rel}","templated":true}]}}