{"id":5076,"date":"2022-05-09T19:55:20","date_gmt":"2022-05-09T17:55:20","guid":{"rendered":"https:\/\/agora.xtec.cat\/iesmila\/?p=5076"},"modified":"2022-05-09T19:55:20","modified_gmt":"2022-05-09T17:55:20","slug":"xerrada-a-comerc-internacional-sobre-la-realitat-de-la-logistica-des-de-la-visio-de-sonia-requena-project-manager-warehouse","status":"publish","type":"post","link":"https:\/\/agora.xtec.cat\/iesmila\/portada\/xerrada-a-comerc-internacional-sobre-la-realitat-de-la-logistica-des-de-la-visio-de-sonia-requena-project-manager-warehouse\/","title":{"rendered":"Xerrada a Comer\u00e7 Internacional sobre la realitat de la log\u00edstica des de la visi\u00f3 de Sonia Requena, Project Manager Warehouse."},"content":{"rendered":"<p><span lang=\"CA\">Sonia Requena, professional amb 30 anys d\u2019experi\u00e8ncia en el sector log\u00edstic internacional, va fer una xerrada en la qual apropava als alumnes a la realitat del sector, m\u00e9s enll\u00e0 dels continguts te\u00f2rics. Els alumnes van poder escoltar de primera m\u00e0 com es projecta i s\u2019executa un magatzem i les peculiaritats dels mercats globals. Una exposici\u00f3 que va combinar coneixements te\u00f2rics, pr\u00e0ctics i an\u00e8cdotes professionals, amb l\u2019objectiu de fer descobrir als alumnes un ampli camp professional amb una gran oferta laboral.<\/span><\/p>\n<p><a href=\"https:\/\/agora.xtec.cat\/iesmila\/wp-content\/uploads\/usu844\/2022\/05\/Picsart_22-05-06_09-25-53-784.jpg\"><img loading=\"lazy\" decoding=\"async\" class=\"aligncenter size-full wp-image-5077\" src=\"https:\/\/agora.xtec.cat\/iesmila\/wp-content\/uploads\/usu844\/2022\/05\/Picsart_22-05-06_09-25-53-784.jpg\" alt=\"\" width=\"1024\" height=\"1024\" srcset=\"https:\/\/agora.xtec.cat\/iesmila\/wp-content\/uploads\/usu844\/2022\/05\/Picsart_22-05-06_09-25-53-784.jpg 1024w, https:\/\/agora.xtec.cat\/iesmila\/wp-content\/uploads\/usu844\/2022\/05\/Picsart_22-05-06_09-25-53-784-300x300.jpg 300w, https:\/\/agora.xtec.cat\/iesmila\/wp-content\/uploads\/usu844\/2022\/05\/Picsart_22-05-06_09-25-53-784-150x150.jpg 150w, https:\/\/agora.xtec.cat\/iesmila\/wp-content\/uploads\/usu844\/2022\/05\/Picsart_22-05-06_09-25-53-784-768x768.jpg 768w\" sizes=\"auto, (max-width: 1024px) 100vw, 1024px\" \/><\/a><\/p>\n","protected":false},"excerpt":{"rendered":"<p>Sonia Requena, professional amb 30 anys d\u2019experi\u00e8ncia en el sector log\u00edstic internacional, va fer una xerrada en la qual apropava als alumnes a la realitat del sector, m\u00e9s enll\u00e0 dels continguts te\u00f2rics. Els alumnes van poder escoltar de primera m\u00e0 com es projecta i s\u2019executa un magatzem i les peculiaritats dels mercats globals. Una exposici\u00f3 [&hellip;]<\/p>\n","protected":false},"author":1,"featured_media":5077,"comment_status":"closed","ping_status":"closed","sticky":false,"template":"","format":"standard","meta":{"_bbp_topic_count":0,"_bbp_reply_count":0,"_bbp_total_topic_count":0,"_bbp_total_reply_count":0,"_bbp_voice_count":0,"_bbp_anonymous_reply_count":0,"_bbp_topic_count_hidden":0,"_bbp_reply_count_hidden":0,"_bbp_forum_subforum_count":0,"site-sidebar-layout":"default","site-content-layout":"","ast-site-content-layout":"","site-content-style":"default","site-sidebar-style":"default","ast-global-header-display":"","ast-banner-title-visibility":"","ast-main-header-display":"","ast-hfb-above-header-display":"","ast-hfb-below-header-display":"","ast-hfb-mobile-header-display":"","site-post-title":"","ast-breadcrumbs-content":"","ast-featured-img":"","footer-sml-layout":"","theme-transparent-header-meta":"","adv-header-id-meta":"","stick-header-meta":"","header-above-stick-meta":"","header-main-stick-meta":"","header-below-stick-meta":"","astra-migrate-meta-layouts":"default","ast-page-background-enabled":"default","ast-page-background-meta":{"desktop":{"background-color":"var(--ast-global-color-4)","background-image":"","background-repeat":"repeat","background-position":"center center","background-size":"auto","background-attachment":"scroll","background-type":"","background-media":"","overlay-type":"","overlay-color":"","overlay-opacity":"","overlay-gradient":""},"tablet":{"background-color":"","background-image":"","background-repeat":"repeat","background-position":"center center","background-size":"auto","background-attachment":"scroll","background-type":"","background-media":"","overlay-type":"","overlay-color":"","overlay-opacity":"","overlay-gradient":""},"mobile":{"background-color":"","background-image":"","background-repeat":"repeat","background-position":"center center","background-size":"auto","background-attachment":"scroll","background-type":"","background-media":"","overlay-type":"","overlay-color":"","overlay-opacity":"","overlay-gradient":""}},"ast-content-background-meta":{"desktop":{"background-color":"var(--ast-global-color-5)","background-image":"","background-repeat":"repeat","background-position":"center center","background-size":"auto","background-attachment":"scroll","background-type":"","background-media":"","overlay-type":"","overlay-color":"","overlay-opacity":"","overlay-gradient":""},"tablet":{"background-color":"var(--ast-global-color-5)","background-image":"","background-repeat":"repeat","background-position":"center center","background-size":"auto","background-attachment":"scroll","background-type":"","background-media":"","overlay-type":"","overlay-color":"","overlay-opacity":"","overlay-gradient":""},"mobile":{"background-color":"var(--ast-global-color-5)","background-image":"","background-repeat":"repeat","background-position":"center center","background-size":"auto","background-attachment":"scroll","background-type":"","background-media":"","overlay-type":"","overlay-color":"","overlay-opacity":"","overlay-gradient":""}},"footnotes":""},"categories":[107,29],"tags":[],"class_list":["post-5076","post","type-post","status-publish","format-standard","has-post-thumbnail","hentry","category-cmb0","category-portada"],"post_mailing_queue_ids":[],"_links":{"self":[{"href":"https:\/\/agora.xtec.cat\/iesmila\/wp-json\/wp\/v2\/posts\/5076","targetHints":{"allow":["GET"]}}],"collection":[{"href":"https:\/\/agora.xtec.cat\/iesmila\/wp-json\/wp\/v2\/posts"}],"about":[{"href":"https:\/\/agora.xtec.cat\/iesmila\/wp-json\/wp\/v2\/types\/post"}],"author":[{"embeddable":true,"href":"https:\/\/agora.xtec.cat\/iesmila\/wp-json\/wp\/v2\/users\/1"}],"replies":[{"embeddable":true,"href":"https:\/\/agora.xtec.cat\/iesmila\/wp-json\/wp\/v2\/comments?post=5076"}],"version-history":[{"count":1,"href":"https:\/\/agora.xtec.cat\/iesmila\/wp-json\/wp\/v2\/posts\/5076\/revisions"}],"predecessor-version":[{"id":5078,"href":"https:\/\/agora.xtec.cat\/iesmila\/wp-json\/wp\/v2\/posts\/5076\/revisions\/5078"}],"wp:featuredmedia":[{"embeddable":true,"href":"https:\/\/agora.xtec.cat\/iesmila\/wp-json\/wp\/v2\/media\/5077"}],"wp:attachment":[{"href":"https:\/\/agora.xtec.cat\/iesmila\/wp-json\/wp\/v2\/media?parent=5076"}],"wp:term":[{"taxonomy":"category","embeddable":true,"href":"https:\/\/agora.xtec.cat\/iesmila\/wp-json\/wp\/v2\/categories?post=5076"},{"taxonomy":"post_tag","embeddable":true,"href":"https:\/\/agora.xtec.cat\/iesmila\/wp-json\/wp\/v2\/tags?post=5076"}],"curies":[{"name":"wp","href":"https:\/\/api.w.org\/{rel}","templated":true}]}}