{"id":4660,"date":"2021-11-12T18:57:53","date_gmt":"2021-11-12T17:57:53","guid":{"rendered":"https:\/\/agora.xtec.cat\/iesmila\/?p=4660"},"modified":"2021-11-12T18:57:53","modified_gmt":"2021-11-12T17:57:53","slug":"activitats-comercials-amb-el-programa-escola-i-empresa","status":"publish","type":"post","link":"https:\/\/agora.xtec.cat\/iesmila\/portada\/activitats-comercials-amb-el-programa-escola-i-empresa\/","title":{"rendered":"ACTIVITATS COMERCIALS AMB EL PROGRAMA ESCOLA I EMPRESA"},"content":{"rendered":"<p>Els alumnes de 2on d&#8217;Activitats Comercials han tingut la sort de compartir una estona amb en Guifr\u00e9 Homedes que els ha explicat el dia a dia d&#8217;una empresa i les habilitats que cal tenir com a persona emprenedora.<br \/>\nTamb\u00e9 ha compartit la seva pr\u00f2pia experi\u00e8ncia al capdavant d&#8217;una empresa familiar amb molt recorregut.<br \/>\nMoltes gr\u00e0cies Guifr\u00e9!<\/p>\n<p><a href=\"https:\/\/agora.xtec.cat\/iesmila\/wp-content\/uploads\/usu844\/2021\/11\/PicsArt_11-10-09.55.40.jpg\"><img loading=\"lazy\" decoding=\"async\" class=\"aligncenter size-full wp-image-4661\" src=\"https:\/\/agora.xtec.cat\/iesmila\/wp-content\/uploads\/usu844\/2021\/11\/PicsArt_11-10-09.55.40.jpg\" alt=\"\" width=\"866\" height=\"866\" srcset=\"https:\/\/agora.xtec.cat\/iesmila\/wp-content\/uploads\/usu844\/2021\/11\/PicsArt_11-10-09.55.40.jpg 866w, https:\/\/agora.xtec.cat\/iesmila\/wp-content\/uploads\/usu844\/2021\/11\/PicsArt_11-10-09.55.40-300x300.jpg 300w, https:\/\/agora.xtec.cat\/iesmila\/wp-content\/uploads\/usu844\/2021\/11\/PicsArt_11-10-09.55.40-150x150.jpg 150w, https:\/\/agora.xtec.cat\/iesmila\/wp-content\/uploads\/usu844\/2021\/11\/PicsArt_11-10-09.55.40-768x768.jpg 768w\" sizes=\"auto, (max-width: 866px) 100vw, 866px\" \/><\/a><\/p>\n","protected":false},"excerpt":{"rendered":"<p>Els alumnes de 2on d&#8217;Activitats Comercials han tingut la sort de compartir una estona amb en Guifr\u00e9 Homedes que els ha explicat el dia a dia d&#8217;una empresa i les habilitats que cal tenir com a persona emprenedora.<br \/>\nTamb\u00e9 ha compartit la seva pr\u00f2pia experi\u00e8ncia al&hellip;  <a href=\"https:\/\/agora.xtec.cat\/iesmila\/portada\/activitats-comercials-amb-el-programa-escola-i-empresa\/\" title=\"Read ACTIVITATS COMERCIALS AMB EL PROGRAMA ESCOLA I EMPRESA\">Llegeix m\u00e9s\u00bb<\/a><\/p>\n","protected":false},"author":1,"featured_media":4661,"comment_status":"closed","ping_status":"closed","sticky":false,"template":"","format":"standard","meta":{"_bbp_topic_count":0,"_bbp_reply_count":0,"_bbp_total_topic_count":0,"_bbp_total_reply_count":0,"_bbp_voice_count":0,"_bbp_anonymous_reply_count":0,"_bbp_topic_count_hidden":0,"_bbp_reply_count_hidden":0,"_bbp_forum_subforum_count":0,"footnotes":""},"categories":[63,29],"tags":[],"class_list":["post-4660","post","type-post","status-publish","format-standard","has-post-thumbnail","hentry","category-cm10","category-portada"],"post_mailing_queue_ids":[],"_links":{"self":[{"href":"https:\/\/agora.xtec.cat\/iesmila\/wp-json\/wp\/v2\/posts\/4660","targetHints":{"allow":["GET"]}}],"collection":[{"href":"https:\/\/agora.xtec.cat\/iesmila\/wp-json\/wp\/v2\/posts"}],"about":[{"href":"https:\/\/agora.xtec.cat\/iesmila\/wp-json\/wp\/v2\/types\/post"}],"author":[{"embeddable":true,"href":"https:\/\/agora.xtec.cat\/iesmila\/wp-json\/wp\/v2\/users\/1"}],"replies":[{"embeddable":true,"href":"https:\/\/agora.xtec.cat\/iesmila\/wp-json\/wp\/v2\/comments?post=4660"}],"version-history":[{"count":1,"href":"https:\/\/agora.xtec.cat\/iesmila\/wp-json\/wp\/v2\/posts\/4660\/revisions"}],"predecessor-version":[{"id":4662,"href":"https:\/\/agora.xtec.cat\/iesmila\/wp-json\/wp\/v2\/posts\/4660\/revisions\/4662"}],"wp:featuredmedia":[{"embeddable":true,"href":"https:\/\/agora.xtec.cat\/iesmila\/wp-json\/wp\/v2\/media\/4661"}],"wp:attachment":[{"href":"https:\/\/agora.xtec.cat\/iesmila\/wp-json\/wp\/v2\/media?parent=4660"}],"wp:term":[{"taxonomy":"category","embeddable":true,"href":"https:\/\/agora.xtec.cat\/iesmila\/wp-json\/wp\/v2\/categories?post=4660"},{"taxonomy":"post_tag","embeddable":true,"href":"https:\/\/agora.xtec.cat\/iesmila\/wp-json\/wp\/v2\/tags?post=4660"}],"curies":[{"name":"wp","href":"https:\/\/api.w.org\/{rel}","templated":true}]}}