{"id":4153,"date":"2021-03-08T18:00:50","date_gmt":"2021-03-08T17:00:50","guid":{"rendered":"http:\/\/agora.xtec.cat\/iesmila\/?p=4153"},"modified":"2021-03-08T18:00:50","modified_gmt":"2021-03-08T17:00:50","slug":"integracio-social-reivindica-el-8m","status":"publish","type":"post","link":"https:\/\/agora.xtec.cat\/iesmila\/portada\/integracio-social-reivindica-el-8m\/","title":{"rendered":"Integraci\u00f3 Social reivindica el 8M"},"content":{"rendered":"<p>&#8220;Integraci\u00f3 Social reivindica el 8M posant lla\u00e7os i cartells en diferents espais del Mil\u00e0. La lluita continua, m\u00e9s que mai. La Covid ens deixa m\u00e9s bretxa i m\u00e9s desigualtat. Lluitem contra la viol\u00e8ncia cap a les dones i defensem l&#8217;expressi\u00f3 i el dret de manifestaci\u00f3.&#8221;<\/p>\n<p><a href=\"https:\/\/agora.xtec.cat\/iesmila\/wp-content\/uploads\/usu844\/2021\/03\/20210308_153816.jpg\"><img loading=\"lazy\" decoding=\"async\" class=\"alignnone size-full wp-image-4154\" src=\"https:\/\/agora.xtec.cat\/iesmila\/wp-content\/uploads\/usu844\/2021\/03\/20210308_153816.jpg\" alt=\"\" width=\"3252\" height=\"2657\" srcset=\"https:\/\/agora.xtec.cat\/iesmila\/wp-content\/uploads\/usu844\/2021\/03\/20210308_153816.jpg 3252w, https:\/\/agora.xtec.cat\/iesmila\/wp-content\/uploads\/usu844\/2021\/03\/20210308_153816-300x245.jpg 300w, https:\/\/agora.xtec.cat\/iesmila\/wp-content\/uploads\/usu844\/2021\/03\/20210308_153816-768x627.jpg 768w, https:\/\/agora.xtec.cat\/iesmila\/wp-content\/uploads\/usu844\/2021\/03\/20210308_153816-1024x837.jpg 1024w\" sizes=\"auto, (max-width: 3252px) 100vw, 3252px\" \/><\/a> <a href=\"https:\/\/agora.xtec.cat\/iesmila\/wp-content\/uploads\/usu844\/2021\/03\/20210308_153523.jpg\"><img loading=\"lazy\" decoding=\"async\" class=\"alignnone size-full wp-image-4155\" src=\"https:\/\/agora.xtec.cat\/iesmila\/wp-content\/uploads\/usu844\/2021\/03\/20210308_153523.jpg\" alt=\"\" width=\"1918\" height=\"1399\" srcset=\"https:\/\/agora.xtec.cat\/iesmila\/wp-content\/uploads\/usu844\/2021\/03\/20210308_153523.jpg 1918w, https:\/\/agora.xtec.cat\/iesmila\/wp-content\/uploads\/usu844\/2021\/03\/20210308_153523-300x219.jpg 300w, https:\/\/agora.xtec.cat\/iesmila\/wp-content\/uploads\/usu844\/2021\/03\/20210308_153523-768x560.jpg 768w, https:\/\/agora.xtec.cat\/iesmila\/wp-content\/uploads\/usu844\/2021\/03\/20210308_153523-1024x747.jpg 1024w\" sizes=\"auto, (max-width: 1918px) 100vw, 1918px\" \/><\/a><\/p>\n","protected":false},"excerpt":{"rendered":"<p>&#8220;Integraci\u00f3 Social reivindica el 8M posant lla\u00e7os i cartells en diferents espais del Mil\u00e0. La lluita continua, m\u00e9s que mai. La Covid ens deixa m\u00e9s bretxa i m\u00e9s desigualtat. Lluitem contra la viol\u00e8ncia cap a les dones i defensem l&#8217;expressi\u00f3 i el dret de manifestaci\u00f3.&#8221;<br \/>\n<a&hellip;  <a href=\"https:\/\/agora.xtec.cat\/iesmila\/portada\/integracio-social-reivindica-el-8m\/\" title=\"Read Integraci\u00f3 Social reivindica el 8M\">Llegeix m\u00e9s\u00bb<\/a><\/p>\n","protected":false},"author":1,"featured_media":4155,"comment_status":"closed","ping_status":"closed","sticky":false,"template":"","format":"standard","meta":{"_bbp_topic_count":0,"_bbp_reply_count":0,"_bbp_total_topic_count":0,"_bbp_total_reply_count":0,"_bbp_voice_count":0,"_bbp_anonymous_reply_count":0,"_bbp_topic_count_hidden":0,"_bbp_reply_count_hidden":0,"_bbp_forum_subforum_count":0,"footnotes":""},"categories":[114,29],"tags":[],"class_list":["post-4153","post","type-post","status-publish","format-standard","has-post-thumbnail","hentry","category-scc0","category-portada"],"post_mailing_queue_ids":[],"_links":{"self":[{"href":"https:\/\/agora.xtec.cat\/iesmila\/wp-json\/wp\/v2\/posts\/4153","targetHints":{"allow":["GET"]}}],"collection":[{"href":"https:\/\/agora.xtec.cat\/iesmila\/wp-json\/wp\/v2\/posts"}],"about":[{"href":"https:\/\/agora.xtec.cat\/iesmila\/wp-json\/wp\/v2\/types\/post"}],"author":[{"embeddable":true,"href":"https:\/\/agora.xtec.cat\/iesmila\/wp-json\/wp\/v2\/users\/1"}],"replies":[{"embeddable":true,"href":"https:\/\/agora.xtec.cat\/iesmila\/wp-json\/wp\/v2\/comments?post=4153"}],"version-history":[{"count":1,"href":"https:\/\/agora.xtec.cat\/iesmila\/wp-json\/wp\/v2\/posts\/4153\/revisions"}],"predecessor-version":[{"id":4156,"href":"https:\/\/agora.xtec.cat\/iesmila\/wp-json\/wp\/v2\/posts\/4153\/revisions\/4156"}],"wp:featuredmedia":[{"embeddable":true,"href":"https:\/\/agora.xtec.cat\/iesmila\/wp-json\/wp\/v2\/media\/4155"}],"wp:attachment":[{"href":"https:\/\/agora.xtec.cat\/iesmila\/wp-json\/wp\/v2\/media?parent=4153"}],"wp:term":[{"taxonomy":"category","embeddable":true,"href":"https:\/\/agora.xtec.cat\/iesmila\/wp-json\/wp\/v2\/categories?post=4153"},{"taxonomy":"post_tag","embeddable":true,"href":"https:\/\/agora.xtec.cat\/iesmila\/wp-json\/wp\/v2\/tags?post=4153"}],"curies":[{"name":"wp","href":"https:\/\/api.w.org\/{rel}","templated":true}]}}