{"id":3133,"date":"2020-02-27T16:59:05","date_gmt":"2020-02-27T15:59:05","guid":{"rendered":"http:\/\/agora.xtec.cat\/iesmila\/?p=3133"},"modified":"2020-02-27T16:59:05","modified_gmt":"2020-02-27T15:59:05","slug":"lempresa-igualadina-practics-es-presenta-a-lalumnat-dinformatica","status":"publish","type":"post","link":"https:\/\/agora.xtec.cat\/iesmila\/portada\/lempresa-igualadina-practics-es-presenta-a-lalumnat-dinformatica\/","title":{"rendered":"L\u2019empresa igualadina Practics es presenta a l\u2019alumnat d\u2019Inform\u00e0tica"},"content":{"rendered":"<p>El dimecres, 26 de febrer, l\u2019alumnat de 2n curs de Sistemes microinform\u00e0tics i xarxes i dels cicles formatius superiors Desenvolupament d\u2019aplicacions multiplataforma i Desenvolupament d\u2019aplicacions web, hem tingut l\u2019oportunitat de con\u00e8ixer l\u2019empresa igualadina <a href=\"https:\/\/www.practicsbs.com\">Practics Bussiness Solutions, S.L.<\/a> dedicada a la implantaci\u00f3 de sistemes inform\u00e0tics de gesti\u00f3 per a empreses.<\/p>\n<p>Per aconseguir-ho, ens han visitat el CEO de l\u2019empresa, en Jaume Balcells i un dels seus treballadors, en Jordi Casals, titulat fa 3 anys en Desenvolupament d\u2019aplicacions multiplataforma en el Mil\u00e0.<\/p>\n<p>En Jaume ha mostrat les solucions inform\u00e0tiques que Practics facilita als seus clients, detallant alguns casos d\u2019\u00e8xit, aix\u00ed com les eines i metodologia que utilitzen per aconseguir-ho i l\u2019organitzaci\u00f3 de l\u2019empresa que consta amb varis treballadors titulats al Mil\u00e0. Per la seva banda, en Jordi ha explicat com ha estat la seva evoluci\u00f3 dins l\u2019empresa, en la que va comen\u00e7ar fent-hi la FCT. Especialment interessant ha estat els consells que en Jordi ens ha donat davant la dificultat dels nostres estudis; concretament ens ha comentat que no assolir la titulaci\u00f3 en 2 anys no \u00e9s cap frac\u00e0s i que, fins i tot, pot ser aconsellable per enfortir la gran quantitat de coneixements que el nostre sector demanda.<\/p>\n<p>Aquesta acci\u00f3 \u00e9s la primera d\u2019aquest curs acad\u00e8mic d\u2019un cicle de presentacions d\u2019empreses TIC que ha organitzat el departament d\u2019Inform\u00e0tica i comunicacions del Mil\u00e0 en col\u00b7laboraci\u00f3 amb\u00a0 <a href=\"https:\/\/www.ticanoia.cat\">TICAnoia<\/a>, associaci\u00f3 per l\u2019impuls de l\u2019Ecosistema TIC de l\u2019Anoia, amb l\u2019objectiu d\u2019apropar el sector TIC a l\u2019alumnat.<\/p>\n<p><a href=\"https:\/\/agora.xtec.cat\/iesmila\/wp-content\/uploads\/usu844\/2020\/02\/NotaWeb_IC_200226.jpg\"><img loading=\"lazy\" decoding=\"async\" class=\"alignnone size-large wp-image-3134\" src=\"https:\/\/agora.xtec.cat\/iesmila\/wp-content\/uploads\/usu844\/2020\/02\/NotaWeb_IC_200226-1024x768.jpg\" alt=\"\" width=\"1024\" height=\"768\" srcset=\"https:\/\/agora.xtec.cat\/iesmila\/wp-content\/uploads\/usu844\/2020\/02\/NotaWeb_IC_200226.jpg 1024w, https:\/\/agora.xtec.cat\/iesmila\/wp-content\/uploads\/usu844\/2020\/02\/NotaWeb_IC_200226-300x225.jpg 300w, https:\/\/agora.xtec.cat\/iesmila\/wp-content\/uploads\/usu844\/2020\/02\/NotaWeb_IC_200226-768x576.jpg 768w, https:\/\/agora.xtec.cat\/iesmila\/wp-content\/uploads\/usu844\/2020\/02\/NotaWeb_IC_200226-200x150.jpg 200w\" sizes=\"auto, (max-width: 1024px) 100vw, 1024px\" \/><\/a><\/p>\n","protected":false},"excerpt":{"rendered":"<p>El dimecres, 26 de febrer, l\u2019alumnat de 2n curs de Sistemes microinform\u00e0tics i xarxes i dels cicles formatius superiors Desenvolupament d\u2019aplicacions multiplataforma i Desenvolupament d\u2019aplicacions web, hem tingut l\u2019oportunitat de con\u00e8ixer l\u2019empresa igualadina <a href=\"https:\/\/www.practicsbs.com\">Practics Bussiness Solutions, S.L.<\/a> dedicada a la implantaci\u00f3 de sistemes inform\u00e0tics&hellip;  <a href=\"https:\/\/agora.xtec.cat\/iesmila\/portada\/lempresa-igualadina-practics-es-presenta-a-lalumnat-dinformatica\/\" title=\"Read L\u2019empresa igualadina Practics es presenta a l\u2019alumnat d\u2019Inform\u00e0tica\">Llegeix m\u00e9s\u00bb<\/a><\/p>\n","protected":false},"author":1,"featured_media":3134,"comment_status":"closed","ping_status":"closed","sticky":false,"template":"","format":"standard","meta":{"_bbp_topic_count":0,"_bbp_reply_count":0,"_bbp_total_topic_count":0,"_bbp_total_reply_count":0,"_bbp_voice_count":0,"_bbp_anonymous_reply_count":0,"_bbp_topic_count_hidden":0,"_bbp_reply_count_hidden":0,"_bbp_forum_subforum_count":0,"footnotes":""},"categories":[84,29],"tags":[],"class_list":["post-3133","post","type-post","status-publish","format-standard","has-post-thumbnail","hentry","category-ic10-2a","category-portada"],"post_mailing_queue_ids":[],"_links":{"self":[{"href":"https:\/\/agora.xtec.cat\/iesmila\/wp-json\/wp\/v2\/posts\/3133","targetHints":{"allow":["GET"]}}],"collection":[{"href":"https:\/\/agora.xtec.cat\/iesmila\/wp-json\/wp\/v2\/posts"}],"about":[{"href":"https:\/\/agora.xtec.cat\/iesmila\/wp-json\/wp\/v2\/types\/post"}],"author":[{"embeddable":true,"href":"https:\/\/agora.xtec.cat\/iesmila\/wp-json\/wp\/v2\/users\/1"}],"replies":[{"embeddable":true,"href":"https:\/\/agora.xtec.cat\/iesmila\/wp-json\/wp\/v2\/comments?post=3133"}],"version-history":[{"count":1,"href":"https:\/\/agora.xtec.cat\/iesmila\/wp-json\/wp\/v2\/posts\/3133\/revisions"}],"predecessor-version":[{"id":3135,"href":"https:\/\/agora.xtec.cat\/iesmila\/wp-json\/wp\/v2\/posts\/3133\/revisions\/3135"}],"wp:featuredmedia":[{"embeddable":true,"href":"https:\/\/agora.xtec.cat\/iesmila\/wp-json\/wp\/v2\/media\/3134"}],"wp:attachment":[{"href":"https:\/\/agora.xtec.cat\/iesmila\/wp-json\/wp\/v2\/media?parent=3133"}],"wp:term":[{"taxonomy":"category","embeddable":true,"href":"https:\/\/agora.xtec.cat\/iesmila\/wp-json\/wp\/v2\/categories?post=3133"},{"taxonomy":"post_tag","embeddable":true,"href":"https:\/\/agora.xtec.cat\/iesmila\/wp-json\/wp\/v2\/tags?post=3133"}],"curies":[{"name":"wp","href":"https:\/\/api.w.org\/{rel}","templated":true}]}}