{"id":2207,"date":"2019-01-10T18:42:40","date_gmt":"2019-01-10T17:42:40","guid":{"rendered":"http:\/\/agora.xtec.cat\/iesmila\/?p=2207"},"modified":"2019-01-10T18:42:40","modified_gmt":"2019-01-10T17:42:40","slug":"sortida-al-prat-de-llobregat-dels-alumnes-de-2n-gestio-administrativa","status":"publish","type":"post","link":"https:\/\/agora.xtec.cat\/iesmila\/portada\/sortida-al-prat-de-llobregat-dels-alumnes-de-2n-gestio-administrativa\/","title":{"rendered":"Sortida al Prat de Llobregat dels alumnes de 2n. Gesti\u00f3 Administrativa"},"content":{"rendered":"<p>El passat dimarts, 18 de desembre els estudiants del Cicle Formatiu de Grau Mitj\u00e0 en Gesti\u00f3 Administrativa, van visitar la F\u00e0brica d&#8217;Estrella Damm. En aquesta visita van veure quin \u00e9s\u00a0 el proc\u00e9s d&#8217;elaboraci\u00f3 de la cervesa, i tamb\u00e9 van poder observar el funcionament de la planta d&#8217;envasament de les llaunes, aix\u00ed com la paletitzaci\u00f3, embalatge i etiquetatge del producte per poder-lo traslladar-lo al magatzem distribu\u00efdor.<\/p>\n<p><a href=\"https:\/\/agora.xtec.cat\/iesmila\/wp-content\/uploads\/usu844\/2019\/01\/20181218_120046.jpg\"><img loading=\"lazy\" decoding=\"async\" class=\"alignnone size-large wp-image-2208\" src=\"https:\/\/agora.xtec.cat\/iesmila\/wp-content\/uploads\/usu844\/2019\/01\/20181218_120046-1024x576.jpg\" alt=\"\" width=\"1024\" height=\"576\" srcset=\"https:\/\/agora.xtec.cat\/iesmila\/wp-content\/uploads\/usu844\/2019\/01\/20181218_120046-1024x576.jpg 1024w, https:\/\/agora.xtec.cat\/iesmila\/wp-content\/uploads\/usu844\/2019\/01\/20181218_120046-300x169.jpg 300w, https:\/\/agora.xtec.cat\/iesmila\/wp-content\/uploads\/usu844\/2019\/01\/20181218_120046-768x432.jpg 768w, https:\/\/agora.xtec.cat\/iesmila\/wp-content\/uploads\/usu844\/2019\/01\/20181218_120046.jpg 1152w\" sizes=\"auto, (max-width: 1024px) 100vw, 1024px\" \/><\/a><\/p>\n<figure class=\"figure wp-caption alignnone\"><a href=\"https:\/\/agora.xtec.cat\/iesmila\/wp-content\/uploads\/usu844\/2019\/01\/IMG_20181218_100234.jpg\"><img loading=\"lazy\" decoding=\"async\" class=\"size-large wp-image-2209\" src=\"https:\/\/agora.xtec.cat\/iesmila\/wp-content\/uploads\/usu844\/2019\/01\/IMG_20181218_100234-768x1024.jpg\" alt=\"\" width=\"768\" height=\"1024\" srcset=\"https:\/\/agora.xtec.cat\/iesmila\/wp-content\/uploads\/usu844\/2019\/01\/IMG_20181218_100234-768x1024.jpg 768w, https:\/\/agora.xtec.cat\/iesmila\/wp-content\/uploads\/usu844\/2019\/01\/IMG_20181218_100234-225x300.jpg 225w, https:\/\/agora.xtec.cat\/iesmila\/wp-content\/uploads\/usu844\/2019\/01\/IMG_20181218_100234.jpg 864w\" sizes=\"auto, (max-width: 768px) 100vw, 768px\" \/><\/a><figcaption class=\"wp-caption-text\">dav<\/figcaption><\/figure>\n<figure class=\"figure wp-caption alignnone\"><a href=\"https:\/\/agora.xtec.cat\/iesmila\/wp-content\/uploads\/usu844\/2019\/01\/IMG_20181218_104431.jpg\"><img loading=\"lazy\" decoding=\"async\" class=\"size-large wp-image-2210\" src=\"https:\/\/agora.xtec.cat\/iesmila\/wp-content\/uploads\/usu844\/2019\/01\/IMG_20181218_104431-1024x768.jpg\" alt=\"\" width=\"1024\" height=\"768\" srcset=\"https:\/\/agora.xtec.cat\/iesmila\/wp-content\/uploads\/usu844\/2019\/01\/IMG_20181218_104431-1024x768.jpg 1024w, https:\/\/agora.xtec.cat\/iesmila\/wp-content\/uploads\/usu844\/2019\/01\/IMG_20181218_104431-300x225.jpg 300w, https:\/\/agora.xtec.cat\/iesmila\/wp-content\/uploads\/usu844\/2019\/01\/IMG_20181218_104431-768x576.jpg 768w, https:\/\/agora.xtec.cat\/iesmila\/wp-content\/uploads\/usu844\/2019\/01\/IMG_20181218_104431-200x150.jpg 200w, https:\/\/agora.xtec.cat\/iesmila\/wp-content\/uploads\/usu844\/2019\/01\/IMG_20181218_104431.jpg 1152w\" sizes=\"auto, (max-width: 1024px) 100vw, 1024px\" \/><\/a><figcaption class=\"wp-caption-text\">dav<\/figcaption><\/figure>\n<p><a href=\"https:\/\/agora.xtec.cat\/iesmila\/wp-content\/uploads\/usu844\/2019\/01\/IMG_20181218_120440.jpg\"><img loading=\"lazy\" decoding=\"async\" class=\"alignnone size-large wp-image-2211\" src=\"https:\/\/agora.xtec.cat\/iesmila\/wp-content\/uploads\/usu844\/2019\/01\/IMG_20181218_120440-1024x768.jpg\" alt=\"\" width=\"1024\" height=\"768\" srcset=\"https:\/\/agora.xtec.cat\/iesmila\/wp-content\/uploads\/usu844\/2019\/01\/IMG_20181218_120440.jpg 1024w, https:\/\/agora.xtec.cat\/iesmila\/wp-content\/uploads\/usu844\/2019\/01\/IMG_20181218_120440-300x225.jpg 300w, https:\/\/agora.xtec.cat\/iesmila\/wp-content\/uploads\/usu844\/2019\/01\/IMG_20181218_120440-768x576.jpg 768w, https:\/\/agora.xtec.cat\/iesmila\/wp-content\/uploads\/usu844\/2019\/01\/IMG_20181218_120440-200x150.jpg 200w\" sizes=\"auto, (max-width: 1024px) 100vw, 1024px\" \/><\/a><\/p>\n","protected":false},"excerpt":{"rendered":"<p>El passat dimarts, 18 de desembre els estudiants del Cicle Formatiu de Grau Mitj\u00e0 en Gesti\u00f3 Administrativa, van visitar la F\u00e0brica d&#8217;Estrella Damm. En aquesta visita van veure quin \u00e9s\u00a0 el proc\u00e9s d&#8217;elaboraci\u00f3 de la cervesa, i tamb\u00e9 van poder observar el funcionament de la&hellip;  <a href=\"https:\/\/agora.xtec.cat\/iesmila\/portada\/sortida-al-prat-de-llobregat-dels-alumnes-de-2n-gestio-administrativa\/\" title=\"Read Sortida al Prat de Llobregat dels alumnes de 2n. Gesti\u00f3 Administrativa\">Llegeix m\u00e9s\u00bb<\/a><\/p>\n","protected":false},"author":1,"featured_media":2208,"comment_status":"closed","ping_status":"closed","sticky":false,"template":"","format":"standard","meta":{"_bbp_topic_count":0,"_bbp_reply_count":0,"_bbp_total_topic_count":0,"_bbp_total_reply_count":0,"_bbp_voice_count":0,"_bbp_anonymous_reply_count":0,"_bbp_topic_count_hidden":0,"_bbp_reply_count_hidden":0,"_bbp_forum_subforum_count":0,"footnotes":""},"categories":[69,29],"tags":[],"class_list":["post-2207","post","type-post","status-publish","format-standard","has-post-thumbnail","hentry","category-ag10","category-portada"],"post_mailing_queue_ids":[],"_links":{"self":[{"href":"https:\/\/agora.xtec.cat\/iesmila\/wp-json\/wp\/v2\/posts\/2207","targetHints":{"allow":["GET"]}}],"collection":[{"href":"https:\/\/agora.xtec.cat\/iesmila\/wp-json\/wp\/v2\/posts"}],"about":[{"href":"https:\/\/agora.xtec.cat\/iesmila\/wp-json\/wp\/v2\/types\/post"}],"author":[{"embeddable":true,"href":"https:\/\/agora.xtec.cat\/iesmila\/wp-json\/wp\/v2\/users\/1"}],"replies":[{"embeddable":true,"href":"https:\/\/agora.xtec.cat\/iesmila\/wp-json\/wp\/v2\/comments?post=2207"}],"version-history":[{"count":1,"href":"https:\/\/agora.xtec.cat\/iesmila\/wp-json\/wp\/v2\/posts\/2207\/revisions"}],"predecessor-version":[{"id":2212,"href":"https:\/\/agora.xtec.cat\/iesmila\/wp-json\/wp\/v2\/posts\/2207\/revisions\/2212"}],"wp:featuredmedia":[{"embeddable":true,"href":"https:\/\/agora.xtec.cat\/iesmila\/wp-json\/wp\/v2\/media\/2208"}],"wp:attachment":[{"href":"https:\/\/agora.xtec.cat\/iesmila\/wp-json\/wp\/v2\/media?parent=2207"}],"wp:term":[{"taxonomy":"category","embeddable":true,"href":"https:\/\/agora.xtec.cat\/iesmila\/wp-json\/wp\/v2\/categories?post=2207"},{"taxonomy":"post_tag","embeddable":true,"href":"https:\/\/agora.xtec.cat\/iesmila\/wp-json\/wp\/v2\/tags?post=2207"}],"curies":[{"name":"wp","href":"https:\/\/api.w.org\/{rel}","templated":true}]}}