{"id":69,"count":10,"description":"<table class=\" alignleft\" style=\"border-color: #ffffff;\" border=\"0\" cellspacing=\"0\" cellpadding=\"0\">\r\n<tbody>\r\n<tr>\r\n<td>\r\n<h4><strong>CFGM AG10 Gesti\u00f3 administrativa (LOE)<\/strong><\/h4>\r\nDurada: 2.000 hores (2 cursos acad\u00e8mics)\r\nFormaci\u00f3 en el centre de treball: 515 hores.\r\n<h5><strong>Compet\u00e8ncies professionals<\/strong><\/h5>\r\n<span style=\"color: #000000;\">La compet\u00e8ncia general d'aquest t\u00edtol consisteix a activitats de suport administratiu en l'\u00e0mbit laboral, comptable, comercial, financer i fiscal, aix\u00ed com d'atenci\u00f3 al client\/usuari, tant en empreses p\u00fabliques com en empreses privades, aplicant la normativa vigent i protocols de qualitat, assegurant la satisfacci\u00f3 del client i actuant segons les normes de prevenci\u00f3 de riscos laborals i de protecci\u00f3 ambiental.<\/span>\r\n\r\nHorari: Un grup de mat\u00ed i un grup de tarda\r\n\r\n<strong>Requisits de material i sortides:<\/strong>\r\n<ul>\r\n \t<li>Alumnes de primer i segon:\r\nOrdinador port\u00e0til amb processador i5 o equivalent a poder ser\r\namb l\u2019office.<\/li>\r\n \t<li>Alumnes de primer curs:\r\nVisites acad\u00e8miques a empreses 25 \u20ac.<\/li>\r\n \t<li>Alumnes de segon curs:\r\nVisites acad\u00e8miques a empreses 50 \u20ac.<\/li>\r\n<\/ul>\r\nPer a m\u00e9s informaci\u00f3 del cicle formatiu, cliqueu aqu\u00ed <a href=\"https:\/\/agora.xtec.cat\/iesmila\/wp-content\/uploads\/usu844\/2025\/04\/AG10-curs-25-26-1.pdf\">AG10 curs 25-26<\/a><\/td>\r\n<td width=\"300\"><a href=\"http:\/\/agora.xtec.cat\/iesmila\/wp-content\/uploads\/usu844\/2016\/02\/AG10.jpg\"><img class=\"alignnone wp-image-522 size-medium\" src=\"http:\/\/agora.xtec.cat\/iesmila\/wp-content\/uploads\/usu844\/2016\/02\/AG10-300x225.jpg\" alt=\"\" width=\"300\" height=\"225\" \/><\/a>\u200b<\/td>\r\n<\/tr>\r\n<\/tbody>\r\n<\/table>\r\n<iframe title=\"Mila i Fontanals - Administraci\u00f3 i gesti\u00f3\" src=\"https:\/\/www.youtube.com\/embed\/JCnfqzFBhWU\" width=\"1043\" height=\"587\" frameborder=\"0\" allowfullscreen=\"allowfullscreen\"><\/iframe>","link":"https:\/\/agora.xtec.cat\/iesmila\/categoria\/cfgm\/ag10\/","name":"Gesti\u00f3 administrativa","slug":"ag10","taxonomy":"category","parent":3,"meta":[],"_links":{"self":[{"href":"https:\/\/agora.xtec.cat\/iesmila\/wp-json\/wp\/v2\/categories\/69","targetHints":{"allow":["GET"]}}],"collection":[{"href":"https:\/\/agora.xtec.cat\/iesmila\/wp-json\/wp\/v2\/categories"}],"about":[{"href":"https:\/\/agora.xtec.cat\/iesmila\/wp-json\/wp\/v2\/taxonomies\/category"}],"up":[{"embeddable":true,"href":"https:\/\/agora.xtec.cat\/iesmila\/wp-json\/wp\/v2\/categories\/3"}],"wp:post_type":[{"href":"https:\/\/agora.xtec.cat\/iesmila\/wp-json\/wp\/v2\/posts?categories=69"}],"curies":[{"name":"wp","href":"https:\/\/api.w.org\/{rel}","templated":true}]}}