{"id":114,"count":43,"description":"<table class=\" alignleft\" style=\"border-color: #ffffff;\" border=\"0\" cellspacing=\"0\" cellpadding=\"0\">\r\n<tbody>\r\n<tr>\r\n<td>\r\n<h4><strong>CFGS SCC0 Integraci\u00f3 social\u00a0<\/strong><\/h4>\r\nDurada: 2.000 hores (2 cursos acad\u00e8mics)\r\nFormaci\u00f3 en el centre de treball: 515 hores.\r\n<h5><strong>Compet\u00e8ncies professionals<\/strong><\/h5>\r\n<span style=\"color: #000000;\">Programar, organitzar, implementar i avaluar les intervencions d\u2019integraci\u00f3social aplicant estrat\u00e8gies i t\u00e8cniques espec\u00edfiques, promovent la igualtat d\u2019oportunitats, actuant en tot moment amb una actitud de respecte cap a les persones destinat\u00e0ries i garantint la creaci\u00f3 d\u2019entorns segurs tant per a les persones destinat\u00e0ries com per al professional.<\/span>\r\n\r\nHorari de tarda.\r\n\r\nPer a m\u00e9s informaci\u00f3 del cicle formatiu, cliqueu aqu\u00ed<a href=\"https:\/\/agora.xtec.cat\/iesmila\/wp-content\/uploads\/usu844\/2025\/04\/SCC0.pdf\" target=\"_blank\" rel=\"noopener noreferrer\"><img class=\"alignnone wp-image-7756 size-large\" src=\"https:\/\/agora.xtec.cat\/iesmila\/wp-content\/uploads\/usu844\/2025\/04\/SCC0-pdf-1024x768.jpg\" alt=\"\" width=\"1024\" height=\"768\" \/><\/a><\/td>\r\n<td width=\"300\"><a href=\"http:\/\/agora.xtec.cat\/iesmila\/wp-content\/uploads\/usu844\/2016\/02\/SCC0.jpg\"><img class=\"alignnone wp-image-542 size-medium\" src=\"http:\/\/agora.xtec.cat\/iesmila\/wp-content\/uploads\/usu844\/2016\/02\/SCC0-300x225.jpg\" alt=\"\" width=\"300\" height=\"225\" \/><\/a>\u200b<\/td>\r\n<\/tr>\r\n<\/tbody>\r\n<\/table>\r\n&nbsp;","link":"https:\/\/agora.xtec.cat\/iesmila\/categoria\/cfgs\/scc0\/","name":"Integraci\u00f3 social","slug":"scc0","taxonomy":"category","parent":30,"meta":[],"_links":{"self":[{"href":"https:\/\/agora.xtec.cat\/iesmila\/wp-json\/wp\/v2\/categories\/114","targetHints":{"allow":["GET"]}}],"collection":[{"href":"https:\/\/agora.xtec.cat\/iesmila\/wp-json\/wp\/v2\/categories"}],"about":[{"href":"https:\/\/agora.xtec.cat\/iesmila\/wp-json\/wp\/v2\/taxonomies\/category"}],"up":[{"embeddable":true,"href":"https:\/\/agora.xtec.cat\/iesmila\/wp-json\/wp\/v2\/categories\/30"}],"wp:post_type":[{"href":"https:\/\/agora.xtec.cat\/iesmila\/wp-json\/wp\/v2\/posts?categories=114"}],"curies":[{"name":"wp","href":"https:\/\/api.w.org\/{rel}","templated":true}]}}