{"id":106,"count":23,"description":"<table class=\" alignleft\" style=\"border-color: #ffffff;\" border=\"0\" cellspacing=\"0\" cellpadding=\"0\">\r\n<tbody>\r\n<tr>\r\n<td>\r\n<h4><strong>CFGS AGB0 Administraci\u00f3 i finances\r\n<\/strong><\/h4>\r\nDurada: 2.000 hores (2 cursos acad\u00e8mics)\r\nFormaci\u00f3 en el centre de treball: 515 hores.\r\n<h5><strong>Compet\u00e8ncies professionals<\/strong><\/h5>\r\n<span style=\"color: #000000;\">La compet\u00e8ncia general d'aquest t\u00edtol consisteix en organitzar o executar les operacions de gesti\u00f3 i administraci\u00f3 en els processos comercials, laborals, comptables, fiscals i financers d\u2019una empresa p\u00fablica o privada, aplicant la normativa vigent i els protocols de gesti\u00f3 de la qualitat, gestionant la informaci\u00f3, assegurant la satisfacci\u00f3 del client i\/o usuari i actuant segons les normes de prevenci\u00f3 de riscos laboral i de protecci\u00f3 mediambiental.<\/span>\r\n\r\nHorari de tarda.\r\n\r\n<strong>Requisits de material i sortides:<\/strong>\r\n<ul>\r\n \t<li>Alumnes de primer i segon:\r\nOrdinador port\u00e0til amb processador i5 o equivalent a poder ser amb\r\nl\u2019office.<\/li>\r\n \t<li>Visites acad\u00e8miques a empreses 30 \u20ac.<\/li>\r\n \t<li>A m\u00e9s els alumnes de segon:\r\nQuota connexi\u00f3 Empresa Simulada (Sefed) 70 \u20ac.<\/li>\r\n<\/ul>\r\nPer a m\u00e9s informaci\u00f3 del cicle formatiu, cliqueu aqu\u00ed<a href=\"https:\/\/agora.xtec.cat\/iesmila\/wp-content\/uploads\/usu844\/2025\/04\/ABG0-.pdf\" target=\"_blank\" rel=\"noopener noreferrer\"><img class=\"alignnone wp-image-7749 size-large\" src=\"https:\/\/agora.xtec.cat\/iesmila\/wp-content\/uploads\/usu844\/2025\/04\/ABG0-pdf-1024x768.jpg\" alt=\"\" width=\"1024\" height=\"768\" \/><\/a><\/td>\r\n<td width=\"300\"><a href=\"http:\/\/agora.xtec.cat\/iesmila\/wp-content\/uploads\/usu844\/2016\/02\/AGB0.jpg\"><img class=\"alignnone wp-image-534 size-medium\" src=\"http:\/\/agora.xtec.cat\/iesmila\/wp-content\/uploads\/usu844\/2016\/02\/AGB0-300x225.jpg\" alt=\"\" width=\"300\" height=\"225\" \/><\/a>\u200b<\/td>\r\n<\/tr>\r\n<\/tbody>\r\n<\/table>\r\n<iframe title=\"Mila i Fontanals - Administraci\u00f3 i gesti\u00f3\" src=\"https:\/\/www.youtube.com\/embed\/JCnfqzFBhWU\" width=\"973\" height=\"547\" frameborder=\"0\"><\/iframe>","link":"https:\/\/agora.xtec.cat\/iesmila\/categoria\/cfgs\/agb0\/","name":"Administraci\u00f3 i finances","slug":"agb0","taxonomy":"category","parent":30,"meta":[],"_links":{"self":[{"href":"https:\/\/agora.xtec.cat\/iesmila\/wp-json\/wp\/v2\/categories\/106","targetHints":{"allow":["GET"]}}],"collection":[{"href":"https:\/\/agora.xtec.cat\/iesmila\/wp-json\/wp\/v2\/categories"}],"about":[{"href":"https:\/\/agora.xtec.cat\/iesmila\/wp-json\/wp\/v2\/taxonomies\/category"}],"up":[{"embeddable":true,"href":"https:\/\/agora.xtec.cat\/iesmila\/wp-json\/wp\/v2\/categories\/30"}],"wp:post_type":[{"href":"https:\/\/agora.xtec.cat\/iesmila\/wp-json\/wp\/v2\/posts?categories=106"}],"curies":[{"name":"wp","href":"https:\/\/api.w.org\/{rel}","templated":true}]}}