{"id":2241,"date":"2026-09-02T10:19:24","date_gmt":"2026-09-02T08:19:24","guid":{"rendered":"https:\/\/agora.xtec.cat\/iesmartipol\/?p=2241"},"modified":"2026-09-02T10:20:10","modified_gmt":"2026-09-02T08:20:10","slug":"cua-virtual-per-cicles-formatius-grau-mitja-i-superior","status":"publish","type":"post","link":"https:\/\/agora.xtec.cat\/iesmartipol\/general\/cua-virtual-per-cicles-formatius-grau-mitja-i-superior\/","title":{"rendered":"Cua virtual per cicles formatius grau mitj\u00e0 i superior"},"content":{"rendered":"<p>Les persones que estiguin interessades en cursar un dels cicles formatius que oferim (CFGM T\u00e8cnic en Activitats eq\u00fcestres o b\u00e9 CFGS Ramaderia i assist\u00e8ncia animal)\u00a0 poden apuntar-se a la cua virtual per optar a una de les places disponibles.<\/p>\n<p>Aquesta cua virtual s&#8217;activar\u00e0 de manera centralitzada i simult\u00e0nia per a tots els centres participants el <strong>7 de setembre de 2026, entre les 09.00 h i les 23.59 h.<\/strong><\/p>\n<p>Les persones interessades s\u00f3n ateses seguint estrictament l\u2019ordre cronol\u00f2gic d\u2019inscripci\u00f3 a la\u00a0<span class=\"il\">cua<\/span> virtual del centre.<\/p>\n<p>L\u2019alumnat es pot inscriure a la\u00a0<span class=\"il\">cua<\/span> virtual de qualsevol centre que disposi de vacants i, si ho considera oport\u00fa, tamb\u00e9 pot inscriure\u2019s simult\u00e0niament a les cues d\u2019altres centres. En aquesta fase no se sol\u00b7licita pla\u00e7a per a un cicle formatiu concret, sin\u00f3 que la inscripci\u00f3 es fa a nivell de centre.\u00a0Cal tenir present que la posici\u00f3 a la\u00a0<span class=\"il\">cua<\/span>\u00a0determina \u00fanicament l\u2019ordre d&#8217;atenci\u00f3 i no garanteix l\u2019obtenci\u00f3 d\u2019una pla\u00e7a determinada. At\u00e8s que la\u00a0<span class=\"il\">cua<\/span>\u00a0\u00e9s pr\u00f2pia del centre i no d&#8217;un cicle formatiu espec\u00edfic, l&#8217;adjudicaci\u00f3 final dependr\u00e0 tant de les vacants disponibles en cada cicle en el moment de l&#8217;atenci\u00f3 com de les opcions escollides per les persones que hagin estat ateses amb anterioritat.<\/p>\n<p>A continuaci\u00f3 trobareu l&#8217;enlla\u00e7 a la llista que s&#8217;obrir\u00e0 \u00fanicament el dia <strong>7 de setembre de 2026 de 9.00 a 23:59h.<\/strong><\/p>\n<p>Enlla\u00e7: <a href=\"https:\/\/aplicacions.gestioeducativa.gencat.cat\/ords\/pls\/apex\/f?p=20160079072543618:650:::NO:650:P650_CENTRE:B019881726DB81FCBA46C817D6B91E42915FC6F036A61162\" target=\"_blank\" rel=\"noopener\" data-saferedirecturl=\"https:\/\/www.google.com\/url?q=https:\/\/aplicacions.gestioeducativa.gencat.cat\/ords\/pls\/apex\/f?p%3D20160079072543618:650:::NO:650:P650_CENTRE:B019881726DB81FCBA46C817D6B91E42915FC6F036A61162&amp;source=gmail&amp;ust=1788422041459000&amp;usg=AOvVaw2acyCoGEAfmatZVARQsVYS\">Clica aqu\u00ed<\/a><\/p>\n<p>&nbsp;<\/p>\n<p>&nbsp;<\/p>\n","protected":false},"excerpt":{"rendered":"<p>Les persones que estiguin interessades en cursar un dels cicles formatius que oferim (CFGM T\u00e8cnic en Activitats eq\u00fcestres o b\u00e9 CFGS Ramaderia i assist\u00e8ncia animal)\u00a0 poden apuntar-se a la cua virtual per optar a una de les places disponibles.<br \/>\nAquesta cua virtual s&#8217;activar\u00e0 de manera centralitzada&hellip;  <a href=\"https:\/\/agora.xtec.cat\/iesmartipol\/general\/cua-virtual-per-cicles-formatius-grau-mitja-i-superior\/\" title=\"Read Cua virtual per cicles formatius grau mitj\u00e0 i superior\">Llegeix m\u00e9s\u00bb<\/a><\/p>\n","protected":false},"author":1,"featured_media":0,"comment_status":"open","ping_status":"open","sticky":false,"template":"","format":"standard","meta":{"_bbp_topic_count":0,"_bbp_reply_count":0,"_bbp_total_topic_count":0,"_bbp_total_reply_count":0,"_bbp_voice_count":0,"_bbp_anonymous_reply_count":0,"_bbp_topic_count_hidden":0,"_bbp_reply_count_hidden":0,"_bbp_forum_subforum_count":0,"footnotes":""},"categories":[125,1,29],"tags":[],"class_list":["post-2241","post","type-post","status-publish","format-standard","hentry","category-fp","category-general","category-portada"],"post_mailing_queue_ids":[],"_links":{"self":[{"href":"https:\/\/agora.xtec.cat\/iesmartipol\/wp-json\/wp\/v2\/posts\/2241","targetHints":{"allow":["GET"]}}],"collection":[{"href":"https:\/\/agora.xtec.cat\/iesmartipol\/wp-json\/wp\/v2\/posts"}],"about":[{"href":"https:\/\/agora.xtec.cat\/iesmartipol\/wp-json\/wp\/v2\/types\/post"}],"author":[{"embeddable":true,"href":"https:\/\/agora.xtec.cat\/iesmartipol\/wp-json\/wp\/v2\/users\/1"}],"replies":[{"embeddable":true,"href":"https:\/\/agora.xtec.cat\/iesmartipol\/wp-json\/wp\/v2\/comments?post=2241"}],"version-history":[{"count":2,"href":"https:\/\/agora.xtec.cat\/iesmartipol\/wp-json\/wp\/v2\/posts\/2241\/revisions"}],"predecessor-version":[{"id":2243,"href":"https:\/\/agora.xtec.cat\/iesmartipol\/wp-json\/wp\/v2\/posts\/2241\/revisions\/2243"}],"wp:attachment":[{"href":"https:\/\/agora.xtec.cat\/iesmartipol\/wp-json\/wp\/v2\/media?parent=2241"}],"wp:term":[{"taxonomy":"category","embeddable":true,"href":"https:\/\/agora.xtec.cat\/iesmartipol\/wp-json\/wp\/v2\/categories?post=2241"},{"taxonomy":"post_tag","embeddable":true,"href":"https:\/\/agora.xtec.cat\/iesmartipol\/wp-json\/wp\/v2\/tags?post=2241"}],"curies":[{"name":"wp","href":"https:\/\/api.w.org\/{rel}","templated":true}]}}