{"id":917,"date":"2018-04-05T21:08:45","date_gmt":"2018-04-05T19:08:45","guid":{"rendered":"http:\/\/agora.xtec.cat\/iesmartilhuma\/?p=917"},"modified":"2018-04-05T21:08:45","modified_gmt":"2018-04-05T19:08:45","slug":"sortida-al-teatre-per-veure-frankenstein","status":"publish","type":"post","link":"https:\/\/agora.xtec.cat\/iesmartilhuma\/batxillerat\/sortida-al-teatre-per-veure-frankenstein\/","title":{"rendered":"Sortida al teatre per veure Frankenstein"},"content":{"rendered":"<p>El mes de mar\u00e7 l\u2019alumnat de 2n de batxillerat i de Gesti\u00f3 Administrativa ha anat al Teatre Nacional de Catalunya per veure l\u2019obra <strong><em>Frankenstein<\/em><\/strong>, basada en la novel\u00b7la de Mary Shelley i dirigida per Carme Portaceli.<\/p>\n<p>L\u2019escenografia, la interpretaci\u00f3 i la hist\u00f2ria han propiciat comentaris molt positius per part de l\u2019alumnat i del professorat assistent. Joel Joan interpreta la Criatura,\u00a0 \u00c0ngel Ll\u00e0cer, el Dr. V\u00edctor Frankenstein, i Llu\u00eds Marco fa el paper de De Lacey i del pare de V\u00edctor. Veure\u2019ls actuar, juntament amb la resta d\u2019actors i actrius, ha estat un plaer.<\/p>\n<p style=\"text-align: center\"><a href=\"http:\/\/agora.xtec.cat\/iesmartilhuma\/wp-content\/uploads\/usu239\/2018\/04\/f1.jpg\"><img loading=\"lazy\" decoding=\"async\" class=\"alignnone size-large wp-image-918\" src=\"http:\/\/agora.xtec.cat\/iesmartilhuma\/wp-content\/uploads\/usu239\/2018\/04\/f1-1024x768.jpg\" alt=\"\" width=\"1024\" height=\"768\" srcset=\"https:\/\/agora.xtec.cat\/iesmartilhuma\/wp-content\/uploads\/usu239\/2018\/04\/f1-1024x768.jpg 1024w, https:\/\/agora.xtec.cat\/iesmartilhuma\/wp-content\/uploads\/usu239\/2018\/04\/f1-300x225.jpg 300w, https:\/\/agora.xtec.cat\/iesmartilhuma\/wp-content\/uploads\/usu239\/2018\/04\/f1-768x576.jpg 768w, https:\/\/agora.xtec.cat\/iesmartilhuma\/wp-content\/uploads\/usu239\/2018\/04\/f1-200x150.jpg 200w, https:\/\/agora.xtec.cat\/iesmartilhuma\/wp-content\/uploads\/usu239\/2018\/04\/f1.jpg 1599w\" sizes=\"auto, (max-width: 1024px) 100vw, 1024px\" \/><\/a><\/p>\n<p style=\"text-align: left\">A la tarda, l\u2019alumnat que cursa Hist\u00f2ria de l\u2019Art ha visitat el <strong>Museu Nacional d\u2019Art de Catalunya<\/strong> per fer l\u2019Itinerari de la Selectivitat (art rom\u00e0nic, art g\u00f2tic, art modern). Es tracta d\u2019una visita guiada en la qual tenen ocasi\u00f3 de con\u00e8ixer, gaudir i aprofundir en algunes de les escultures i pintures que han estat seleccionades per a les proves d\u2019acc\u00e9s a la universitat.<\/p>\n<p style=\"text-align: center\"><a href=\"http:\/\/agora.xtec.cat\/iesmartilhuma\/wp-content\/uploads\/usu239\/2018\/04\/f2.jpg\"><img loading=\"lazy\" decoding=\"async\" class=\"alignnone size-large wp-image-919\" src=\"http:\/\/agora.xtec.cat\/iesmartilhuma\/wp-content\/uploads\/usu239\/2018\/04\/f2-1024x768.jpg\" alt=\"\" width=\"1024\" height=\"768\" srcset=\"https:\/\/agora.xtec.cat\/iesmartilhuma\/wp-content\/uploads\/usu239\/2018\/04\/f2-1024x768.jpg 1024w, https:\/\/agora.xtec.cat\/iesmartilhuma\/wp-content\/uploads\/usu239\/2018\/04\/f2-300x225.jpg 300w, https:\/\/agora.xtec.cat\/iesmartilhuma\/wp-content\/uploads\/usu239\/2018\/04\/f2-768x576.jpg 768w, https:\/\/agora.xtec.cat\/iesmartilhuma\/wp-content\/uploads\/usu239\/2018\/04\/f2-200x150.jpg 200w, https:\/\/agora.xtec.cat\/iesmartilhuma\/wp-content\/uploads\/usu239\/2018\/04\/f2.jpg 1600w\" sizes=\"auto, (max-width: 1024px) 100vw, 1024px\" \/><\/a><\/p>\n<p>La resta d\u2019alumnes han dedicat la tarda a visitar el <strong>Sal\u00f3 de l\u2019Ensenyament<\/strong>.<\/p>\n<p>Un dia molt ben aprofitat!<\/p>\n<p style=\"text-align: center\"><a href=\"http:\/\/agora.xtec.cat\/iesmartilhuma\/wp-content\/uploads\/usu239\/2018\/04\/f3.jpg\"><img loading=\"lazy\" decoding=\"async\" class=\"alignnone size-large wp-image-920\" src=\"http:\/\/agora.xtec.cat\/iesmartilhuma\/wp-content\/uploads\/usu239\/2018\/04\/f3-1024x768.jpg\" alt=\"\" width=\"1024\" height=\"768\" srcset=\"https:\/\/agora.xtec.cat\/iesmartilhuma\/wp-content\/uploads\/usu239\/2018\/04\/f3-1024x768.jpg 1024w, https:\/\/agora.xtec.cat\/iesmartilhuma\/wp-content\/uploads\/usu239\/2018\/04\/f3-300x225.jpg 300w, https:\/\/agora.xtec.cat\/iesmartilhuma\/wp-content\/uploads\/usu239\/2018\/04\/f3-768x576.jpg 768w, https:\/\/agora.xtec.cat\/iesmartilhuma\/wp-content\/uploads\/usu239\/2018\/04\/f3-200x150.jpg 200w, https:\/\/agora.xtec.cat\/iesmartilhuma\/wp-content\/uploads\/usu239\/2018\/04\/f3.jpg 1599w\" sizes=\"auto, (max-width: 1024px) 100vw, 1024px\" \/><\/a><\/p>\n","protected":false},"excerpt":{"rendered":"<p>El mes de mar\u00e7 l\u2019alumnat de 2n de batxillerat i de Gesti\u00f3 Administrativa ha anat al Teatre Nacional de Catalunya per veure l\u2019obra Frankenstein, basada en la novel\u00b7la de Mary Shelley i dirigida per Carme Portaceli. L\u2019escenografia, la interpretaci\u00f3 i la hist\u00f2ria han propiciat comentaris molt positius per part de l\u2019alumnat i del professorat assistent. [&hellip;]<\/p>\n","protected":false},"author":6,"featured_media":918,"comment_status":"open","ping_status":"closed","sticky":false,"template":"","format":"standard","meta":{"_bbp_topic_count":0,"_bbp_reply_count":0,"_bbp_total_topic_count":0,"_bbp_total_reply_count":0,"_bbp_voice_count":0,"_bbp_anonymous_reply_count":0,"_bbp_topic_count_hidden":0,"_bbp_reply_count_hidden":0,"_bbp_forum_subforum_count":0,"site-sidebar-layout":"default","site-content-layout":"","ast-site-content-layout":"","site-content-style":"default","site-sidebar-style":"default","ast-global-header-display":"","ast-banner-title-visibility":"","ast-main-header-display":"","ast-hfb-above-header-display":"","ast-hfb-below-header-display":"","ast-hfb-mobile-header-display":"","site-post-title":"","ast-breadcrumbs-content":"","ast-featured-img":"","footer-sml-layout":"","theme-transparent-header-meta":"","adv-header-id-meta":"","stick-header-meta":"","header-above-stick-meta":"","header-main-stick-meta":"","header-below-stick-meta":"","astra-migrate-meta-layouts":"default","ast-page-background-enabled":"default","ast-page-background-meta":{"desktop":{"background-color":"var(--ast-global-color-4)","background-image":"","background-repeat":"repeat","background-position":"center center","background-size":"auto","background-attachment":"scroll","background-type":"","background-media":"","overlay-type":"","overlay-color":"","overlay-opacity":"","overlay-gradient":""},"tablet":{"background-color":"","background-image":"","background-repeat":"repeat","background-position":"center center","background-size":"auto","background-attachment":"scroll","background-type":"","background-media":"","overlay-type":"","overlay-color":"","overlay-opacity":"","overlay-gradient":""},"mobile":{"background-color":"","background-image":"","background-repeat":"repeat","background-position":"center center","background-size":"auto","background-attachment":"scroll","background-type":"","background-media":"","overlay-type":"","overlay-color":"","overlay-opacity":"","overlay-gradient":""}},"ast-content-background-meta":{"desktop":{"background-color":"var(--ast-global-color-5)","background-image":"","background-repeat":"repeat","background-position":"center center","background-size":"auto","background-attachment":"scroll","background-type":"","background-media":"","overlay-type":"","overlay-color":"","overlay-opacity":"","overlay-gradient":""},"tablet":{"background-color":"var(--ast-global-color-5)","background-image":"","background-repeat":"repeat","background-position":"center center","background-size":"auto","background-attachment":"scroll","background-type":"","background-media":"","overlay-type":"","overlay-color":"","overlay-opacity":"","overlay-gradient":""},"mobile":{"background-color":"var(--ast-global-color-5)","background-image":"","background-repeat":"repeat","background-position":"center center","background-size":"auto","background-attachment":"scroll","background-type":"","background-media":"","overlay-type":"","overlay-color":"","overlay-opacity":"","overlay-gradient":""}},"footnotes":""},"categories":[8,30,29],"tags":[],"class_list":["post-917","post","type-post","status-publish","format-standard","has-post-thumbnail","hentry","category-batxillerat","category-cicles-formatius","category-portada"],"post_mailing_queue_ids":[],"_links":{"self":[{"href":"https:\/\/agora.xtec.cat\/iesmartilhuma\/wp-json\/wp\/v2\/posts\/917","targetHints":{"allow":["GET"]}}],"collection":[{"href":"https:\/\/agora.xtec.cat\/iesmartilhuma\/wp-json\/wp\/v2\/posts"}],"about":[{"href":"https:\/\/agora.xtec.cat\/iesmartilhuma\/wp-json\/wp\/v2\/types\/post"}],"author":[{"embeddable":true,"href":"https:\/\/agora.xtec.cat\/iesmartilhuma\/wp-json\/wp\/v2\/users\/6"}],"replies":[{"embeddable":true,"href":"https:\/\/agora.xtec.cat\/iesmartilhuma\/wp-json\/wp\/v2\/comments?post=917"}],"version-history":[{"count":1,"href":"https:\/\/agora.xtec.cat\/iesmartilhuma\/wp-json\/wp\/v2\/posts\/917\/revisions"}],"predecessor-version":[{"id":921,"href":"https:\/\/agora.xtec.cat\/iesmartilhuma\/wp-json\/wp\/v2\/posts\/917\/revisions\/921"}],"wp:featuredmedia":[{"embeddable":true,"href":"https:\/\/agora.xtec.cat\/iesmartilhuma\/wp-json\/wp\/v2\/media\/918"}],"wp:attachment":[{"href":"https:\/\/agora.xtec.cat\/iesmartilhuma\/wp-json\/wp\/v2\/media?parent=917"}],"wp:term":[{"taxonomy":"category","embeddable":true,"href":"https:\/\/agora.xtec.cat\/iesmartilhuma\/wp-json\/wp\/v2\/categories?post=917"},{"taxonomy":"post_tag","embeddable":true,"href":"https:\/\/agora.xtec.cat\/iesmartilhuma\/wp-json\/wp\/v2\/tags?post=917"}],"curies":[{"name":"wp","href":"https:\/\/api.w.org\/{rel}","templated":true}]}}