{"id":901,"date":"2018-04-05T20:58:47","date_gmt":"2018-04-05T18:58:47","guid":{"rendered":"http:\/\/agora.xtec.cat\/iesmartilhuma\/?p=901"},"modified":"2018-04-05T20:58:47","modified_gmt":"2018-04-05T18:58:47","slug":"linstitut-participa-a-la-vila-del-llibre-de-montblanc-2018","status":"publish","type":"post","link":"https:\/\/agora.xtec.cat\/iesmartilhuma\/general\/linstitut-participa-a-la-vila-del-llibre-de-montblanc-2018\/","title":{"rendered":"L\u2019Institut participa a la Vila del Llibre de Montblanc 2018"},"content":{"rendered":"<p>Els dies 24 i 25 de mar\u00e7 es va fer la segona edici\u00f3 de la Vila del Llibre a Montblanc. Dotze alumnes de l\u2019Institut Mart\u00ed l\u2019Hum\u00e0 hi van participar com a assistents en els diversos actes literaris.<\/p>\n<p>Concretament, s\u00f3n l\u2019Ariadna Clavero, l\u2019Aaron Rivas, l\u2019Ana Navarro, l\u2019Andrea Sancho, l\u2019Andrea Delpuy, el Bernat Lleix\u00e0, el Rafa Moncayo, l\u2019Estela Rib\u00e9, la Iratxe Gonz\u00e1lez, la Dana Escalera i el Jordi Masalias.<\/p>\n<p>L\u2019experi\u00e8ncia de tots ells i elles ha estat molt positiva perqu\u00e8, a m\u00e9s de col\u00b7laborar en una activitat de la vila, han conegut escriptores i escriptors amb els quals han tingut ocasi\u00f3 de parlar.<\/p>\n<p>Dissabte a la tarda, la Iratxe Gonz\u00e1lez, l\u2019Estela Rib\u00e9, la Irene Rodr\u00edguez i l\u2019Anna Arnanz van entrevistar l\u2019escriptora Najat El Hachmi, que presentava el seu darrer llibre <em>Mare de llet i mel<\/em>. Totes quatre s\u2019havien llegit aquesta interessant novel\u00b7la, que tracta sobre l\u2019experi\u00e8ncia d\u2019una immigrant del Rif en terres catalanes. Aquesta activitat s\u2019havia programat conjuntament entre l\u2019organitzaci\u00f3 de la Vila del Llibre, el Col\u00b7legi Mare de D\u00e9u de la Serra i l\u2019Institut Mart\u00ed l\u2019Hum\u00e0.<\/p>\n<p style=\"text-align: center\"><\/p>\n","protected":false},"excerpt":{"rendered":"<p>Els dies 24 i 25 de mar\u00e7 es va fer la segona edici\u00f3 de la Vila del Llibre a Montblanc. Dotze alumnes de l\u2019Institut Mart\u00ed l\u2019Hum\u00e0 hi van participar com a assistents en els diversos actes literaris. Concretament, s\u00f3n l\u2019Ariadna Clavero, l\u2019Aaron Rivas, l\u2019Ana Navarro, l\u2019Andrea Sancho, l\u2019Andrea Delpuy, el Bernat Lleix\u00e0, el Rafa Moncayo, [&hellip;]<\/p>\n","protected":false},"author":6,"featured_media":908,"comment_status":"open","ping_status":"closed","sticky":false,"template":"","format":"standard","meta":{"_bbp_topic_count":0,"_bbp_reply_count":0,"_bbp_total_topic_count":0,"_bbp_total_reply_count":0,"_bbp_voice_count":0,"_bbp_anonymous_reply_count":0,"_bbp_topic_count_hidden":0,"_bbp_reply_count_hidden":0,"_bbp_forum_subforum_count":0,"site-sidebar-layout":"default","site-content-layout":"","ast-site-content-layout":"","site-content-style":"default","site-sidebar-style":"default","ast-global-header-display":"","ast-banner-title-visibility":"","ast-main-header-display":"","ast-hfb-above-header-display":"","ast-hfb-below-header-display":"","ast-hfb-mobile-header-display":"","site-post-title":"","ast-breadcrumbs-content":"","ast-featured-img":"","footer-sml-layout":"","theme-transparent-header-meta":"","adv-header-id-meta":"","stick-header-meta":"","header-above-stick-meta":"","header-main-stick-meta":"","header-below-stick-meta":"","astra-migrate-meta-layouts":"default","ast-page-background-enabled":"default","ast-page-background-meta":{"desktop":{"background-color":"var(--ast-global-color-4)","background-image":"","background-repeat":"repeat","background-position":"center center","background-size":"auto","background-attachment":"scroll","background-type":"","background-media":"","overlay-type":"","overlay-color":"","overlay-opacity":"","overlay-gradient":""},"tablet":{"background-color":"","background-image":"","background-repeat":"repeat","background-position":"center center","background-size":"auto","background-attachment":"scroll","background-type":"","background-media":"","overlay-type":"","overlay-color":"","overlay-opacity":"","overlay-gradient":""},"mobile":{"background-color":"","background-image":"","background-repeat":"repeat","background-position":"center center","background-size":"auto","background-attachment":"scroll","background-type":"","background-media":"","overlay-type":"","overlay-color":"","overlay-opacity":"","overlay-gradient":""}},"ast-content-background-meta":{"desktop":{"background-color":"var(--ast-global-color-5)","background-image":"","background-repeat":"repeat","background-position":"center center","background-size":"auto","background-attachment":"scroll","background-type":"","background-media":"","overlay-type":"","overlay-color":"","overlay-opacity":"","overlay-gradient":""},"tablet":{"background-color":"var(--ast-global-color-5)","background-image":"","background-repeat":"repeat","background-position":"center center","background-size":"auto","background-attachment":"scroll","background-type":"","background-media":"","overlay-type":"","overlay-color":"","overlay-opacity":"","overlay-gradient":""},"mobile":{"background-color":"var(--ast-global-color-5)","background-image":"","background-repeat":"repeat","background-position":"center center","background-size":"auto","background-attachment":"scroll","background-type":"","background-media":"","overlay-type":"","overlay-color":"","overlay-opacity":"","overlay-gradient":""}},"footnotes":""},"categories":[8,3,1,29],"tags":[],"class_list":["post-901","post","type-post","status-publish","format-standard","has-post-thumbnail","hentry","category-batxillerat","category-eso","category-general","category-portada"],"post_mailing_queue_ids":[],"_links":{"self":[{"href":"https:\/\/agora.xtec.cat\/iesmartilhuma\/wp-json\/wp\/v2\/posts\/901","targetHints":{"allow":["GET"]}}],"collection":[{"href":"https:\/\/agora.xtec.cat\/iesmartilhuma\/wp-json\/wp\/v2\/posts"}],"about":[{"href":"https:\/\/agora.xtec.cat\/iesmartilhuma\/wp-json\/wp\/v2\/types\/post"}],"author":[{"embeddable":true,"href":"https:\/\/agora.xtec.cat\/iesmartilhuma\/wp-json\/wp\/v2\/users\/6"}],"replies":[{"embeddable":true,"href":"https:\/\/agora.xtec.cat\/iesmartilhuma\/wp-json\/wp\/v2\/comments?post=901"}],"version-history":[{"count":2,"href":"https:\/\/agora.xtec.cat\/iesmartilhuma\/wp-json\/wp\/v2\/posts\/901\/revisions"}],"predecessor-version":[{"id":912,"href":"https:\/\/agora.xtec.cat\/iesmartilhuma\/wp-json\/wp\/v2\/posts\/901\/revisions\/912"}],"wp:featuredmedia":[{"embeddable":true,"href":"https:\/\/agora.xtec.cat\/iesmartilhuma\/wp-json\/wp\/v2\/media\/908"}],"wp:attachment":[{"href":"https:\/\/agora.xtec.cat\/iesmartilhuma\/wp-json\/wp\/v2\/media?parent=901"}],"wp:term":[{"taxonomy":"category","embeddable":true,"href":"https:\/\/agora.xtec.cat\/iesmartilhuma\/wp-json\/wp\/v2\/categories?post=901"},{"taxonomy":"post_tag","embeddable":true,"href":"https:\/\/agora.xtec.cat\/iesmartilhuma\/wp-json\/wp\/v2\/tags?post=901"}],"curies":[{"name":"wp","href":"https:\/\/api.w.org\/{rel}","templated":true}]}}