{"id":795,"date":"2018-02-27T11:38:50","date_gmt":"2018-02-27T10:38:50","guid":{"rendered":"http:\/\/agora.xtec.cat\/iesmartilhuma\/?p=795"},"modified":"2018-02-27T11:40:50","modified_gmt":"2018-02-27T10:40:50","slug":"taller-de-poesia-de-josep-palau-i-fabre","status":"publish","type":"post","link":"https:\/\/agora.xtec.cat\/iesmartilhuma\/general\/taller-de-poesia-de-josep-palau-i-fabre\/","title":{"rendered":"Taller de poesia de Josep Palau i Fabre"},"content":{"rendered":"<p>La narradora, actriu i titellaire Assumpta Mercader ens ha vingut a fer un taller de poesia. A partir de l\u2019obra del poeta <strong>Josep Palau i Fabre<\/strong>, ens ha fet reflexionar sobre el proc\u00e9s de composici\u00f3 d\u2019un poema, cosa que ens ha perm\u00e8s reflexionar el proc\u00e9s creatiu d\u2019aquest autor catal\u00e0, concretament de la seva obra <em>Poemes de<\/em> l\u2019<em>Alquimista<\/em>.<\/p>\n<p>L\u2019Assumpta Mercader va venir al nostre centre gr\u00e0cies al programa \u201cAutors a les aules\u201d que coordina\u00a0 i promou la Instituci\u00f3 de les Lletres Catalanes.<\/p>\n<p>Palau i Fabre \u00e9s un dels m\u00e9s grans escriptors en catal\u00e0 de la segona meitat del segle XX. Destac\u00e0 com a poeta, dramaturg, assagista, traductor, cr\u00edtic i un gran expert de l\u2019obra de Picasso. Del dia 21 d\u2019abril de 2017, en qu\u00e8 es commemorar\u00e0 el centenari del seu naixement a Barcelona, fins al 21 d\u2019abril del 2018 se celebrar\u00e0 <strong>l\u2019Any Palau i Fabre.<\/strong><\/p>\n<p>Us deixem una mostra del que els alumnes de Literatura Universal de 1r de batxillerat vam escriure posant-nos a la pell del poeta i guiats per l\u2019Assumpta.<\/p>\n<p><strong>Qu\u00e8 us suggereix tocar una pedra?<\/strong><\/p>\n<p>Una excursi\u00f3, la suavitat, l\u2019hermetisme, un \u00e9sser que no viu, la duresa, el fred, les muntanyes, la natura, la tranquil\u00b7litat, el gel, estar perdut, la lleugeresa, la pal\u00b7lidesa, un riu, la petitesa de la duresa.<\/p>\n<table style=\"height: 43px\" width=\"965\">\n<tbody>\n<tr>\n<td style=\"width: 683.14px\"><a href=\"http:\/\/agora.xtec.cat\/iesmartilhuma\/wp-content\/uploads\/usu239\/2018\/02\/pedra-e1519726852647.jpg\"><img loading=\"lazy\" decoding=\"async\" class=\"alignnone size-full wp-image-796\" src=\"http:\/\/agora.xtec.cat\/iesmartilhuma\/wp-content\/uploads\/usu239\/2018\/02\/pedra-e1519726852647.jpg\" alt=\"\" width=\"931\" height=\"698\" srcset=\"https:\/\/agora.xtec.cat\/iesmartilhuma\/wp-content\/uploads\/usu239\/2018\/02\/pedra-e1519726852647.jpg 931w, https:\/\/agora.xtec.cat\/iesmartilhuma\/wp-content\/uploads\/usu239\/2018\/02\/pedra-e1519726852647-300x225.jpg 300w, https:\/\/agora.xtec.cat\/iesmartilhuma\/wp-content\/uploads\/usu239\/2018\/02\/pedra-e1519726852647-768x576.jpg 768w, https:\/\/agora.xtec.cat\/iesmartilhuma\/wp-content\/uploads\/usu239\/2018\/02\/pedra-e1519726852647-200x150.jpg 200w\" sizes=\"auto, (max-width: 931px) 100vw, 931px\" \/><\/a><\/td>\n<td style=\"width: 155px\">\u201cLa dura realitat d\u2019una pedra colpejada per la natura fins a aconseguir una forma poc natural.\u201d<\/p>\n<p>\u201cAparentment, la simplesa d\u2019una pedra. Tanmateix, \u00e9s la \u00a0 bellesa en un objecte.\u201d<\/p>\n<p>\u201cEl dia que me la vas donar, jo me\u2019n vaig enamorar. Lila i blanca. Pura i llisa.\u201d<\/td>\n<\/tr>\n<\/tbody>\n<\/table>\n<figure id=\"attachment_798\" aria-describedby=\"caption-attachment-798\" style=\"width: 1024px\" class=\"wp-caption alignnone\"><a href=\"http:\/\/agora.xtec.cat\/iesmartilhuma\/wp-content\/uploads\/usu239\/2018\/02\/IMG_20180205_113639.jpg\"><img loading=\"lazy\" decoding=\"async\" class=\"size-large wp-image-798\" src=\"http:\/\/agora.xtec.cat\/iesmartilhuma\/wp-content\/uploads\/usu239\/2018\/02\/IMG_20180205_113639-1024x768.jpg\" alt=\"\" width=\"1024\" height=\"768\" srcset=\"https:\/\/agora.xtec.cat\/iesmartilhuma\/wp-content\/uploads\/usu239\/2018\/02\/IMG_20180205_113639-1024x768.jpg 1024w, https:\/\/agora.xtec.cat\/iesmartilhuma\/wp-content\/uploads\/usu239\/2018\/02\/IMG_20180205_113639-300x225.jpg 300w, https:\/\/agora.xtec.cat\/iesmartilhuma\/wp-content\/uploads\/usu239\/2018\/02\/IMG_20180205_113639-768x576.jpg 768w, https:\/\/agora.xtec.cat\/iesmartilhuma\/wp-content\/uploads\/usu239\/2018\/02\/IMG_20180205_113639-200x150.jpg 200w\" sizes=\"auto, (max-width: 1024px) 100vw, 1024px\" \/><\/a><figcaption id=\"caption-attachment-798\" class=\"wp-caption-text\">dav<\/figcaption><\/figure>\n<figure id=\"attachment_799\" aria-describedby=\"caption-attachment-799\" style=\"width: 1024px\" class=\"wp-caption alignnone\"><a href=\"http:\/\/agora.xtec.cat\/iesmartilhuma\/wp-content\/uploads\/usu239\/2018\/02\/IMG_20180205_105944.jpg\"><img loading=\"lazy\" decoding=\"async\" class=\"size-large wp-image-799\" src=\"http:\/\/agora.xtec.cat\/iesmartilhuma\/wp-content\/uploads\/usu239\/2018\/02\/IMG_20180205_105944-1024x768.jpg\" alt=\"\" width=\"1024\" height=\"768\" srcset=\"https:\/\/agora.xtec.cat\/iesmartilhuma\/wp-content\/uploads\/usu239\/2018\/02\/IMG_20180205_105944-1024x768.jpg 1024w, https:\/\/agora.xtec.cat\/iesmartilhuma\/wp-content\/uploads\/usu239\/2018\/02\/IMG_20180205_105944-300x225.jpg 300w, https:\/\/agora.xtec.cat\/iesmartilhuma\/wp-content\/uploads\/usu239\/2018\/02\/IMG_20180205_105944-768x576.jpg 768w, https:\/\/agora.xtec.cat\/iesmartilhuma\/wp-content\/uploads\/usu239\/2018\/02\/IMG_20180205_105944-200x150.jpg 200w\" sizes=\"auto, (max-width: 1024px) 100vw, 1024px\" \/><\/a><figcaption id=\"caption-attachment-799\" class=\"wp-caption-text\">dig<\/figcaption><\/figure>\n<figure id=\"attachment_800\" aria-describedby=\"caption-attachment-800\" style=\"width: 1024px\" class=\"wp-caption alignnone\"><a href=\"http:\/\/agora.xtec.cat\/iesmartilhuma\/wp-content\/uploads\/usu239\/2018\/02\/IMG_20180205_105905.jpg\"><img loading=\"lazy\" decoding=\"async\" class=\"size-large wp-image-800\" src=\"http:\/\/agora.xtec.cat\/iesmartilhuma\/wp-content\/uploads\/usu239\/2018\/02\/IMG_20180205_105905-1024x768.jpg\" alt=\"\" width=\"1024\" height=\"768\" srcset=\"https:\/\/agora.xtec.cat\/iesmartilhuma\/wp-content\/uploads\/usu239\/2018\/02\/IMG_20180205_105905-1024x768.jpg 1024w, https:\/\/agora.xtec.cat\/iesmartilhuma\/wp-content\/uploads\/usu239\/2018\/02\/IMG_20180205_105905-300x225.jpg 300w, https:\/\/agora.xtec.cat\/iesmartilhuma\/wp-content\/uploads\/usu239\/2018\/02\/IMG_20180205_105905-768x576.jpg 768w, https:\/\/agora.xtec.cat\/iesmartilhuma\/wp-content\/uploads\/usu239\/2018\/02\/IMG_20180205_105905-200x150.jpg 200w\" sizes=\"auto, (max-width: 1024px) 100vw, 1024px\" \/><\/a><figcaption id=\"caption-attachment-800\" class=\"wp-caption-text\">dav<\/figcaption><\/figure>\n<figure id=\"attachment_801\" aria-describedby=\"caption-attachment-801\" style=\"width: 1024px\" class=\"wp-caption alignnone\"><a href=\"http:\/\/agora.xtec.cat\/iesmartilhuma\/wp-content\/uploads\/usu239\/2018\/02\/IMG_20180205_110143.jpg\"><img loading=\"lazy\" decoding=\"async\" class=\"size-large wp-image-801\" src=\"http:\/\/agora.xtec.cat\/iesmartilhuma\/wp-content\/uploads\/usu239\/2018\/02\/IMG_20180205_110143-1024x768.jpg\" alt=\"\" width=\"1024\" height=\"768\" srcset=\"https:\/\/agora.xtec.cat\/iesmartilhuma\/wp-content\/uploads\/usu239\/2018\/02\/IMG_20180205_110143-1024x768.jpg 1024w, https:\/\/agora.xtec.cat\/iesmartilhuma\/wp-content\/uploads\/usu239\/2018\/02\/IMG_20180205_110143-300x225.jpg 300w, https:\/\/agora.xtec.cat\/iesmartilhuma\/wp-content\/uploads\/usu239\/2018\/02\/IMG_20180205_110143-768x576.jpg 768w, https:\/\/agora.xtec.cat\/iesmartilhuma\/wp-content\/uploads\/usu239\/2018\/02\/IMG_20180205_110143-200x150.jpg 200w\" sizes=\"auto, (max-width: 1024px) 100vw, 1024px\" \/><\/a><figcaption id=\"caption-attachment-801\" class=\"wp-caption-text\">dav<\/figcaption><\/figure>\n","protected":false},"excerpt":{"rendered":"<p>La narradora, actriu i titellaire Assumpta Mercader ens ha vingut a fer un taller de poesia. A partir de l\u2019obra del poeta Josep Palau i Fabre, ens ha fet reflexionar sobre el proc\u00e9s de composici\u00f3 d\u2019un poema, cosa que ens ha perm\u00e8s reflexionar el proc\u00e9s creatiu d\u2019aquest autor catal\u00e0, concretament de la seva obra Poemes [&hellip;]<\/p>\n","protected":false},"author":6,"featured_media":798,"comment_status":"open","ping_status":"closed","sticky":false,"template":"","format":"standard","meta":{"_bbp_topic_count":0,"_bbp_reply_count":0,"_bbp_total_topic_count":0,"_bbp_total_reply_count":0,"_bbp_voice_count":0,"_bbp_anonymous_reply_count":0,"_bbp_topic_count_hidden":0,"_bbp_reply_count_hidden":0,"_bbp_forum_subforum_count":0,"site-sidebar-layout":"default","site-content-layout":"","ast-site-content-layout":"","site-content-style":"default","site-sidebar-style":"default","ast-global-header-display":"","ast-banner-title-visibility":"","ast-main-header-display":"","ast-hfb-above-header-display":"","ast-hfb-below-header-display":"","ast-hfb-mobile-header-display":"","site-post-title":"","ast-breadcrumbs-content":"","ast-featured-img":"","footer-sml-layout":"","theme-transparent-header-meta":"","adv-header-id-meta":"","stick-header-meta":"","header-above-stick-meta":"","header-main-stick-meta":"","header-below-stick-meta":"","astra-migrate-meta-layouts":"default","ast-page-background-enabled":"default","ast-page-background-meta":{"desktop":{"background-color":"var(--ast-global-color-4)","background-image":"","background-repeat":"repeat","background-position":"center center","background-size":"auto","background-attachment":"scroll","background-type":"","background-media":"","overlay-type":"","overlay-color":"","overlay-opacity":"","overlay-gradient":""},"tablet":{"background-color":"","background-image":"","background-repeat":"repeat","background-position":"center center","background-size":"auto","background-attachment":"scroll","background-type":"","background-media":"","overlay-type":"","overlay-color":"","overlay-opacity":"","overlay-gradient":""},"mobile":{"background-color":"","background-image":"","background-repeat":"repeat","background-position":"center center","background-size":"auto","background-attachment":"scroll","background-type":"","background-media":"","overlay-type":"","overlay-color":"","overlay-opacity":"","overlay-gradient":""}},"ast-content-background-meta":{"desktop":{"background-color":"var(--ast-global-color-5)","background-image":"","background-repeat":"repeat","background-position":"center center","background-size":"auto","background-attachment":"scroll","background-type":"","background-media":"","overlay-type":"","overlay-color":"","overlay-opacity":"","overlay-gradient":""},"tablet":{"background-color":"var(--ast-global-color-5)","background-image":"","background-repeat":"repeat","background-position":"center center","background-size":"auto","background-attachment":"scroll","background-type":"","background-media":"","overlay-type":"","overlay-color":"","overlay-opacity":"","overlay-gradient":""},"mobile":{"background-color":"var(--ast-global-color-5)","background-image":"","background-repeat":"repeat","background-position":"center center","background-size":"auto","background-attachment":"scroll","background-type":"","background-media":"","overlay-type":"","overlay-color":"","overlay-opacity":"","overlay-gradient":""}},"footnotes":""},"categories":[8,1,29],"tags":[109],"class_list":["post-795","post","type-post","status-publish","format-standard","has-post-thumbnail","hentry","category-batxillerat","category-general","category-portada","tag-catala"],"post_mailing_queue_ids":[],"_links":{"self":[{"href":"https:\/\/agora.xtec.cat\/iesmartilhuma\/wp-json\/wp\/v2\/posts\/795","targetHints":{"allow":["GET"]}}],"collection":[{"href":"https:\/\/agora.xtec.cat\/iesmartilhuma\/wp-json\/wp\/v2\/posts"}],"about":[{"href":"https:\/\/agora.xtec.cat\/iesmartilhuma\/wp-json\/wp\/v2\/types\/post"}],"author":[{"embeddable":true,"href":"https:\/\/agora.xtec.cat\/iesmartilhuma\/wp-json\/wp\/v2\/users\/6"}],"replies":[{"embeddable":true,"href":"https:\/\/agora.xtec.cat\/iesmartilhuma\/wp-json\/wp\/v2\/comments?post=795"}],"version-history":[{"count":3,"href":"https:\/\/agora.xtec.cat\/iesmartilhuma\/wp-json\/wp\/v2\/posts\/795\/revisions"}],"predecessor-version":[{"id":803,"href":"https:\/\/agora.xtec.cat\/iesmartilhuma\/wp-json\/wp\/v2\/posts\/795\/revisions\/803"}],"wp:featuredmedia":[{"embeddable":true,"href":"https:\/\/agora.xtec.cat\/iesmartilhuma\/wp-json\/wp\/v2\/media\/798"}],"wp:attachment":[{"href":"https:\/\/agora.xtec.cat\/iesmartilhuma\/wp-json\/wp\/v2\/media?parent=795"}],"wp:term":[{"taxonomy":"category","embeddable":true,"href":"https:\/\/agora.xtec.cat\/iesmartilhuma\/wp-json\/wp\/v2\/categories?post=795"},{"taxonomy":"post_tag","embeddable":true,"href":"https:\/\/agora.xtec.cat\/iesmartilhuma\/wp-json\/wp\/v2\/tags?post=795"}],"curies":[{"name":"wp","href":"https:\/\/api.w.org\/{rel}","templated":true}]}}