{"id":878,"date":"2014-10-05T22:00:00","date_gmt":"2014-10-05T22:00:00","guid":{"rendered":"http:\/\/mmpol.cat\/home2\/mmpolcat\/wordpress\/?p=878"},"modified":"2021-03-05T19:39:25","modified_gmt":"2021-03-05T18:39:25","slug":"dia-europeu-de-les-llenguees","status":"publish","type":"post","link":"https:\/\/agora.xtec.cat\/iesmarti-i-pol\/general\/dia-europeu-de-les-llenguees\/","title":{"rendered":"Dia Europeu de les Lleng\u00fces"},"content":{"rendered":"<table border=\"0\" cellpadding=\"1\" cellspacing=\"1\" style=\"\" width=\"500\">\n<tbody>\n<tr>\n<td bgcolor=\"#cc0099\" style=\"text-align: justify;\">\n<div style=\"text-align: center;\"> \t\t\t\t\t<span style=\"color: rgb(51, 51, 153);\"><strong><span style=\"color: rgb(255, 255, 255);\">Dia Europeu de les Lleng\u00fces<\/span><\/strong><\/span><\/div>\n<\/td>\n<\/tr>\n<\/tbody>\n<\/table>\n<p>  <!--more-->  <\/p>\n<table border=\"0\" cellpadding=\"1\" cellspacing=\"1\" style=\"width: 519px; height: 64px;\" width=\"534\">\n<tbody>\n<tr>\n<td style=\"text-align: justify; width: 503px;\">\n<p> \t\t\t\t\t<span style=\"color:#000080;\"><span style=\"font-size: 12px;\"><span style=\"font-family: arial,helvetica,sans-serif;\">El dia 26 de setembre hem celebrat a l\u2019institut el Dia Europeu de les Lleng\u00fces, un dia per homenatjar totes les lleng\u00fces que actualment conviuen a Europa, les pr\u00f2pies del territori i les que han portat els nouvinguts.<\/span><\/span><\/span><\/p>\n<p> \t\t\t\t\t<span style=\"color:#000080;\"><span style=\"font-family: arial,helvetica,sans-serif;\"><span style=\"font-size: 12px;\">A l\u2019entrada de l\u2019institut, hem pintat al vidre diferents paraules en lleng\u00fces diverses. Paraules significatives com <em>ensanyan\u00e7a, benvinguts<\/em> o <em>hola<\/em>. Just al davant, hem muntat un plaf\u00f3 amb altres paraules importants com <em>hola<\/em> o <em>gr\u00e0cies<\/em> i amb les paraules preferides de l\u2019alumnat de 4t. Es poden llegir les paraules i per quin motiu les van triar. Estan en lleng\u00fces diferents: catal\u00e0, castell\u00e0, angl\u00e8s, franc\u00e8s, itali\u00e0, alemany, llat\u00ed, entre d\u2019altres. Amb aquestes paraules, hem elaborat un v\u00eddeo per commemorar aquest dia tan especial. A totes les aules, hem penjat \u201c<em>bon dia\u201d<\/em> en diferents lleng\u00fces a la porta i <em>hola<\/em> a dins les aules.<\/span><\/span><\/span><\/p>\n<p> \t\t\t\t\t<span style=\"color:#000080;\"><span style=\"font-family: arial,helvetica,sans-serif;\"><span style=\"font-size: 12px;\">L\u2019alumnat a les aules tamb\u00e9 ha treballat diferents activitats. Aix\u00ed, per exemple, l\u2019alumnat de 1r tamb\u00e9 ha triat paraules i ha explicat qu\u00e8 signifiquen per a ells. A alemany, s\u2019ha treballat la diversitat ling\u00fc\u00edstica. A franc\u00e8s de segon, s\u2019ha realitzat una activitat amb les lleng\u00fces rom\u00e0niques sobre la casa amb una can\u00e7\u00f3 en franc\u00e8s i occit\u00e0. A l\u2019aula d\u2019acollida, s\u2019ha explicat <em>La Caputxeta vermella<\/em> en les lleng\u00fces de l\u2019alumnat: castell\u00e0, angl\u00e8s, qu\u00edtxua, rus, ucra\u00efn\u00e8s, roman\u00e8s, xin\u00e8s i catal\u00e0.<\/span><\/span><\/span><\/p>\n<p> \t\t\t\t\t<span style=\"color:#000080;\"><span style=\"font-family: arial,helvetica,sans-serif;\"><span style=\"font-size: 12px;\">Finalment, tot el centre i l\u2019entorn ha pogut col\u00b7laborar en aquest dia tan especial enviant les paraules que m\u00e9s agraden al hasthag #lleng\u00fcesmmp al nostre twitter de l\u2019institut.<\/span><\/span><\/span><\/p>\n<p> \t\t\t\t\t<span style=\"color:#000080;\"><span style=\"font-family: arial,helvetica,sans-serif;\"><span style=\"font-size: 12px;\">Aquest ha estat el nostre granet de sorra per celebrar el Dia Europeu de les Lleng\u00fces, per promocionar el pluriling\u00fcisme com un tresor a preservar, per promoure les lleng\u00fces i les cultures i prendre consci\u00e8ncia i respecte cap a la diversitat ling\u00fc\u00edstica.<\/span><\/span><\/span><\/p>\n<p> \t\t\t\t\t<span style=\"color:#000080;\"><span style=\"font-family: arial,helvetica,sans-serif;\"><span style=\"font-size: 12px;\">Podeu veure totes les activitats al bloc del centre dedicat a les lleng\u00fces: <\/span><\/span><\/span><a href=\"http:\/\/lesmiqueletes.blogspot.com\" target=\"_blank\" rel=\"noopener noreferrer\"><span style=\"font-family:arial,helvetica,sans-serif;\"><span style=\"font-size: 12px;\"><span style=\"color:#000080;\">ht<\/span><\/span><\/span><\/a><a href=\"http:\/\/lesmiqueletes.blogspot.com\" target=\"_blank\" rel=\"noopener noreferrer\"><span style=\"font-family:arial,helvetica,sans-serif;\"><span style=\"font-size: 12px;\"><span style=\"color:#000080;\">tp:\/\/lesmiqueletes.blogspot.<\/span><\/span><\/span><\/a><wbr \/><a href=\"http:\/\/lesmiqueletes.blogspot.com\" target=\"_blank\" rel=\"noopener noreferrer\"><span style=\"color:#000080;\"><span style=\"font-family: arial,helvetica,sans-serif;\"><span style=\"font-size: 12px;\">com<\/span><\/span><\/span><\/a><span style=\"color:#000080;\"><span style=\"font-family: arial,helvetica,sans-serif;\"><span style=\"font-size: 12px;\"> <\/span><\/span><\/span><\/p>\n<p style=\"text-align: center;\"> \t\t\t\t\t<span style=\"color:#800000;\"><span style=\"font-family: arial,helvetica,sans-serif;\"><span style=\"font-size: 12px;\"><strong>\u00c0udio: cliqueu <\/strong><\/span><\/span><\/span><span style=\"font-family: arial,helvetica,sans-serif;\"><span style=\"font-size: 12px;\"><\/span><\/span><span style=\"color:#000080;\"><span style=\"font-family: arial,helvetica,sans-serif;\"><span style=\"font-size: 12px;\"><a href=\"http:\/\/podcastcdn-12.ivoox.com\/audio\/0\/2\/0\/7\/3537020.m4a?secure=io4mTDymlxytaDDUEeG9TQ==,1412545585\" target=\"_blank\" rel=\"noopener noreferrer\"><strong>AQU\u00cd<\/strong><\/a><\/span><\/span><\/span><\/p>\n<p style=\"text-align: center;\"> \t\t\t\t\t<span style=\"color:#800000;\"><span style=\"font-family: arial,helvetica,sans-serif;\"><span style=\"font-size: 12px;\"><strong>Fotos: cliqueu<\/strong><\/span><\/span><\/span><span style=\"color:#000080;\"><span style=\"font-family: arial,helvetica,sans-serif;\"><span style=\"font-size: 12px;\"><strong> <a href=\"https:\/\/plus.google.com\/u\/0\/photos\/109498999531873247913\/albums\/6064150826918337537\/6064150838697097074?pid=6064150838697097074&amp;oid=109498999531873247913\" target=\"_blank\" rel=\"noopener noreferrer\">AQU\u00cd<\/a><\/strong><\/span><\/span><\/span><\/p>\n<p style=\"text-align: center;\"> \t\t\t\t\t<span style=\"font-size: xx-small;\"><span style=\"color: rgb(0, 0, 204);\"><iframe loading=\"lazy\" allowfullscreen=\"\" frameborder=\"0\" height=\"225\" src=\"\/\/www.youtube.com\/embed\/W8jSfO5nwDg?feature=player_detailpage\" width=\"400\"><\/iframe><\/span><\/span><\/p>\n<\/td>\n<\/tr>\n<\/tbody>\n<\/table>\n<p> \t&nbsp;<\/p>\n","protected":false},"excerpt":{"rendered":"<p>Dia Europeu de les Lleng\u00fces<\/p>\n","protected":false},"author":1,"featured_media":0,"comment_status":"open","ping_status":"open","sticky":false,"template":"","format":"standard","meta":{"_bbp_topic_count":0,"_bbp_reply_count":0,"_bbp_total_topic_count":0,"_bbp_total_reply_count":0,"_bbp_voice_count":0,"_bbp_anonymous_reply_count":0,"_bbp_topic_count_hidden":0,"_bbp_reply_count_hidden":0,"_bbp_forum_subforum_count":0,"site-sidebar-layout":"default","site-content-layout":"","ast-site-content-layout":"","site-content-style":"default","site-sidebar-style":"default","ast-global-header-display":"","ast-banner-title-visibility":"","ast-main-header-display":"","ast-hfb-above-header-display":"","ast-hfb-below-header-display":"","ast-hfb-mobile-header-display":"","site-post-title":"","ast-breadcrumbs-content":"","ast-featured-img":"","footer-sml-layout":"","theme-transparent-header-meta":"","adv-header-id-meta":"","stick-header-meta":"","header-above-stick-meta":"","header-main-stick-meta":"","header-below-stick-meta":"","astra-migrate-meta-layouts":"default","ast-page-background-enabled":"default","ast-page-background-meta":{"desktop":{"background-color":"var(--ast-global-color-4)","background-image":"","background-repeat":"repeat","background-position":"center center","background-size":"auto","background-attachment":"scroll","background-type":"","background-media":"","overlay-type":"","overlay-color":"","overlay-opacity":"","overlay-gradient":""},"tablet":{"background-color":"","background-image":"","background-repeat":"repeat","background-position":"center center","background-size":"auto","background-attachment":"scroll","background-type":"","background-media":"","overlay-type":"","overlay-color":"","overlay-opacity":"","overlay-gradient":""},"mobile":{"background-color":"","background-image":"","background-repeat":"repeat","background-position":"center center","background-size":"auto","background-attachment":"scroll","background-type":"","background-media":"","overlay-type":"","overlay-color":"","overlay-opacity":"","overlay-gradient":""}},"ast-content-background-meta":{"desktop":{"background-color":"var(--ast-global-color-5)","background-image":"","background-repeat":"repeat","background-position":"center center","background-size":"auto","background-attachment":"scroll","background-type":"","background-media":"","overlay-type":"","overlay-color":"","overlay-opacity":"","overlay-gradient":""},"tablet":{"background-color":"var(--ast-global-color-5)","background-image":"","background-repeat":"repeat","background-position":"center center","background-size":"auto","background-attachment":"scroll","background-type":"","background-media":"","overlay-type":"","overlay-color":"","overlay-opacity":"","overlay-gradient":""},"mobile":{"background-color":"var(--ast-global-color-5)","background-image":"","background-repeat":"repeat","background-position":"center center","background-size":"auto","background-attachment":"scroll","background-type":"","background-media":"","overlay-type":"","overlay-color":"","overlay-opacity":"","overlay-gradient":""}},"footnotes":""},"categories":[347,351],"tags":[],"class_list":["post-878","post","type-post","status-publish","format-standard","hentry","category-general","category-portada"],"post_mailing_queue_ids":[],"_links":{"self":[{"href":"https:\/\/agora.xtec.cat\/iesmarti-i-pol\/wp-json\/wp\/v2\/posts\/878","targetHints":{"allow":["GET"]}}],"collection":[{"href":"https:\/\/agora.xtec.cat\/iesmarti-i-pol\/wp-json\/wp\/v2\/posts"}],"about":[{"href":"https:\/\/agora.xtec.cat\/iesmarti-i-pol\/wp-json\/wp\/v2\/types\/post"}],"author":[{"embeddable":true,"href":"https:\/\/agora.xtec.cat\/iesmarti-i-pol\/wp-json\/wp\/v2\/users\/1"}],"replies":[{"embeddable":true,"href":"https:\/\/agora.xtec.cat\/iesmarti-i-pol\/wp-json\/wp\/v2\/comments?post=878"}],"version-history":[{"count":1,"href":"https:\/\/agora.xtec.cat\/iesmarti-i-pol\/wp-json\/wp\/v2\/posts\/878\/revisions"}],"predecessor-version":[{"id":18917,"href":"https:\/\/agora.xtec.cat\/iesmarti-i-pol\/wp-json\/wp\/v2\/posts\/878\/revisions\/18917"}],"wp:attachment":[{"href":"https:\/\/agora.xtec.cat\/iesmarti-i-pol\/wp-json\/wp\/v2\/media?parent=878"}],"wp:term":[{"taxonomy":"category","embeddable":true,"href":"https:\/\/agora.xtec.cat\/iesmarti-i-pol\/wp-json\/wp\/v2\/categories?post=878"},{"taxonomy":"post_tag","embeddable":true,"href":"https:\/\/agora.xtec.cat\/iesmarti-i-pol\/wp-json\/wp\/v2\/tags?post=878"}],"curies":[{"name":"wp","href":"https:\/\/api.w.org\/{rel}","templated":true}]}}