{"id":87,"date":"2021-01-25T22:00:00","date_gmt":"2021-01-25T21:00:00","guid":{"rendered":"http:\/\/mmpol.cat\/home2\/mmpolcat\/wordpress\/?p=87"},"modified":"2021-10-02T18:14:58","modified_gmt":"2021-10-02T16:14:58","slug":"el-raco-de-miquel-marti-i-pol","status":"publish","type":"post","link":"https:\/\/agora.xtec.cat\/iesmarti-i-pol\/general\/el-raco-de-miquel-marti-i-pol\/","title":{"rendered":"El rac\u00f3 de Miquel Mart\u00ed i Pol"},"content":{"rendered":"<h6>Miquel Mart\u00ed i Pol<\/h6>\n<p>Miquel Mart\u00ed i Pol \u00e9s un dels poetes catalans m\u00e9s importants. Nascut a Roda de Ter el 19 de mar\u00e7 de 1929, va comen\u00e7ar a treballar de ben jove a la f\u00e0brica de filatura de cot\u00f3 durant uns 30 anys, fins el que el 1973 li van diagnosticar esclerosi m\u00faltiple. Va morir l&#8217;11 de novembre de 2003.<\/p>\n<p>Va publicar m\u00e9s de 30 llibres, la majoria de poesia. Els seus poemes inicials s\u00f3n un reflex del seu treball a la f\u00e0brica, dels treballadors i del poble. La seva poesia s&#8217;inclouria dins de la poesia social, la qual amb les viv\u00e8ncies del propi autor, es va anar convertint en una poesia m\u00e9s \u00edntima i reflexiva.<\/p>\n<p>El nostre institut va tenir la sort de poder compartir moments amb el poeta, tant al centre com a Roda de Ter. L&#8217;any 1991 Miquel Mart\u00ed i Pol va dedicar aquest poema al nostre centre:<\/p>\n<h6>Us proposo de compartir el misteri<br \/>\ndels ulls i del desig, perqu\u00e8 no hi hagi<br \/>\nentre vosaltres i jo cap reducte<br \/>\nvedat a la tendresa. Aix\u00ed ens ser\u00e0<br \/>\npossible viure junts en l&#8217;\u00e0mbit dels somnis.<\/h6>\n<h6>Vast i profund com una mar immensa,<br \/>\ni jo potser ser\u00e9 per a tots vosaltres<br \/>\nm\u00e9s que un record i menys que<br \/>\nuna pres\u00e8ncia<\/h6>\n<h6 style=\"text-align: right;\">setembre 1991 &#8211; Miquel Mart\u00ed i Pol<\/h6>\n<p>&nbsp;<\/p>\n<p>Des de l&#8217;institut treballem els seus poemes i cada any organitzem el Premi Jove Poesia Miquel Mart\u00ed i Pol adre\u00e7at a l&#8217;alumnat de sis\u00e8 de prim\u00e0ria.<\/p>\n<p>&nbsp;<\/p>\n<p><iframe loading=\"lazy\" src=\"\/\/www.youtube.com\/embed\/yWtJdLfQKFc\" width=\"560\" height=\"315\" frameborder=\"0\"><\/iframe><\/p>\n<p><iframe loading=\"lazy\" src=\"\/\/www.youtube.com\/embed\/GN-XEvocvPQ\" width=\"560\" height=\"315\" frameborder=\"0\"><\/iframe><\/p>\n<p><iframe loading=\"lazy\" src=\"\/\/www.youtube.com\/embed\/AQpGYa4mPV0\" width=\"560\" height=\"315\" frameborder=\"0\"><\/iframe><\/p>\n<p><iframe loading=\"lazy\" src=\"\/\/www.youtube.com\/embed\/q2X1LkrcpKE\" width=\"560\" height=\"315\" frameborder=\"0\"><\/iframe><\/p>\n<p>&nbsp;<\/p>\n","protected":false},"excerpt":{"rendered":"<p>Miquel Mart\u00ed i Pol Miquel Mart\u00ed i Pol \u00e9s un dels poetes catalans m\u00e9s importants. Nascut a Roda de Ter el 19 de mar\u00e7 de 1929, va comen\u00e7ar a treballar de ben jove a la f\u00e0brica de filatura de cot\u00f3 durant uns 30 anys, fins el que el 1973 li van diagnosticar esclerosi m\u00faltiple. Va [&hellip;]<\/p>\n","protected":false},"author":1,"featured_media":0,"comment_status":"closed","ping_status":"closed","sticky":false,"template":"","format":"standard","meta":{"_bbp_topic_count":0,"_bbp_reply_count":0,"_bbp_total_topic_count":0,"_bbp_total_reply_count":0,"_bbp_voice_count":0,"_bbp_anonymous_reply_count":0,"_bbp_topic_count_hidden":0,"_bbp_reply_count_hidden":0,"_bbp_forum_subforum_count":0,"site-sidebar-layout":"default","site-content-layout":"","ast-site-content-layout":"","site-content-style":"default","site-sidebar-style":"default","ast-global-header-display":"","ast-banner-title-visibility":"","ast-main-header-display":"","ast-hfb-above-header-display":"","ast-hfb-below-header-display":"","ast-hfb-mobile-header-display":"","site-post-title":"","ast-breadcrumbs-content":"","ast-featured-img":"","footer-sml-layout":"","theme-transparent-header-meta":"","adv-header-id-meta":"","stick-header-meta":"","header-above-stick-meta":"","header-main-stick-meta":"","header-below-stick-meta":"","astra-migrate-meta-layouts":"default","ast-page-background-enabled":"default","ast-page-background-meta":{"desktop":{"background-color":"var(--ast-global-color-4)","background-image":"","background-repeat":"repeat","background-position":"center center","background-size":"auto","background-attachment":"scroll","background-type":"","background-media":"","overlay-type":"","overlay-color":"","overlay-opacity":"","overlay-gradient":""},"tablet":{"background-color":"","background-image":"","background-repeat":"repeat","background-position":"center center","background-size":"auto","background-attachment":"scroll","background-type":"","background-media":"","overlay-type":"","overlay-color":"","overlay-opacity":"","overlay-gradient":""},"mobile":{"background-color":"","background-image":"","background-repeat":"repeat","background-position":"center center","background-size":"auto","background-attachment":"scroll","background-type":"","background-media":"","overlay-type":"","overlay-color":"","overlay-opacity":"","overlay-gradient":""}},"ast-content-background-meta":{"desktop":{"background-color":"var(--ast-global-color-5)","background-image":"","background-repeat":"repeat","background-position":"center center","background-size":"auto","background-attachment":"scroll","background-type":"","background-media":"","overlay-type":"","overlay-color":"","overlay-opacity":"","overlay-gradient":""},"tablet":{"background-color":"var(--ast-global-color-5)","background-image":"","background-repeat":"repeat","background-position":"center center","background-size":"auto","background-attachment":"scroll","background-type":"","background-media":"","overlay-type":"","overlay-color":"","overlay-opacity":"","overlay-gradient":""},"mobile":{"background-color":"var(--ast-global-color-5)","background-image":"","background-repeat":"repeat","background-position":"center center","background-size":"auto","background-attachment":"scroll","background-type":"","background-media":"","overlay-type":"","overlay-color":"","overlay-opacity":"","overlay-gradient":""}},"footnotes":""},"categories":[347,351],"tags":[],"class_list":["post-87","post","type-post","status-publish","format-standard","hentry","category-general","category-portada"],"post_mailing_queue_ids":[],"_links":{"self":[{"href":"https:\/\/agora.xtec.cat\/iesmarti-i-pol\/wp-json\/wp\/v2\/posts\/87","targetHints":{"allow":["GET"]}}],"collection":[{"href":"https:\/\/agora.xtec.cat\/iesmarti-i-pol\/wp-json\/wp\/v2\/posts"}],"about":[{"href":"https:\/\/agora.xtec.cat\/iesmarti-i-pol\/wp-json\/wp\/v2\/types\/post"}],"author":[{"embeddable":true,"href":"https:\/\/agora.xtec.cat\/iesmarti-i-pol\/wp-json\/wp\/v2\/users\/1"}],"replies":[{"embeddable":true,"href":"https:\/\/agora.xtec.cat\/iesmarti-i-pol\/wp-json\/wp\/v2\/comments?post=87"}],"version-history":[{"count":4,"href":"https:\/\/agora.xtec.cat\/iesmarti-i-pol\/wp-json\/wp\/v2\/posts\/87\/revisions"}],"predecessor-version":[{"id":21018,"href":"https:\/\/agora.xtec.cat\/iesmarti-i-pol\/wp-json\/wp\/v2\/posts\/87\/revisions\/21018"}],"wp:attachment":[{"href":"https:\/\/agora.xtec.cat\/iesmarti-i-pol\/wp-json\/wp\/v2\/media?parent=87"}],"wp:term":[{"taxonomy":"category","embeddable":true,"href":"https:\/\/agora.xtec.cat\/iesmarti-i-pol\/wp-json\/wp\/v2\/categories?post=87"},{"taxonomy":"post_tag","embeddable":true,"href":"https:\/\/agora.xtec.cat\/iesmarti-i-pol\/wp-json\/wp\/v2\/tags?post=87"}],"curies":[{"name":"wp","href":"https:\/\/api.w.org\/{rel}","templated":true}]}}