{"id":814,"date":"2014-03-21T00:00:00","date_gmt":"2014-03-21T00:00:00","guid":{"rendered":"http:\/\/mmpol.cat\/home2\/mmpolcat\/wordpress\/?p=814"},"modified":"2021-03-05T19:39:27","modified_gmt":"2021-03-05T18:39:27","slug":"taller-dinspeccio-del-riu","status":"publish","type":"post","link":"https:\/\/agora.xtec.cat\/iesmarti-i-pol\/portada\/taller-dinspeccio-del-riu\/","title":{"rendered":"Taller d&#039;inspecci\u00f3 del riu"},"content":{"rendered":"<p><span style=\"color: rgb(51, 51, 153);\"> <\/p>\n<table width=\"500\" cellspacing=\"1\" cellpadding=\"1\" border=\"0\" style=\"\">\n<tbody>\n<tr>\n<td bgcolor=\"#cc0099\" style=\"text-align: justify;\">\n<div style=\"text-align: center;\"><strong><span style=\"color: rgb(255, 255, 255);\">Taller d&#8217;inspecci\u00f3 del riu (cicle de farm\u00e0cia i parafarm\u00e0cia)<\/span><\/strong><span style=\"color: rgb(255, 255, 255);\"><br \/>             <\/span><\/div>\n<\/td>\n<\/tr>\n<\/tbody>\n<\/table>\n<p> <\/span><\/p>\n<p>  <!--more-->  <\/p>\n<p><span style=\"font-size: xx-small;\"><span style=\"color: rgb(0, 0, 204);\"> <\/p>\n<table width=\"534\" cellspacing=\"1\" cellpadding=\"1\" border=\"0\" style=\"width: 534px; height: 64px;\">\n<tbody>\n<tr>\n<td><img loading=\"lazy\" decoding=\"async\" class=\" size-full wp-image-14\" width=\"15\" height=\"15\" alt=\"\" src=\"http:\/\/agora.xtec.cat\/iesmarti-i-pol\/wp-content\/uploads\/usu1292\/2008\/07\/espai.gif\" \/><\/td>\n<td style=\"text-align: justify;\">\n<p><span style=\"color: rgb(0, 0, 128);\"><span style=\"font-size: 12px;\"><span style=\"font-family: Verdana;\"><span lang=\"CA\">Divendres 21 de mar\u00e7, el grup de 1r de farm\u00e0cia i parafarm\u00e0cia i 2n de salut ambiental vam fer una sortida al riu Llobregat per con\u00e8ixer el medi natural que tenim tant a prop.<\/span>  <\/span><\/span><\/span><span style=\"font-size: 12px;\"><span style=\"font-family: Arial;\"><font color=\"#0000cc\">             <\/font><\/span><\/span><\/p>\n<p>             <font color=\"#0000cc\">             <span style=\"font-size: 12px;\"><span style=\"font-family: Verdana;\">             <\/p>\n<p class=\"MsoNormal\" style=\"text-align:justify\"><span style=\"color: rgb(0, 0, 128);\"><span lang=\"CA\">L&rsquo;activitat consistia en un taller d&rsquo;inspecci\u00f3 del riu per analitzar la seva qualitat fisicoqu\u00edmica i biol\u00f2gica. Per aix\u00f2 vam estudiar les caracter\u00edstiques de la ribera. Tamb\u00e9 vam mesurar par\u00e0metres com la temperatura, el pH, els nitrats, l&rsquo;oxigen dissolt&#8230;&nbsp; <\/span><\/span><\/p>\n<p>             <\/span><\/span><span style=\"color: rgb(0, 0, 128);\"><span style=\"font-size: 12px;\"><span style=\"font-family: Verdana;\">  <\/span><\/span><\/span>             <\/p>\n<p class=\"MsoNormal\" style=\"text-align:justify\"><span style=\"color: rgb(0, 0, 128);\"><span style=\"font-size: 12px;\"><span style=\"font-family: Verdana;\"><span lang=\"CA\">I per \u00faltim, lo m\u00e9s divertit, vam buscar macroinvertebrats a l&rsquo;aigua o sota les pedres. D\u00e9u n&rsquo;hi do la quantitat que vam trobar!<\/span><\/span><\/span><\/span><\/p>\n<p class=\"MsoNormal\" style=\"text-align:justify\"><span style=\"color: rgb(0, 0, 128);\"><span style=\"font-size: 12px;\"><span style=\"font-family: Verdana;\"><span lang=\"CA\">I amb tots els resultats que vam obtenir, vam veure que el riu Llobregat es troba en per\u00edode de recuperaci\u00f3 i que tots hem de contribuir a aquest proc\u00e9s.<\/span><\/span><\/span><\/span><\/p>\n<p>             <\/font><span style=\"font-family: Verdana;\"><span style=\"font-size: 12px;\"><font color=\"#0000cc\"><br \/>             <\/font><\/span><\/span><embed width=\"600\" height=\"400\" pluginspage=\"http:\/\/www.macromedia.com\/go\/getflashplayer\" flashvars=\"host=picasaweb.google.com&amp;hl=en_US&amp;feat=flashalbum&amp;RGB=0x000000&amp;feed=https%3A%2F%2Fpicasaweb.google.com%2Fdata%2Ffeed%2Fapi%2Fuser%2F111892423590083005487%2Falbumid%2F5994303249933642337%3Falt%3Drss%26kind%3Dphoto%26hl%3Den_US\" src=\"https:\/\/static.googleusercontent.com\/external_content\/picasaweb.googleusercontent.com\/slideshow.swf\" type=\"application\/x-shockwave-flash\" \/>             <\/p>\n<p>&nbsp;<\/p>\n<\/td>\n<\/tr>\n<\/tbody>\n<\/table>\n<p> <\/span><\/span><\/p>\n","protected":false},"excerpt":{"rendered":"<p>Taller d&#8217;inspecci\u00f3 del riu (cicle de farm\u00e0cia i parafarm\u00e0cia)<\/p>\n","protected":false},"author":1,"featured_media":2240,"comment_status":"open","ping_status":"open","sticky":false,"template":"","format":"standard","meta":{"_bbp_topic_count":0,"_bbp_reply_count":0,"_bbp_total_topic_count":0,"_bbp_total_reply_count":0,"_bbp_voice_count":0,"_bbp_anonymous_reply_count":0,"_bbp_topic_count_hidden":0,"_bbp_reply_count_hidden":0,"_bbp_forum_subforum_count":0,"site-sidebar-layout":"default","site-content-layout":"","ast-site-content-layout":"","site-content-style":"default","site-sidebar-style":"default","ast-global-header-display":"","ast-banner-title-visibility":"","ast-main-header-display":"","ast-hfb-above-header-display":"","ast-hfb-below-header-display":"","ast-hfb-mobile-header-display":"","site-post-title":"","ast-breadcrumbs-content":"","ast-featured-img":"","footer-sml-layout":"","theme-transparent-header-meta":"","adv-header-id-meta":"","stick-header-meta":"","header-above-stick-meta":"","header-main-stick-meta":"","header-below-stick-meta":"","astra-migrate-meta-layouts":"default","ast-page-background-enabled":"default","ast-page-background-meta":{"desktop":{"background-color":"var(--ast-global-color-4)","background-image":"","background-repeat":"repeat","background-position":"center center","background-size":"auto","background-attachment":"scroll","background-type":"","background-media":"","overlay-type":"","overlay-color":"","overlay-opacity":"","overlay-gradient":""},"tablet":{"background-color":"","background-image":"","background-repeat":"repeat","background-position":"center center","background-size":"auto","background-attachment":"scroll","background-type":"","background-media":"","overlay-type":"","overlay-color":"","overlay-opacity":"","overlay-gradient":""},"mobile":{"background-color":"","background-image":"","background-repeat":"repeat","background-position":"center center","background-size":"auto","background-attachment":"scroll","background-type":"","background-media":"","overlay-type":"","overlay-color":"","overlay-opacity":"","overlay-gradient":""}},"ast-content-background-meta":{"desktop":{"background-color":"var(--ast-global-color-5)","background-image":"","background-repeat":"repeat","background-position":"center center","background-size":"auto","background-attachment":"scroll","background-type":"","background-media":"","overlay-type":"","overlay-color":"","overlay-opacity":"","overlay-gradient":""},"tablet":{"background-color":"var(--ast-global-color-5)","background-image":"","background-repeat":"repeat","background-position":"center center","background-size":"auto","background-attachment":"scroll","background-type":"","background-media":"","overlay-type":"","overlay-color":"","overlay-opacity":"","overlay-gradient":""},"mobile":{"background-color":"var(--ast-global-color-5)","background-image":"","background-repeat":"repeat","background-position":"center center","background-size":"auto","background-attachment":"scroll","background-type":"","background-media":"","overlay-type":"","overlay-color":"","overlay-opacity":"","overlay-gradient":""}},"footnotes":""},"categories":[351],"tags":[],"class_list":["post-814","post","type-post","status-publish","format-standard","has-post-thumbnail","hentry","category-portada"],"post_mailing_queue_ids":[],"_links":{"self":[{"href":"https:\/\/agora.xtec.cat\/iesmarti-i-pol\/wp-json\/wp\/v2\/posts\/814","targetHints":{"allow":["GET"]}}],"collection":[{"href":"https:\/\/agora.xtec.cat\/iesmarti-i-pol\/wp-json\/wp\/v2\/posts"}],"about":[{"href":"https:\/\/agora.xtec.cat\/iesmarti-i-pol\/wp-json\/wp\/v2\/types\/post"}],"author":[{"embeddable":true,"href":"https:\/\/agora.xtec.cat\/iesmarti-i-pol\/wp-json\/wp\/v2\/users\/1"}],"replies":[{"embeddable":true,"href":"https:\/\/agora.xtec.cat\/iesmarti-i-pol\/wp-json\/wp\/v2\/comments?post=814"}],"version-history":[{"count":1,"href":"https:\/\/agora.xtec.cat\/iesmarti-i-pol\/wp-json\/wp\/v2\/posts\/814\/revisions"}],"predecessor-version":[{"id":18931,"href":"https:\/\/agora.xtec.cat\/iesmarti-i-pol\/wp-json\/wp\/v2\/posts\/814\/revisions\/18931"}],"wp:featuredmedia":[{"embeddable":true,"href":"https:\/\/agora.xtec.cat\/iesmarti-i-pol\/wp-json\/wp\/v2\/media\/2240"}],"wp:attachment":[{"href":"https:\/\/agora.xtec.cat\/iesmarti-i-pol\/wp-json\/wp\/v2\/media?parent=814"}],"wp:term":[{"taxonomy":"category","embeddable":true,"href":"https:\/\/agora.xtec.cat\/iesmarti-i-pol\/wp-json\/wp\/v2\/categories?post=814"},{"taxonomy":"post_tag","embeddable":true,"href":"https:\/\/agora.xtec.cat\/iesmarti-i-pol\/wp-json\/wp\/v2\/tags?post=814"}],"curies":[{"name":"wp","href":"https:\/\/api.w.org\/{rel}","templated":true}]}}