{"id":807,"date":"2014-01-30T00:00:00","date_gmt":"2014-01-30T00:00:00","guid":{"rendered":"http:\/\/mmpol.cat\/home2\/mmpolcat\/wordpress\/?p=807"},"modified":"2021-03-05T19:39:28","modified_gmt":"2021-03-05T18:39:28","slug":"jornada-de-la-pau-cicles-formatius","status":"publish","type":"post","link":"https:\/\/agora.xtec.cat\/iesmarti-i-pol\/general\/jornada-de-la-pau-cicles-formatius\/","title":{"rendered":"Jornada de la pau (cicles formatius)"},"content":{"rendered":"<p><span style=\"color: rgb(51, 51, 153);\"> <\/p>\n<table width=\"500\" cellspacing=\"1\" cellpadding=\"1\" border=\"0\" style=\"\">\n<tbody>\n<tr>\n<td bgcolor=\"#cc0099\" style=\"text-align: justify;\">\n<div style=\"text-align: center;\"><strong><span style=\"color: rgb(255, 255, 255);\">Jornada de la pau a cicles formatius<\/span><\/strong><span style=\"color: rgb(255, 255, 255);\"><br \/>             <\/span><\/div>\n<\/td>\n<\/tr>\n<\/tbody>\n<\/table>\n<p> <\/span><\/p>\n<p>  <!--more-->  <\/p>\n<p><span style=\"font-size: xx-small;\"><span style=\"color: rgb(0, 0, 204);\"> <\/p>\n<table width=\"534\" cellspacing=\"1\" cellpadding=\"1\" border=\"0\" style=\"width: 534px; height: 64px;\">\n<tbody>\n<tr>\n<td><img loading=\"lazy\" decoding=\"async\" class=\" size-full wp-image-14\" width=\"15\" height=\"15\" src=\"http:\/\/agora.xtec.cat\/iesmarti-i-pol\/wp-content\/uploads\/usu1292\/2008\/07\/espai.gif\" alt=\"\" \/><\/td>\n<td style=\"text-align: justify;\">\n<p><strong><span style=\"color: rgb(128, 0, 0);\"><span style=\"font-family: Verdana;\"><span style=\"font-size: 12px;\">Jornada de la pau. Dia de la No-Viol\u00e8ncia i la Pau (30-1-2014)<\/span><\/span><\/span><\/strong><\/p>\n<p><span style=\"font-family: Verdana;\"><span style=\"font-size: 12px;\"><font color=\"#0000cc\">El centre organitza cada any una jornada sobre la pau, que es fa coincidir amb el dia de la No-Viol\u00e8ncia, el 30 de gener. Aquest any s&rsquo;ha dedicat la jornada a Nelson Mandela, que va morir el passat desembre. <br \/>             Durant aquesta setmana es van fer diferents activitats relacionades amb la pau. 1r d&rsquo;ESO va elaborar uns murals amb frases de Nelson Mandela i Gandhi sobre la pau. 2n d&rsquo;ESO i 4t d&rsquo;ESO van veure uns v\u00eddeos sobre la pau i la viol\u00e8ncia a les tutories. 3r d&rsquo;ESO va fer uns tallers amb l&rsquo;associaci\u00f3 Ir\u00e8nia sobre la Pau. Els cicles formatius, a la tarda, van organitzar una xocolatada solid\u00e0ria per recaptar diners per a una ONG de Cornell\u00e0 i ajudar la gent m\u00e9s necessitada del poble. <\/font><\/span><\/span><\/p>\n<p style=\"text-align: center;\"><span style=\"font-family: Verdana;\"><span style=\"font-size: 12px;\"><font color=\"#0000cc\"><a href=\"http:\/\/mmpol.cat\/home2\/mmpolcat\/wordpress\/?p=795\">Activitats organitzades a l&#8217;ESO<\/a><br \/>             <\/font><\/span><\/span><span style=\"font-family: Verdana;\"><span style=\"font-size: 12px;\"><font color=\"#0000cc\"><br \/>             <\/font><\/span><\/span><iframe loading=\"lazy\" width=\"480\" height=\"270\" frameborder=\"0\" allowfullscreen=\"\" src=\"\/\/www.youtube.com\/embed\/ZRLXFafZ85c?feature=player_detailpage\"><\/iframe><\/p>\n<\/td>\n<\/tr>\n<\/tbody>\n<\/table>\n<p> <\/span><\/span><\/p>\n","protected":false},"excerpt":{"rendered":"<p>Jornada de la pau a cicles formatius<\/p>\n","protected":false},"author":1,"featured_media":2240,"comment_status":"open","ping_status":"open","sticky":false,"template":"","format":"standard","meta":{"_bbp_topic_count":0,"_bbp_reply_count":0,"_bbp_total_topic_count":0,"_bbp_total_reply_count":0,"_bbp_voice_count":0,"_bbp_anonymous_reply_count":0,"_bbp_topic_count_hidden":0,"_bbp_reply_count_hidden":0,"_bbp_forum_subforum_count":0,"site-sidebar-layout":"default","site-content-layout":"","ast-site-content-layout":"","site-content-style":"default","site-sidebar-style":"default","ast-global-header-display":"","ast-banner-title-visibility":"","ast-main-header-display":"","ast-hfb-above-header-display":"","ast-hfb-below-header-display":"","ast-hfb-mobile-header-display":"","site-post-title":"","ast-breadcrumbs-content":"","ast-featured-img":"","footer-sml-layout":"","theme-transparent-header-meta":"","adv-header-id-meta":"","stick-header-meta":"","header-above-stick-meta":"","header-main-stick-meta":"","header-below-stick-meta":"","astra-migrate-meta-layouts":"default","ast-page-background-enabled":"default","ast-page-background-meta":{"desktop":{"background-color":"var(--ast-global-color-4)","background-image":"","background-repeat":"repeat","background-position":"center center","background-size":"auto","background-attachment":"scroll","background-type":"","background-media":"","overlay-type":"","overlay-color":"","overlay-opacity":"","overlay-gradient":""},"tablet":{"background-color":"","background-image":"","background-repeat":"repeat","background-position":"center center","background-size":"auto","background-attachment":"scroll","background-type":"","background-media":"","overlay-type":"","overlay-color":"","overlay-opacity":"","overlay-gradient":""},"mobile":{"background-color":"","background-image":"","background-repeat":"repeat","background-position":"center center","background-size":"auto","background-attachment":"scroll","background-type":"","background-media":"","overlay-type":"","overlay-color":"","overlay-opacity":"","overlay-gradient":""}},"ast-content-background-meta":{"desktop":{"background-color":"var(--ast-global-color-5)","background-image":"","background-repeat":"repeat","background-position":"center center","background-size":"auto","background-attachment":"scroll","background-type":"","background-media":"","overlay-type":"","overlay-color":"","overlay-opacity":"","overlay-gradient":""},"tablet":{"background-color":"var(--ast-global-color-5)","background-image":"","background-repeat":"repeat","background-position":"center center","background-size":"auto","background-attachment":"scroll","background-type":"","background-media":"","overlay-type":"","overlay-color":"","overlay-opacity":"","overlay-gradient":""},"mobile":{"background-color":"var(--ast-global-color-5)","background-image":"","background-repeat":"repeat","background-position":"center center","background-size":"auto","background-attachment":"scroll","background-type":"","background-media":"","overlay-type":"","overlay-color":"","overlay-opacity":"","overlay-gradient":""}},"footnotes":""},"categories":[347,351],"tags":[],"class_list":["post-807","post","type-post","status-publish","format-standard","has-post-thumbnail","hentry","category-general","category-portada"],"post_mailing_queue_ids":[],"_links":{"self":[{"href":"https:\/\/agora.xtec.cat\/iesmarti-i-pol\/wp-json\/wp\/v2\/posts\/807","targetHints":{"allow":["GET"]}}],"collection":[{"href":"https:\/\/agora.xtec.cat\/iesmarti-i-pol\/wp-json\/wp\/v2\/posts"}],"about":[{"href":"https:\/\/agora.xtec.cat\/iesmarti-i-pol\/wp-json\/wp\/v2\/types\/post"}],"author":[{"embeddable":true,"href":"https:\/\/agora.xtec.cat\/iesmarti-i-pol\/wp-json\/wp\/v2\/users\/1"}],"replies":[{"embeddable":true,"href":"https:\/\/agora.xtec.cat\/iesmarti-i-pol\/wp-json\/wp\/v2\/comments?post=807"}],"version-history":[{"count":1,"href":"https:\/\/agora.xtec.cat\/iesmarti-i-pol\/wp-json\/wp\/v2\/posts\/807\/revisions"}],"predecessor-version":[{"id":18944,"href":"https:\/\/agora.xtec.cat\/iesmarti-i-pol\/wp-json\/wp\/v2\/posts\/807\/revisions\/18944"}],"wp:featuredmedia":[{"embeddable":true,"href":"https:\/\/agora.xtec.cat\/iesmarti-i-pol\/wp-json\/wp\/v2\/media\/2240"}],"wp:attachment":[{"href":"https:\/\/agora.xtec.cat\/iesmarti-i-pol\/wp-json\/wp\/v2\/media?parent=807"}],"wp:term":[{"taxonomy":"category","embeddable":true,"href":"https:\/\/agora.xtec.cat\/iesmarti-i-pol\/wp-json\/wp\/v2\/categories?post=807"},{"taxonomy":"post_tag","embeddable":true,"href":"https:\/\/agora.xtec.cat\/iesmarti-i-pol\/wp-json\/wp\/v2\/tags?post=807"}],"curies":[{"name":"wp","href":"https:\/\/api.w.org\/{rel}","templated":true}]}}