{"id":794,"date":"2014-01-30T00:00:00","date_gmt":"2014-01-30T00:00:00","guid":{"rendered":"http:\/\/mmpol.cat\/home2\/mmpolcat\/wordpress\/?p=794"},"modified":"2021-03-05T19:39:28","modified_gmt":"2021-03-05T18:39:28","slug":"jornada-de-la-pau","status":"publish","type":"post","link":"https:\/\/agora.xtec.cat\/iesmarti-i-pol\/portada\/jornada-de-la-pau\/","title":{"rendered":"Jornada de la pau"},"content":{"rendered":"<p><span style=\"color: rgb(51, 51, 153);\"> <\/p>\n<table width=\"500\" cellpadding=\"1\" border=\"0\" cellspacing=\"1\" style=\"\">\n<tbody>\n<tr>\n<td bgcolor=\"#cc0099\" style=\"text-align: justify;\">\n<div style=\"text-align: center;\"><strong><span style=\"color: rgb(255, 255, 255);\">Jornada de la pau. Dia de la No-Viol\u00e8ncia i la Pau (30-1-2014)<\/span><\/strong><span style=\"color: rgb(255, 255, 255);\"><br \/>             <\/span><\/div>\n<\/td>\n<\/tr>\n<\/tbody>\n<\/table>\n<p> <\/span><\/p>\n<p>  <!--more-->  <\/p>\n<p><span style=\"font-size: xx-small;\"><span style=\"color: rgb(0, 0, 204);\"> <\/p>\n<table width=\"534\" cellpadding=\"1\" border=\"0\" cellspacing=\"1\" style=\"width: 534px; height: 64px;\">\n<tbody>\n<tr>\n<td><img loading=\"lazy\" decoding=\"async\" class=\" size-full wp-image-14\" width=\"15\" height=\"15\" src=\"http:\/\/agora.xtec.cat\/iesmarti-i-pol\/wp-content\/uploads\/usu1292\/2008\/07\/espai.gif\" alt=\"\" \/><\/td>\n<td style=\"text-align: justify;\">\n<p><strong><span style=\"color: rgb(128, 0, 0);\"><span style=\"font-family: Verdana;\"><span style=\"font-size: 12px;\">Jornada de la pau. Dia de la No-Viol\u00e8ncia i la Pau (30-1-2014)<\/span><\/span><\/span><\/strong><\/p>\n<p><span style=\"font-family: Verdana;\"><span style=\"font-size: 12px;\"><font color=\"#0000cc\">L&rsquo;equip de Mediaci\u00f3 del centre organitza cada any una jornada sobre la pau a l&rsquo;institut, que es fa coincidir amb el dia de la No-Viol\u00e8ncia, el 30 de gener. Aquest any s&rsquo;ha dedicat la jornada a Nelson Mandela, que va morir el passat desembre. <br \/>             Durant aquesta setmana es van fer diferents activitats relacionades amb la pau. 1r d&rsquo;ESO va elaborar uns murals amb frases de Nelson Mandela i Gandhi sobre la pau. 2n d&rsquo;ESO i 4t d&rsquo;ESO van veure uns v\u00eddeos sobre la pau i la viol\u00e8ncia a les tutories. 3r d&rsquo;ESO va fer uns tallers amb l&rsquo;associaci\u00f3 Ir\u00e8nia sobre la Pau.<br \/>             Com sempre, el mateix dia 30 de gener vam celebrar un Esmorzar Solidari per recaptar diners per a una ONG de Cornell\u00e0 i ajudar la gent m\u00e9s necessitada del poble. L&rsquo;esmorzar, que va consistir en un suc i un croissant, va ser tot un \u00e8xit. Es van recollir m\u00e9s de 200&euro;, que ser\u00e0 de bona ajuda per aconseguir una ciutat m\u00e9s solid\u00e0ria.<br \/>             Com deia Gandhi, &ldquo;la pau \u00e9s el cam\u00ed&rdquo;. Per aix\u00f2, cada any fem tot el possible per continuar caminant en aquest cam\u00ed i construir un m\u00f3n m\u00e9s just i solidari. <br \/>             <\/font><\/span><\/span><span style=\"font-family: Verdana;\"><span style=\"font-size: 12px;\"><font color=\"#0000cc\"><br \/>             <\/font><\/span><\/span><embed width=\"600\" height=\"400\" type=\"application\/x-shockwave-flash\" src=\"https:\/\/static.googleusercontent.com\/external_content\/picasaweb.googleusercontent.com\/slideshow.swf\" flashvars=\"host=picasaweb.google.com&amp;hl=en_US&amp;feat=flashalbum&amp;RGB=0x000000&amp;feed=https%3A%2F%2Fpicasaweb.google.com%2Fdata%2Ffeed%2Fapi%2Fuser%2F111892423590083005487%2Falbumid%2F5983550932486946273%3Falt%3Drss%26kind%3Dphoto%26hl%3Den_US\" pluginspage=\"http:\/\/www.macromedia.com\/go\/getflashplayer\" \/><\/p>\n<\/td>\n<\/tr>\n<\/tbody>\n<\/table>\n<p> <\/span><\/span><\/p>\n","protected":false},"excerpt":{"rendered":"<p>Jornada de la pau. Dia de la No-Viol\u00e8ncia i la Pau (30-1-2014)<\/p>\n","protected":false},"author":1,"featured_media":2240,"comment_status":"open","ping_status":"open","sticky":false,"template":"","format":"standard","meta":{"_bbp_topic_count":0,"_bbp_reply_count":0,"_bbp_total_topic_count":0,"_bbp_total_reply_count":0,"_bbp_voice_count":0,"_bbp_anonymous_reply_count":0,"_bbp_topic_count_hidden":0,"_bbp_reply_count_hidden":0,"_bbp_forum_subforum_count":0,"site-sidebar-layout":"default","site-content-layout":"","ast-site-content-layout":"","site-content-style":"default","site-sidebar-style":"default","ast-global-header-display":"","ast-banner-title-visibility":"","ast-main-header-display":"","ast-hfb-above-header-display":"","ast-hfb-below-header-display":"","ast-hfb-mobile-header-display":"","site-post-title":"","ast-breadcrumbs-content":"","ast-featured-img":"","footer-sml-layout":"","theme-transparent-header-meta":"","adv-header-id-meta":"","stick-header-meta":"","header-above-stick-meta":"","header-main-stick-meta":"","header-below-stick-meta":"","astra-migrate-meta-layouts":"default","ast-page-background-enabled":"default","ast-page-background-meta":{"desktop":{"background-color":"var(--ast-global-color-4)","background-image":"","background-repeat":"repeat","background-position":"center center","background-size":"auto","background-attachment":"scroll","background-type":"","background-media":"","overlay-type":"","overlay-color":"","overlay-opacity":"","overlay-gradient":""},"tablet":{"background-color":"","background-image":"","background-repeat":"repeat","background-position":"center center","background-size":"auto","background-attachment":"scroll","background-type":"","background-media":"","overlay-type":"","overlay-color":"","overlay-opacity":"","overlay-gradient":""},"mobile":{"background-color":"","background-image":"","background-repeat":"repeat","background-position":"center center","background-size":"auto","background-attachment":"scroll","background-type":"","background-media":"","overlay-type":"","overlay-color":"","overlay-opacity":"","overlay-gradient":""}},"ast-content-background-meta":{"desktop":{"background-color":"var(--ast-global-color-5)","background-image":"","background-repeat":"repeat","background-position":"center center","background-size":"auto","background-attachment":"scroll","background-type":"","background-media":"","overlay-type":"","overlay-color":"","overlay-opacity":"","overlay-gradient":""},"tablet":{"background-color":"var(--ast-global-color-5)","background-image":"","background-repeat":"repeat","background-position":"center center","background-size":"auto","background-attachment":"scroll","background-type":"","background-media":"","overlay-type":"","overlay-color":"","overlay-opacity":"","overlay-gradient":""},"mobile":{"background-color":"var(--ast-global-color-5)","background-image":"","background-repeat":"repeat","background-position":"center center","background-size":"auto","background-attachment":"scroll","background-type":"","background-media":"","overlay-type":"","overlay-color":"","overlay-opacity":"","overlay-gradient":""}},"footnotes":""},"categories":[351],"tags":[],"class_list":["post-794","post","type-post","status-publish","format-standard","has-post-thumbnail","hentry","category-portada"],"post_mailing_queue_ids":[],"_links":{"self":[{"href":"https:\/\/agora.xtec.cat\/iesmarti-i-pol\/wp-json\/wp\/v2\/posts\/794","targetHints":{"allow":["GET"]}}],"collection":[{"href":"https:\/\/agora.xtec.cat\/iesmarti-i-pol\/wp-json\/wp\/v2\/posts"}],"about":[{"href":"https:\/\/agora.xtec.cat\/iesmarti-i-pol\/wp-json\/wp\/v2\/types\/post"}],"author":[{"embeddable":true,"href":"https:\/\/agora.xtec.cat\/iesmarti-i-pol\/wp-json\/wp\/v2\/users\/1"}],"replies":[{"embeddable":true,"href":"https:\/\/agora.xtec.cat\/iesmarti-i-pol\/wp-json\/wp\/v2\/comments?post=794"}],"version-history":[{"count":1,"href":"https:\/\/agora.xtec.cat\/iesmarti-i-pol\/wp-json\/wp\/v2\/posts\/794\/revisions"}],"predecessor-version":[{"id":18943,"href":"https:\/\/agora.xtec.cat\/iesmarti-i-pol\/wp-json\/wp\/v2\/posts\/794\/revisions\/18943"}],"wp:featuredmedia":[{"embeddable":true,"href":"https:\/\/agora.xtec.cat\/iesmarti-i-pol\/wp-json\/wp\/v2\/media\/2240"}],"wp:attachment":[{"href":"https:\/\/agora.xtec.cat\/iesmarti-i-pol\/wp-json\/wp\/v2\/media?parent=794"}],"wp:term":[{"taxonomy":"category","embeddable":true,"href":"https:\/\/agora.xtec.cat\/iesmarti-i-pol\/wp-json\/wp\/v2\/categories?post=794"},{"taxonomy":"post_tag","embeddable":true,"href":"https:\/\/agora.xtec.cat\/iesmarti-i-pol\/wp-json\/wp\/v2\/tags?post=794"}],"curies":[{"name":"wp","href":"https:\/\/api.w.org\/{rel}","templated":true}]}}