{"id":757,"date":"2013-09-02T00:00:00","date_gmt":"2013-09-02T00:00:00","guid":{"rendered":"http:\/\/mmpol.cat\/home2\/mmpolcat\/wordpress\/?p=757"},"modified":"2021-03-05T19:39:30","modified_gmt":"2021-03-05T18:39:30","slug":"inici-de-classes","status":"publish","type":"post","link":"https:\/\/agora.xtec.cat\/iesmarti-i-pol\/general\/inici-de-classes\/","title":{"rendered":"Inici de classes"},"content":{"rendered":"<table width=\"539\" height=\"171\" cellspacing=\"1\" cellpadding=\"1\" border=\"0\">\n<tbody>\n<tr>\n<td bgcolor=\"#66ff66\" style=\"text-align: justify;\">\n<div style=\"text-align: center;\">&nbsp;<\/div>\n<div style=\"text-align: center;\"><font color=\"#333399\"> <\/font><span style=\"font-size: 16px;\"><span style=\"font-family: Verdana;\"><strong><span style=\"color: rgb(0, 0, 128);\">Inici d&#8217;activitats lectives<\/span><\/strong><\/span><\/span><\/div>\n<div style=\"text-align: left;\"><span style=\"font-size: 12px;\"><span style=\"font-family: Verdana;\"><strong><span style=\"color: rgb(0, 0, 128);\"><br \/>             <\/span><\/strong><strong><span style=\"color: rgb(0, 0, 128);\">Dilluns, 16 de setembre<\/span><br \/>             <\/strong>&#8211; Inici classes CFGM<strong><br \/>             <\/strong>&#8211; <span style=\"color: rgb(255, 0, 0);\"><strong>ATENCI\u00d3 (canvi de dia)<\/strong><\/span> 12:00 h Presentaci\u00f3 PQPI<strong><\/p>\n<p>             <span style=\"color: rgb(0, 0, 128);\">Dijous, 19 de setembre<\/span><br \/>             <\/strong>&#8211; <span style=\"color: rgb(255, 0, 0);\"><strong>ATENCI\u00d3 (canvi d&#8217;horari)<\/strong><\/span> 10:30 h Presentaci\u00f3 CFGS (grau superior) -grups de Mat\u00ed-<br \/>             &#8211; 16:30\th Presentaci\u00f3 CFGS -grups de Tarda- i CAS (curs acc\u00e9s)<strong><\/p>\n<p>             <span style=\"color: rgb(51, 51, 153);\">Divendres, 20 de setembre<\/span><br \/>             <\/strong>&#8211; Inici classes CFGS i CAS<\/span><\/span><strong><br \/>             <\/strong>                         &nbsp;<\/div>\n<p>             <font color=\"#333399\">             <\/font><\/td>\n<\/tr>\n<\/tbody>\n<\/table>\n","protected":false},"excerpt":{"rendered":"<p>&nbsp; Inici d&#8217;activitats lectives Dilluns, 16 de setembre &#8211; Inici classes CFGM &#8211; ATENCI\u00d3 (canvi de dia) 12:00 h Presentaci\u00f3 PQPI Dijous, 19 de setembre &#8211; ATENCI\u00d3 (canvi d&#8217;horari) 10:30 h Presentaci\u00f3 CFGS (grau superior) -grups de Mat\u00ed- &#8211; 16:30 h Presentaci\u00f3 CFGS -grups de Tarda- i CAS (curs acc\u00e9s) Divendres, 20 de setembre &#8211; [&hellip;]<\/p>\n","protected":false},"author":1,"featured_media":0,"comment_status":"open","ping_status":"open","sticky":false,"template":"","format":"standard","meta":{"_bbp_topic_count":0,"_bbp_reply_count":0,"_bbp_total_topic_count":0,"_bbp_total_reply_count":0,"_bbp_voice_count":0,"_bbp_anonymous_reply_count":0,"_bbp_topic_count_hidden":0,"_bbp_reply_count_hidden":0,"_bbp_forum_subforum_count":0,"site-sidebar-layout":"default","site-content-layout":"","ast-site-content-layout":"","site-content-style":"default","site-sidebar-style":"default","ast-global-header-display":"","ast-banner-title-visibility":"","ast-main-header-display":"","ast-hfb-above-header-display":"","ast-hfb-below-header-display":"","ast-hfb-mobile-header-display":"","site-post-title":"","ast-breadcrumbs-content":"","ast-featured-img":"","footer-sml-layout":"","theme-transparent-header-meta":"","adv-header-id-meta":"","stick-header-meta":"","header-above-stick-meta":"","header-main-stick-meta":"","header-below-stick-meta":"","astra-migrate-meta-layouts":"default","ast-page-background-enabled":"default","ast-page-background-meta":{"desktop":{"background-color":"var(--ast-global-color-4)","background-image":"","background-repeat":"repeat","background-position":"center center","background-size":"auto","background-attachment":"scroll","background-type":"","background-media":"","overlay-type":"","overlay-color":"","overlay-opacity":"","overlay-gradient":""},"tablet":{"background-color":"","background-image":"","background-repeat":"repeat","background-position":"center center","background-size":"auto","background-attachment":"scroll","background-type":"","background-media":"","overlay-type":"","overlay-color":"","overlay-opacity":"","overlay-gradient":""},"mobile":{"background-color":"","background-image":"","background-repeat":"repeat","background-position":"center center","background-size":"auto","background-attachment":"scroll","background-type":"","background-media":"","overlay-type":"","overlay-color":"","overlay-opacity":"","overlay-gradient":""}},"ast-content-background-meta":{"desktop":{"background-color":"var(--ast-global-color-5)","background-image":"","background-repeat":"repeat","background-position":"center center","background-size":"auto","background-attachment":"scroll","background-type":"","background-media":"","overlay-type":"","overlay-color":"","overlay-opacity":"","overlay-gradient":""},"tablet":{"background-color":"var(--ast-global-color-5)","background-image":"","background-repeat":"repeat","background-position":"center center","background-size":"auto","background-attachment":"scroll","background-type":"","background-media":"","overlay-type":"","overlay-color":"","overlay-opacity":"","overlay-gradient":""},"mobile":{"background-color":"var(--ast-global-color-5)","background-image":"","background-repeat":"repeat","background-position":"center center","background-size":"auto","background-attachment":"scroll","background-type":"","background-media":"","overlay-type":"","overlay-color":"","overlay-opacity":"","overlay-gradient":""}},"footnotes":""},"categories":[347,351],"tags":[],"class_list":["post-757","post","type-post","status-publish","format-standard","hentry","category-general","category-portada"],"post_mailing_queue_ids":[],"_links":{"self":[{"href":"https:\/\/agora.xtec.cat\/iesmarti-i-pol\/wp-json\/wp\/v2\/posts\/757","targetHints":{"allow":["GET"]}}],"collection":[{"href":"https:\/\/agora.xtec.cat\/iesmarti-i-pol\/wp-json\/wp\/v2\/posts"}],"about":[{"href":"https:\/\/agora.xtec.cat\/iesmarti-i-pol\/wp-json\/wp\/v2\/types\/post"}],"author":[{"embeddable":true,"href":"https:\/\/agora.xtec.cat\/iesmarti-i-pol\/wp-json\/wp\/v2\/users\/1"}],"replies":[{"embeddable":true,"href":"https:\/\/agora.xtec.cat\/iesmarti-i-pol\/wp-json\/wp\/v2\/comments?post=757"}],"version-history":[{"count":1,"href":"https:\/\/agora.xtec.cat\/iesmarti-i-pol\/wp-json\/wp\/v2\/posts\/757\/revisions"}],"predecessor-version":[{"id":18951,"href":"https:\/\/agora.xtec.cat\/iesmarti-i-pol\/wp-json\/wp\/v2\/posts\/757\/revisions\/18951"}],"wp:attachment":[{"href":"https:\/\/agora.xtec.cat\/iesmarti-i-pol\/wp-json\/wp\/v2\/media?parent=757"}],"wp:term":[{"taxonomy":"category","embeddable":true,"href":"https:\/\/agora.xtec.cat\/iesmarti-i-pol\/wp-json\/wp\/v2\/categories?post=757"},{"taxonomy":"post_tag","embeddable":true,"href":"https:\/\/agora.xtec.cat\/iesmarti-i-pol\/wp-json\/wp\/v2\/tags?post=757"}],"curies":[{"name":"wp","href":"https:\/\/api.w.org\/{rel}","templated":true}]}}