{"id":709,"date":"2013-02-08T00:00:00","date_gmt":"2013-02-08T00:00:00","guid":{"rendered":"http:\/\/mmpol.cat\/home2\/mmpolcat\/wordpress\/?p=709"},"modified":"2021-03-05T19:39:34","modified_gmt":"2021-03-05T18:39:34","slug":"carnestoltes-2013","status":"publish","type":"post","link":"https:\/\/agora.xtec.cat\/iesmarti-i-pol\/portada\/carnestoltes-2013\/","title":{"rendered":"Carnestoltes 2013"},"content":{"rendered":"<p><span style=\"color: rgb(51, 51, 153);\"> <\/p>\n<table width=\"500\" cellspacing=\"1\" cellpadding=\"1\" border=\"0\" style=\"width: 500px; height: 14px;\">\n<tbody>\n<tr>\n<td bgcolor=\"#ff0000\" style=\"text-align: justify;\">\n<div style=\"text-align: center;\"><span style=\"color: rgb(255, 255, 255);\">Carnestoltes 2013<\/span><\/div>\n<p>             <font color=\"#333399\">             <\/font><\/td>\n<\/tr>\n<\/tbody>\n<\/table>\n<p> <\/span><\/p>\n<p>  <!--more-->  <\/p>\n<p><span style=\"font-size: xx-small;\"><span style=\"color: rgb(0, 0, 204);\"> <\/p>\n<table width=\"534\" cellspacing=\"1\" cellpadding=\"1\" border=\"0\" style=\"width: 534px; height: 64px;\">\n<tbody>\n<tr>\n<td><img loading=\"lazy\" decoding=\"async\" width=\"15\" height=\"15\" src=\"\/iesmarti-i-pol\/images\/stories\/espai.gif\" alt=\"\" \/><\/td>\n<td style=\"text-align: justify;\">\n<p><font size=\"1\" color=\"#0000cc\">Explica la rondalla que el Rei Carnestoltes volia fer la guitza a la Vella Quaresma, una dona escarransida, molt prima, que mai sortia de casa i menjava engrunes de pa per no gastar. El Carnestoltes va decidir fer una gran festa, amb m\u00fasica, menjar i disfresses. Tota la gent del poble, menys la Vella Quaresma, va celebrar-ho fins que el Rei Carnestoltes, de tant menjar i menjar, va petar i es va convertir en cendra. Aleshores, la Vella Quaresma va tornar i la festa es va acabar.<\/p>\n<p>             Anys enrere, la Quaresma durava nom\u00e9s 40 dies, per\u00f2 avui dia portem tot l&#8217;any de quaresma, de crisi continuada. Per aix\u00f2, m\u00e9s que mai, per donar alegria i esperar que arribi aviat la primavera, un any m\u00e9s vam celebrar el Carnestoltes a l&#8217;institut. D&#8217;una forma senzilla, amb materials reciclats i sostenibles, ens vam disfressar d&#8217;esportistes, alumnat i professorat: futbolistes, \u00e0rbitres, jugadors de b\u00e0squet, patinadores, jugadors de hockey amb animadores masculines, boxejadors, jugadors de beisbol, nedadors, controladors de dopping, jugadors de futbol americ\u00e0, esportistes de tot tipus, teleespectadors i nedadores sincronitzades. <\/p>\n<p>             El Carnestoltes va comen\u00e7ar a les 10 del mat\u00ed, quan tots els grups van arribar i van preparar-se els vestits i els balls abans d&#8217;iniciar la rua per Cornell\u00e0. Quan tots ja est\u00e0vem a punt, vam baixar i ens vam col&middot;locar per aules, des de 1r A fins a 2n de Batxillerat. L&#8217;alumnat de 1r de Batxillerat, per\u00f2, van encap\u00e7alar la rua, ja que, amb l&#8217;ajuda d&#8217;altres companys d&#8217;altres cursos, portaven timbals per animar. La rua va ser curta, pel carrer Rubi\u00f3 i Ors a l&#8217;anada i pel Passeig dels Ferrocarrils a la tornada. Despr\u00e9s d&#8217;esmorzar, ja ens vam preparar a l&#8217;entrada de l&#8217;institut per fer els balls i repartir premis. Tothom ho va fer molt b\u00e9 i era dif\u00edcil decidir els premis. Al final, el premi absolut va ser per 4t d&#8217;ESO que van ajuntar les tres classes i van representar un partit de futbol americ\u00e0.<\/p>\n<p>             El Carnestoltes va acabar. Tothom va anar cap a casa per continuar amb la festa i desitjar que la Vella Quaresma passi ben aviat.<\/font><\/p>\n<\/td>\n<\/tr>\n<\/tbody>\n<\/table>\n<p> <\/span><\/span><\/p>\n<p> <embed width=\"600\" height=\"400\" pluginspage=\"http:\/\/www.macromedia.com\/go\/getflashplayer\" flashvars=\"host=picasaweb.google.com&amp;hl=en_US&amp;feat=flashalbum&amp;RGB=0x000000&amp;feed=https%3A%2F%2Fpicasaweb.google.com%2Fdata%2Ffeed%2Fapi%2Fuser%2F111892423590083005487%2Falbumid%2F5843326684334867121%3Falt%3Drss%26kind%3Dphoto%26authkey%3DGv1sRgCNyUia7C6_3xnwE%26hl%3Den_US\" src=\"https:\/\/picasaweb.google.com\/s\/c\/bin\/slideshow.swf\" type=\"application\/x-shockwave-flash\" \/> <\/p>\n<p>&nbsp;<\/p>\n","protected":false},"excerpt":{"rendered":"<p>Carnestoltes 2013<\/p>\n","protected":false},"author":1,"featured_media":0,"comment_status":"open","ping_status":"open","sticky":false,"template":"","format":"standard","meta":{"_bbp_topic_count":0,"_bbp_reply_count":0,"_bbp_total_topic_count":0,"_bbp_total_reply_count":0,"_bbp_voice_count":0,"_bbp_anonymous_reply_count":0,"_bbp_topic_count_hidden":0,"_bbp_reply_count_hidden":0,"_bbp_forum_subforum_count":0,"site-sidebar-layout":"default","site-content-layout":"","ast-site-content-layout":"","site-content-style":"default","site-sidebar-style":"default","ast-global-header-display":"","ast-banner-title-visibility":"","ast-main-header-display":"","ast-hfb-above-header-display":"","ast-hfb-below-header-display":"","ast-hfb-mobile-header-display":"","site-post-title":"","ast-breadcrumbs-content":"","ast-featured-img":"","footer-sml-layout":"","theme-transparent-header-meta":"","adv-header-id-meta":"","stick-header-meta":"","header-above-stick-meta":"","header-main-stick-meta":"","header-below-stick-meta":"","astra-migrate-meta-layouts":"default","ast-page-background-enabled":"default","ast-page-background-meta":{"desktop":{"background-color":"var(--ast-global-color-4)","background-image":"","background-repeat":"repeat","background-position":"center center","background-size":"auto","background-attachment":"scroll","background-type":"","background-media":"","overlay-type":"","overlay-color":"","overlay-opacity":"","overlay-gradient":""},"tablet":{"background-color":"","background-image":"","background-repeat":"repeat","background-position":"center center","background-size":"auto","background-attachment":"scroll","background-type":"","background-media":"","overlay-type":"","overlay-color":"","overlay-opacity":"","overlay-gradient":""},"mobile":{"background-color":"","background-image":"","background-repeat":"repeat","background-position":"center center","background-size":"auto","background-attachment":"scroll","background-type":"","background-media":"","overlay-type":"","overlay-color":"","overlay-opacity":"","overlay-gradient":""}},"ast-content-background-meta":{"desktop":{"background-color":"var(--ast-global-color-5)","background-image":"","background-repeat":"repeat","background-position":"center center","background-size":"auto","background-attachment":"scroll","background-type":"","background-media":"","overlay-type":"","overlay-color":"","overlay-opacity":"","overlay-gradient":""},"tablet":{"background-color":"var(--ast-global-color-5)","background-image":"","background-repeat":"repeat","background-position":"center center","background-size":"auto","background-attachment":"scroll","background-type":"","background-media":"","overlay-type":"","overlay-color":"","overlay-opacity":"","overlay-gradient":""},"mobile":{"background-color":"var(--ast-global-color-5)","background-image":"","background-repeat":"repeat","background-position":"center center","background-size":"auto","background-attachment":"scroll","background-type":"","background-media":"","overlay-type":"","overlay-color":"","overlay-opacity":"","overlay-gradient":""}},"footnotes":""},"categories":[776,351],"tags":[],"class_list":["post-709","post","type-post","status-publish","format-standard","hentry","category-activitats-del-curs-2012-2013-ca","category-portada"],"post_mailing_queue_ids":[],"_links":{"self":[{"href":"https:\/\/agora.xtec.cat\/iesmarti-i-pol\/wp-json\/wp\/v2\/posts\/709","targetHints":{"allow":["GET"]}}],"collection":[{"href":"https:\/\/agora.xtec.cat\/iesmarti-i-pol\/wp-json\/wp\/v2\/posts"}],"about":[{"href":"https:\/\/agora.xtec.cat\/iesmarti-i-pol\/wp-json\/wp\/v2\/types\/post"}],"author":[{"embeddable":true,"href":"https:\/\/agora.xtec.cat\/iesmarti-i-pol\/wp-json\/wp\/v2\/users\/1"}],"replies":[{"embeddable":true,"href":"https:\/\/agora.xtec.cat\/iesmarti-i-pol\/wp-json\/wp\/v2\/comments?post=709"}],"version-history":[{"count":1,"href":"https:\/\/agora.xtec.cat\/iesmarti-i-pol\/wp-json\/wp\/v2\/posts\/709\/revisions"}],"predecessor-version":[{"id":12348,"href":"https:\/\/agora.xtec.cat\/iesmarti-i-pol\/wp-json\/wp\/v2\/posts\/709\/revisions\/12348"}],"wp:attachment":[{"href":"https:\/\/agora.xtec.cat\/iesmarti-i-pol\/wp-json\/wp\/v2\/media?parent=709"}],"wp:term":[{"taxonomy":"category","embeddable":true,"href":"https:\/\/agora.xtec.cat\/iesmarti-i-pol\/wp-json\/wp\/v2\/categories?post=709"},{"taxonomy":"post_tag","embeddable":true,"href":"https:\/\/agora.xtec.cat\/iesmarti-i-pol\/wp-json\/wp\/v2\/tags?post=709"}],"curies":[{"name":"wp","href":"https:\/\/api.w.org\/{rel}","templated":true}]}}