{"id":689,"date":"2013-01-30T00:00:00","date_gmt":"2013-01-30T00:00:00","guid":{"rendered":"http:\/\/mmpol.cat\/home2\/mmpolcat\/wordpress\/?p=689"},"modified":"2021-03-05T19:39:34","modified_gmt":"2021-03-05T18:39:34","slug":"diada-de-la-pau","status":"publish","type":"post","link":"https:\/\/agora.xtec.cat\/iesmarti-i-pol\/portada\/diada-de-la-pau\/","title":{"rendered":"Diada de la Pau"},"content":{"rendered":"<p><span style=\"color: rgb(51, 51, 153);\"> <\/p>\n<table width=\"500\" cellspacing=\"1\" cellpadding=\"1\" border=\"0\" style=\"width: 500px; height: 14px;\">\n<tbody>\n<tr>\n<td bgcolor=\"#0000ff\" style=\"text-align: justify;\">\n<div style=\"text-align: center;\"><span style=\"color: rgb(255, 255, 255);\">Diada de la Pau<\/span><\/div>\n<p>             <span style=\"color: rgb(255, 255, 255);\">                          <\/span><\/td>\n<\/tr>\n<\/tbody>\n<\/table>\n<p> <\/span><\/p>\n<p>  <!--more-->  <\/p>\n<p><span style=\"font-size: xx-small;\"><span style=\"color: rgb(0, 0, 204);\"> <\/p>\n<table width=\"534\" cellspacing=\"1\" cellpadding=\"1\" border=\"0\" style=\"width: 534px; height: 64px;\">\n<tbody>\n<tr>\n<td>&nbsp;<\/td>\n<td><span style=\"font-size: xx-small;\"><span style=\"color: rgb(0, 0, 204);\"><object width=\"445\" height=\"296\"><param value=\"http:\/\/photopeach.com\/public\/swf\/story.swf\" name=\"movie\" \/><param value=\"always\" name=\"allowscriptaccess\" \/><param value=\"true\" name=\"allowfullscreen\" \/><param value=\"photos=http:\/\/photopeach.com%2Fapi%2Fgetphotos%3Falbum_id%3D6l74jn&amp;autoplay=0&amp;embed=1\" name=\"flashvars\" \/><embed width=\"445\" height=\"296\" flashvars=\"photos=http:\/\/photopeach.com%2Fapi%2Fgetphotos%3Falbum_id%3D6l74jn&amp;autoplay=0&amp;embed=1\" allowfullscreen=\"true\" allowscriptaccess=\"always\" type=\"application\/x-shockwave-flash\" src=\"http:\/\/photopeach.com\/public\/swf\/story.swf\" \/><\/object><\/span><\/span><\/td>\n<\/tr>\n<tr>\n<td><img loading=\"lazy\" decoding=\"async\" width=\"15\" height=\"15\" alt=\"\" src=\"\/iesmarti-i-pol\/images\/stories\/espai.gif\" \/><\/td>\n<td style=\"text-align: justify;\">\n<p><font size=\"1\" color=\"#0000cc\">El  dia 30 de gener&nbsp;es commemora&nbsp;el Dia de la No-Viol\u00e8ncia i la Pau. El  nostre institut, un any m\u00e9s, ha volgut celebrar aquesta diada tan  especial i s&#8217;ha sumat a les propostes de l&#8217;Ajuntament de Cornell\u00e0. Des  de la Mediaci\u00f3 del centre, s&#8217;han proposat diferents activitats per  prendre consci\u00e8ncia de la pau&nbsp;i treballar-hi a favor, una pau que no  impliqui cap mena de viol\u00e8ncia.<\/font><\/p>\n<p>             <font size=\"1\" color=\"#0000cc\">             <\/p>\n<div dir=\"ltr\">Durant  la setmana del 28 de gener a l&#8217;1 de febrer els grups, des de primer  d&#8217;ESO fins a Batxillerat, han fet alguna activitat tutorial&nbsp;relacionada  amb la pau. Els grups de primer d&#8217;ESO van visionar v\u00eddeos sobre la pau&nbsp;i  van extreure entre tots idees&nbsp;per construir un m\u00f3n m\u00e9s just. Aquestes  idees es van transformar despr\u00e9s en petits grans de sorra que es van  treballar a l&#8217;hora de VIP i van ser exposats a l&#8217;entrada del centre,  juntament amb un cartell&nbsp;gran de la pau fet entre l&#8217;alumnat de 3r i 4t  d&#8217;ESO.&nbsp;De fet, el&nbsp;lema per aquests dies era &quot;el teu gra de sorra compta  per a la pau&quot;. El grup de 2n d&#8217;ESO i de Batxillerat van veure un v\u00eddeo  relacionat amb les mines d&#8217;\u00c0frica i la fabricaci\u00f3 de m\u00f2bils, que va  ajudar a reflexionar sobre el comer\u00e7 just i els nostres mateixos h\u00e0bits.<\/div>\n<div dir=\"ltr\">&nbsp;<\/div>\n<div dir=\"ltr\">A m\u00e9s a m\u00e9s d&#8217;aquestes  activitats tutorials,&nbsp;el dia 30 el centre es va contagiar de l&#8217;esperit  de la pau. D&#8217;aquesta manera, 1r d&#8217;ESO va realitzar un taller de  l&#8217;associaci\u00f3 Ir\u00e8nia sobre el comer\u00e7 just-injust, en qu\u00e8&nbsp;l&#8217;Ajuntament de  Cornell\u00e0 va subvencionar-ne una part.&nbsp;Els grups de 3r i 4t d&#8217;ESO van  assistir a una confer\u00e8ncia realitzada pel Sr. Frederic Prieto,  representant del S\u00edndic de Greuges de Cornell\u00e0, que va explicar qu\u00e8 era  el S\u00edndic i qu\u00e8 aportava el S\u00edndic per a la construcci\u00f3 d&#8217;un m\u00f3n m\u00e9s  solidari i just. D&#8217;altra banda, el mateix dia es va fer la tradicional  Xocolatada Solid\u00e0ria a l&#8217;hora del pati, amb el suport de membres de  l&#8217;AMPA i de la cantina del bar. Els diners recollits&nbsp;aniran destinats a  l&#8217;ONG Save the Children. En total, 173 euros.&nbsp;Durant la xocolatada, es  van poder escoltar can\u00e7ons de pau i al vestidor de l&#8217;institut es va fer  una&nbsp;mostra de ball de les alumnes del centre. A la tarda,&nbsp;l&#8217;alumnat de  cicles es va afegir a la xocolatada amb la venda tamb\u00e9 de pastissos  solidaris fets per l&#8217;alumnat.<\/div>\n<div dir=\"ltr\">&nbsp;<\/div>\n<div dir=\"ltr\">Gandhi  deia que &quot;No hi ha cam\u00ed per a la pau, la pau \u00e9s el cam\u00ed&quot;. Nosaltres hem  volgut caminar-hi i aportar el nostre gra de sorra, perqu\u00e8 cada acci\u00f3  que es faci, per petita que sigui, ajuda a construir aquest cam\u00ed que  tant desitgem. La pau comen\u00e7a en nosaltres mateixos i educar per a la  pau \u00e9s el nostre particular granet de sorra per celebrar aquest dia tan  especial.<\/div>\n<p>             <\/font> <br \/><embed width=\"600\" height=\"400\" type=\"application\/x-shockwave-flash\" src=\"https:\/\/picasaweb.google.com\/s\/c\/bin\/slideshow.swf\" flashvars=\"host=picasaweb.google.com&amp;hl=en_US&amp;feat=flashalbum&amp;RGB=0x000000&amp;feed=https%3A%2F%2Fpicasaweb.google.com%2Fdata%2Ffeed%2Fapi%2Fuser%2F111892423590083005487%2Falbumid%2F5840017550955692513%3Falt%3Drss%26kind%3Dphoto%26authkey%3DGv1sRgCL7_t8WoxeH4-AE%26hl%3Den_US\" pluginspage=\"http:\/\/www.macromedia.com\/go\/getflashplayer\" \/><\/td>\n<\/tr>\n<tr>\n<td>&nbsp;<\/td>\n<td style=\"text-align: center;\">&nbsp;<\/td>\n<\/tr>\n<\/tbody>\n<\/table>\n<p> <\/span><\/span><\/p>\n","protected":false},"excerpt":{"rendered":"<p>Diada de la Pau<\/p>\n","protected":false},"author":1,"featured_media":0,"comment_status":"open","ping_status":"open","sticky":false,"template":"","format":"standard","meta":{"_bbp_topic_count":0,"_bbp_reply_count":0,"_bbp_total_topic_count":0,"_bbp_total_reply_count":0,"_bbp_voice_count":0,"_bbp_anonymous_reply_count":0,"_bbp_topic_count_hidden":0,"_bbp_reply_count_hidden":0,"_bbp_forum_subforum_count":0,"site-sidebar-layout":"default","site-content-layout":"","ast-site-content-layout":"","site-content-style":"default","site-sidebar-style":"default","ast-global-header-display":"","ast-banner-title-visibility":"","ast-main-header-display":"","ast-hfb-above-header-display":"","ast-hfb-below-header-display":"","ast-hfb-mobile-header-display":"","site-post-title":"","ast-breadcrumbs-content":"","ast-featured-img":"","footer-sml-layout":"","theme-transparent-header-meta":"","adv-header-id-meta":"","stick-header-meta":"","header-above-stick-meta":"","header-main-stick-meta":"","header-below-stick-meta":"","astra-migrate-meta-layouts":"default","ast-page-background-enabled":"default","ast-page-background-meta":{"desktop":{"background-color":"var(--ast-global-color-4)","background-image":"","background-repeat":"repeat","background-position":"center center","background-size":"auto","background-attachment":"scroll","background-type":"","background-media":"","overlay-type":"","overlay-color":"","overlay-opacity":"","overlay-gradient":""},"tablet":{"background-color":"","background-image":"","background-repeat":"repeat","background-position":"center center","background-size":"auto","background-attachment":"scroll","background-type":"","background-media":"","overlay-type":"","overlay-color":"","overlay-opacity":"","overlay-gradient":""},"mobile":{"background-color":"","background-image":"","background-repeat":"repeat","background-position":"center center","background-size":"auto","background-attachment":"scroll","background-type":"","background-media":"","overlay-type":"","overlay-color":"","overlay-opacity":"","overlay-gradient":""}},"ast-content-background-meta":{"desktop":{"background-color":"var(--ast-global-color-5)","background-image":"","background-repeat":"repeat","background-position":"center center","background-size":"auto","background-attachment":"scroll","background-type":"","background-media":"","overlay-type":"","overlay-color":"","overlay-opacity":"","overlay-gradient":""},"tablet":{"background-color":"var(--ast-global-color-5)","background-image":"","background-repeat":"repeat","background-position":"center center","background-size":"auto","background-attachment":"scroll","background-type":"","background-media":"","overlay-type":"","overlay-color":"","overlay-opacity":"","overlay-gradient":""},"mobile":{"background-color":"var(--ast-global-color-5)","background-image":"","background-repeat":"repeat","background-position":"center center","background-size":"auto","background-attachment":"scroll","background-type":"","background-media":"","overlay-type":"","overlay-color":"","overlay-opacity":"","overlay-gradient":""}},"footnotes":""},"categories":[351],"tags":[],"class_list":["post-689","post","type-post","status-publish","format-standard","hentry","category-portada"],"post_mailing_queue_ids":[],"_links":{"self":[{"href":"https:\/\/agora.xtec.cat\/iesmarti-i-pol\/wp-json\/wp\/v2\/posts\/689","targetHints":{"allow":["GET"]}}],"collection":[{"href":"https:\/\/agora.xtec.cat\/iesmarti-i-pol\/wp-json\/wp\/v2\/posts"}],"about":[{"href":"https:\/\/agora.xtec.cat\/iesmarti-i-pol\/wp-json\/wp\/v2\/types\/post"}],"author":[{"embeddable":true,"href":"https:\/\/agora.xtec.cat\/iesmarti-i-pol\/wp-json\/wp\/v2\/users\/1"}],"replies":[{"embeddable":true,"href":"https:\/\/agora.xtec.cat\/iesmarti-i-pol\/wp-json\/wp\/v2\/comments?post=689"}],"version-history":[{"count":1,"href":"https:\/\/agora.xtec.cat\/iesmarti-i-pol\/wp-json\/wp\/v2\/posts\/689\/revisions"}],"predecessor-version":[{"id":18981,"href":"https:\/\/agora.xtec.cat\/iesmarti-i-pol\/wp-json\/wp\/v2\/posts\/689\/revisions\/18981"}],"wp:attachment":[{"href":"https:\/\/agora.xtec.cat\/iesmarti-i-pol\/wp-json\/wp\/v2\/media?parent=689"}],"wp:term":[{"taxonomy":"category","embeddable":true,"href":"https:\/\/agora.xtec.cat\/iesmarti-i-pol\/wp-json\/wp\/v2\/categories?post=689"},{"taxonomy":"post_tag","embeddable":true,"href":"https:\/\/agora.xtec.cat\/iesmarti-i-pol\/wp-json\/wp\/v2\/tags?post=689"}],"curies":[{"name":"wp","href":"https:\/\/api.w.org\/{rel}","templated":true}]}}