{"id":664,"date":"2012-12-14T00:00:00","date_gmt":"2012-12-14T00:00:00","guid":{"rendered":"http:\/\/mmpol.cat\/home2\/mmpolcat\/wordpress\/?p=664"},"modified":"2021-03-05T19:39:35","modified_gmt":"2021-03-05T18:39:35","slug":"sortida-a-la-barcelona-romana","status":"publish","type":"post","link":"https:\/\/agora.xtec.cat\/iesmarti-i-pol\/general\/sortida-a-la-barcelona-romana\/","title":{"rendered":"Sortida a la Barcelona romana"},"content":{"rendered":"<p><span style=\"color: rgb(51, 51, 153);\"> <\/p>\n<table width=\"500\" cellspacing=\"1\" cellpadding=\"1\" border=\"0\" style=\"width: 500px; height: 14px;\">\n<tbody>\n<tr>\n<td bgcolor=\"#33ffff\" style=\"text-align: justify;\">\n<div style=\"text-align: center;\"><span style=\"color: rgb(0, 0, 255);\">Sortida a la Barcelona romana<\/span><\/div>\n<p>             <span style=\"color: rgb(255, 255, 255);\">                          <\/span><\/td>\n<\/tr>\n<\/tbody>\n<\/table>\n<p> <\/span><\/p>\n<p>  <!--more-->  <\/p>\n<p><span style=\"font-size: xx-small;\"><span style=\"color: rgb(0, 0, 204);\"> <\/p>\n<table width=\"534\" cellspacing=\"1\" cellpadding=\"1\" border=\"0\" style=\"width: 534px; height: 64px;\">\n<tbody>\n<tr>\n<td><img loading=\"lazy\" decoding=\"async\" width=\"15\" height=\"15\" src=\"\/iesmarti-i-pol\/images\/stories\/espai.gif\" alt=\"\" \/><\/td>\n<td style=\"text-align: justify;\">\n<p><font size=\"1\" color=\"#0000cc\">El passat 14 de desembre vam fer un recorregut per B\u00e0rcino. L&acute;objectiu era visitar la Barcelona romana amb l&acute;alumnat del batxillerat d&acute;humanitats ( 1r i 2n), perqu\u00e8  B\u00e0rcino \u00e9s una ciutat que s&acute;estudia en Llat\u00ed II i \u00e9s, tamb\u00e9, tema de selectivitat. A m\u00e9s,  Barcelona \u00e9s una ciutat que la tenim molt a prop i hem de con\u00e8ixer el seu llegat del passat.<br \/>             L&acute;activitat va agradar molt a l&acute;alumnat i va consistir en visitar el Centre d&acute; interpretaci\u00f3 i el passeig sepulcral, de la Pla\u00e7a de la Vila de Madrid; veure despr\u00e9s, de cam\u00ed al Barri G\u00f2tic, restes de l&acute;aq\u00fceducte de B\u00e0rcino i, a continuaci\u00f3, les muralles, el Mons Taber ( zona m\u00e9s elevada de B\u00e0rcino), les impressionants columnes del temple de culte imperial, situades a l&acute;entrada del Centre Excursionista de Catalunya, i, per \u00faltim, el subs\u00f2l del Museu d&acute;Hist\u00f2ria de la Ciutat, ubicat a la Pla\u00e7a del Rei.<br \/>             I, a m\u00e9s, de cam\u00ed, vam poder fer una ullada a les parades nadalenques de la Fira de Santa Ll\u00facia. Realment ho vam passar molt b\u00e9.<br \/>             <\/font><\/p>\n<\/td>\n<\/tr>\n<\/tbody>\n<\/table>\n<p> <\/span><\/span><\/p>\n","protected":false},"excerpt":{"rendered":"<p>Sortida a la Barcelona romana<\/p>\n","protected":false},"author":1,"featured_media":0,"comment_status":"open","ping_status":"open","sticky":false,"template":"","format":"standard","meta":{"_bbp_topic_count":0,"_bbp_reply_count":0,"_bbp_total_topic_count":0,"_bbp_total_reply_count":0,"_bbp_voice_count":0,"_bbp_anonymous_reply_count":0,"_bbp_topic_count_hidden":0,"_bbp_reply_count_hidden":0,"_bbp_forum_subforum_count":0,"site-sidebar-layout":"default","site-content-layout":"","ast-site-content-layout":"","site-content-style":"default","site-sidebar-style":"default","ast-global-header-display":"","ast-banner-title-visibility":"","ast-main-header-display":"","ast-hfb-above-header-display":"","ast-hfb-below-header-display":"","ast-hfb-mobile-header-display":"","site-post-title":"","ast-breadcrumbs-content":"","ast-featured-img":"","footer-sml-layout":"","theme-transparent-header-meta":"","adv-header-id-meta":"","stick-header-meta":"","header-above-stick-meta":"","header-main-stick-meta":"","header-below-stick-meta":"","astra-migrate-meta-layouts":"default","ast-page-background-enabled":"default","ast-page-background-meta":{"desktop":{"background-color":"var(--ast-global-color-4)","background-image":"","background-repeat":"repeat","background-position":"center center","background-size":"auto","background-attachment":"scroll","background-type":"","background-media":"","overlay-type":"","overlay-color":"","overlay-opacity":"","overlay-gradient":""},"tablet":{"background-color":"","background-image":"","background-repeat":"repeat","background-position":"center center","background-size":"auto","background-attachment":"scroll","background-type":"","background-media":"","overlay-type":"","overlay-color":"","overlay-opacity":"","overlay-gradient":""},"mobile":{"background-color":"","background-image":"","background-repeat":"repeat","background-position":"center center","background-size":"auto","background-attachment":"scroll","background-type":"","background-media":"","overlay-type":"","overlay-color":"","overlay-opacity":"","overlay-gradient":""}},"ast-content-background-meta":{"desktop":{"background-color":"var(--ast-global-color-5)","background-image":"","background-repeat":"repeat","background-position":"center center","background-size":"auto","background-attachment":"scroll","background-type":"","background-media":"","overlay-type":"","overlay-color":"","overlay-opacity":"","overlay-gradient":""},"tablet":{"background-color":"var(--ast-global-color-5)","background-image":"","background-repeat":"repeat","background-position":"center center","background-size":"auto","background-attachment":"scroll","background-type":"","background-media":"","overlay-type":"","overlay-color":"","overlay-opacity":"","overlay-gradient":""},"mobile":{"background-color":"var(--ast-global-color-5)","background-image":"","background-repeat":"repeat","background-position":"center center","background-size":"auto","background-attachment":"scroll","background-type":"","background-media":"","overlay-type":"","overlay-color":"","overlay-opacity":"","overlay-gradient":""}},"footnotes":""},"categories":[347,351],"tags":[],"class_list":["post-664","post","type-post","status-publish","format-standard","hentry","category-general","category-portada"],"post_mailing_queue_ids":[],"_links":{"self":[{"href":"https:\/\/agora.xtec.cat\/iesmarti-i-pol\/wp-json\/wp\/v2\/posts\/664","targetHints":{"allow":["GET"]}}],"collection":[{"href":"https:\/\/agora.xtec.cat\/iesmarti-i-pol\/wp-json\/wp\/v2\/posts"}],"about":[{"href":"https:\/\/agora.xtec.cat\/iesmarti-i-pol\/wp-json\/wp\/v2\/types\/post"}],"author":[{"embeddable":true,"href":"https:\/\/agora.xtec.cat\/iesmarti-i-pol\/wp-json\/wp\/v2\/users\/1"}],"replies":[{"embeddable":true,"href":"https:\/\/agora.xtec.cat\/iesmarti-i-pol\/wp-json\/wp\/v2\/comments?post=664"}],"version-history":[{"count":1,"href":"https:\/\/agora.xtec.cat\/iesmarti-i-pol\/wp-json\/wp\/v2\/posts\/664\/revisions"}],"predecessor-version":[{"id":18988,"href":"https:\/\/agora.xtec.cat\/iesmarti-i-pol\/wp-json\/wp\/v2\/posts\/664\/revisions\/18988"}],"wp:attachment":[{"href":"https:\/\/agora.xtec.cat\/iesmarti-i-pol\/wp-json\/wp\/v2\/media?parent=664"}],"wp:term":[{"taxonomy":"category","embeddable":true,"href":"https:\/\/agora.xtec.cat\/iesmarti-i-pol\/wp-json\/wp\/v2\/categories?post=664"},{"taxonomy":"post_tag","embeddable":true,"href":"https:\/\/agora.xtec.cat\/iesmarti-i-pol\/wp-json\/wp\/v2\/tags?post=664"}],"curies":[{"name":"wp","href":"https:\/\/api.w.org\/{rel}","templated":true}]}}