{"id":659,"date":"2012-12-14T00:00:00","date_gmt":"2012-12-14T00:00:00","guid":{"rendered":"http:\/\/mmpol.cat\/home2\/mmpolcat\/wordpress\/?p=659"},"modified":"2021-03-05T19:39:35","modified_gmt":"2021-03-05T18:39:35","slug":"sortida-al-museu-del-barca","status":"publish","type":"post","link":"https:\/\/agora.xtec.cat\/iesmarti-i-pol\/portada\/sortida-al-museu-del-barca\/","title":{"rendered":"Sortida al Museu del Bar\u00e7a"},"content":{"rendered":"<p><span style=\"color: rgb(51, 51, 153);\"> <\/p>\n<table width=\"500\" cellspacing=\"1\" cellpadding=\"1\" border=\"0\" style=\"width: 500px; height: 14px;\">\n<tbody>\n<tr>\n<td bgcolor=\"#990000\" style=\"text-align: justify;\">\n<div style=\"text-align: center;\"><span style=\"color: rgb(255, 255, 255);\">Sortida al Museu del Bar\u00e7a<\/span><\/div>\n<p>             <span style=\"color: rgb(255, 255, 255);\">                          <\/span><\/td>\n<\/tr>\n<\/tbody>\n<\/table>\n<p> <\/span><\/p>\n<p>  <!--more-->  <\/p>\n<p><span style=\"font-size: xx-small;\"><span style=\"color: rgb(0, 0, 204);\"> <\/p>\n<table width=\"534\" cellspacing=\"1\" cellpadding=\"1\" border=\"0\" style=\"width: 534px; height: 64px;\">\n<tbody>\n<tr>\n<td><img loading=\"lazy\" decoding=\"async\" width=\"15\" height=\"15\" src=\"\/iesmarti-i-pol\/images\/stories\/espai.gif\" alt=\"\" \/><\/td>\n<td style=\"text-align: justify;\">\n<p><font size=\"1\" color=\"#0000cc\">Divendres passat vam anar al Museu del Bar\u00e7a amb l&#8217;Aula d&#8217;Acollida, ja que durant aquest primer trimestre hem estat fent un projecte sobre el Bar\u00e7a. Ben puntuals, vam arribar a les instal&middot;lacions del Bar\u00e7a i vam fer un tour amb una guia pel Camp Nou. De seguida, vam veure el camp on hi caben 100000 persones i vam seure a les grades. Tot seguit, vam anar a les sales de premsa, al vestuari de l&#8217;equip visitant i al passad\u00eds per on surten els jugadors. Tamb\u00e9 vam pujar fins a dalt del camp per entrar a la cabina on retransmetren els partits de futbol i vam poder escoltar les lleng\u00fces de periodistes d&#8217;arreu del m\u00f3n: polon\u00e8s, castell\u00e0, \u00e0rab, japon\u00e8s, xin\u00e8s, rus, itali\u00e0, talment com a l&#8217;aula d&#8217;acollida.<br \/>             Un cop vist el Camp, ens vam endinsar en el Museu del Bar\u00e7a. A la primera planta el Museu \u00e9s del tot interactiu i vam poder veure i escoltar tot d&#8217;imatges relacionades amb la hist\u00f2ria del Bar\u00e7a. A la part de baix, hi ha les copes guanyades pel Bar\u00e7a i vestuari de jugadors del Bar\u00e7a. Tamb\u00e9 hi ha una secci\u00f3 dedicada a les penyes del Bar\u00e7a de tot el m\u00f3n.<br \/>             Despr\u00e9s de la visita al Museu, vam aprofitar per veure el Palau Reial i els jardins de Pedralbes, un espai molt acollidor on vam passar una bona estona.<br \/>             La visita al Bar\u00e7a va estar molt b\u00e9, no nom\u00e9s perqu\u00e8 consolidava el que hav\u00edem estudiat durant el primer trimestre, sin\u00f3 tamb\u00e9 perqu\u00e8 per la majoria de l&#8217;alumnat d&#8217;acollida el Bar\u00e7a \u00e9s un referent i el seu equip de futbol preferit.<\/font><\/p>\n<p>             <embed width=\"600\" height=\"400\" pluginspage=\"http:\/\/www.macromedia.com\/go\/getflashplayer\" flashvars=\"host=picasaweb.google.com&amp;hl=en_US&amp;feat=flashalbum&amp;RGB=0x000000&amp;feed=https%3A%2F%2Fpicasaweb.google.com%2Fdata%2Ffeed%2Fapi%2Fuser%2F111892423590083005487%2Falbumid%2F5822616768562835553%3Falt%3Drss%26kind%3Dphoto%26authkey%3DGv1sRgCOHirr-I5rDBowE%26hl%3Den_US\" src=\"https:\/\/picasaweb.google.com\/s\/c\/bin\/slideshow.swf\" type=\"application\/x-shockwave-flash\" \/>             <\/p>\n<p><span style=\"font-size: xx-small;\"><span style=\"color: rgb(0, 0, 204);\"><span style=\"font-size: xx-small;\"><span style=\"color: rgb(0, 0, 204);\"><font size=\"1\" color=\"#0000cc\">Per treballar a l&#8217;aula, hem fet un voicethread  amb algunes diapositives perqu\u00e8 els alumnes o les fam\u00edlies puguin comentar-ho.<\/font><\/span><\/span> <\/span><\/span><\/p>\n<p>             <font size=\"1\" color=\"#0000cc\">             <\/font><\/td>\n<\/tr>\n<tr>\n<td>&nbsp;<\/td>\n<td>\n<p style=\"text-align: center;\"><strong><a target=\"_blank\" href=\"https:\/\/voicethread.com\/share\/3886221\/\" rel=\"noopener noreferrer\"><span style=\"font-size: xx-small;\"><span style=\"color: rgb(0, 0, 204);\"><font size=\"1\" color=\"#0000cc\"><font size=\"1\">V<\/font>oicethread<\/font><\/span><\/span><\/a> <\/strong><\/p>\n<\/td>\n<\/tr>\n<\/tbody>\n<\/table>\n<p> <\/span><\/span><\/p>\n","protected":false},"excerpt":{"rendered":"<p>Sortida al Museu del Bar\u00e7a<\/p>\n","protected":false},"author":1,"featured_media":0,"comment_status":"open","ping_status":"open","sticky":false,"template":"","format":"standard","meta":{"_bbp_topic_count":0,"_bbp_reply_count":0,"_bbp_total_topic_count":0,"_bbp_total_reply_count":0,"_bbp_voice_count":0,"_bbp_anonymous_reply_count":0,"_bbp_topic_count_hidden":0,"_bbp_reply_count_hidden":0,"_bbp_forum_subforum_count":0,"site-sidebar-layout":"default","site-content-layout":"","ast-site-content-layout":"","site-content-style":"default","site-sidebar-style":"default","ast-global-header-display":"","ast-banner-title-visibility":"","ast-main-header-display":"","ast-hfb-above-header-display":"","ast-hfb-below-header-display":"","ast-hfb-mobile-header-display":"","site-post-title":"","ast-breadcrumbs-content":"","ast-featured-img":"","footer-sml-layout":"","theme-transparent-header-meta":"","adv-header-id-meta":"","stick-header-meta":"","header-above-stick-meta":"","header-main-stick-meta":"","header-below-stick-meta":"","astra-migrate-meta-layouts":"default","ast-page-background-enabled":"default","ast-page-background-meta":{"desktop":{"background-color":"var(--ast-global-color-4)","background-image":"","background-repeat":"repeat","background-position":"center center","background-size":"auto","background-attachment":"scroll","background-type":"","background-media":"","overlay-type":"","overlay-color":"","overlay-opacity":"","overlay-gradient":""},"tablet":{"background-color":"","background-image":"","background-repeat":"repeat","background-position":"center center","background-size":"auto","background-attachment":"scroll","background-type":"","background-media":"","overlay-type":"","overlay-color":"","overlay-opacity":"","overlay-gradient":""},"mobile":{"background-color":"","background-image":"","background-repeat":"repeat","background-position":"center center","background-size":"auto","background-attachment":"scroll","background-type":"","background-media":"","overlay-type":"","overlay-color":"","overlay-opacity":"","overlay-gradient":""}},"ast-content-background-meta":{"desktop":{"background-color":"var(--ast-global-color-5)","background-image":"","background-repeat":"repeat","background-position":"center center","background-size":"auto","background-attachment":"scroll","background-type":"","background-media":"","overlay-type":"","overlay-color":"","overlay-opacity":"","overlay-gradient":""},"tablet":{"background-color":"var(--ast-global-color-5)","background-image":"","background-repeat":"repeat","background-position":"center center","background-size":"auto","background-attachment":"scroll","background-type":"","background-media":"","overlay-type":"","overlay-color":"","overlay-opacity":"","overlay-gradient":""},"mobile":{"background-color":"var(--ast-global-color-5)","background-image":"","background-repeat":"repeat","background-position":"center center","background-size":"auto","background-attachment":"scroll","background-type":"","background-media":"","overlay-type":"","overlay-color":"","overlay-opacity":"","overlay-gradient":""}},"footnotes":""},"categories":[351],"tags":[],"class_list":["post-659","post","type-post","status-publish","format-standard","hentry","category-portada"],"post_mailing_queue_ids":[],"_links":{"self":[{"href":"https:\/\/agora.xtec.cat\/iesmarti-i-pol\/wp-json\/wp\/v2\/posts\/659","targetHints":{"allow":["GET"]}}],"collection":[{"href":"https:\/\/agora.xtec.cat\/iesmarti-i-pol\/wp-json\/wp\/v2\/posts"}],"about":[{"href":"https:\/\/agora.xtec.cat\/iesmarti-i-pol\/wp-json\/wp\/v2\/types\/post"}],"author":[{"embeddable":true,"href":"https:\/\/agora.xtec.cat\/iesmarti-i-pol\/wp-json\/wp\/v2\/users\/1"}],"replies":[{"embeddable":true,"href":"https:\/\/agora.xtec.cat\/iesmarti-i-pol\/wp-json\/wp\/v2\/comments?post=659"}],"version-history":[{"count":1,"href":"https:\/\/agora.xtec.cat\/iesmarti-i-pol\/wp-json\/wp\/v2\/posts\/659\/revisions"}],"predecessor-version":[{"id":18987,"href":"https:\/\/agora.xtec.cat\/iesmarti-i-pol\/wp-json\/wp\/v2\/posts\/659\/revisions\/18987"}],"wp:attachment":[{"href":"https:\/\/agora.xtec.cat\/iesmarti-i-pol\/wp-json\/wp\/v2\/media?parent=659"}],"wp:term":[{"taxonomy":"category","embeddable":true,"href":"https:\/\/agora.xtec.cat\/iesmarti-i-pol\/wp-json\/wp\/v2\/categories?post=659"},{"taxonomy":"post_tag","embeddable":true,"href":"https:\/\/agora.xtec.cat\/iesmarti-i-pol\/wp-json\/wp\/v2\/tags?post=659"}],"curies":[{"name":"wp","href":"https:\/\/api.w.org\/{rel}","templated":true}]}}