{"id":647,"date":"2012-11-06T00:00:00","date_gmt":"2012-11-06T00:00:00","guid":{"rendered":"http:\/\/mmpol.cat\/home2\/mmpolcat\/wordpress\/?p=647"},"modified":"2021-03-05T19:39:36","modified_gmt":"2021-03-05T18:39:36","slug":"sortida-exposicio-taller-ferran-adria","status":"publish","type":"post","link":"https:\/\/agora.xtec.cat\/iesmarti-i-pol\/portada\/sortida-exposicio-taller-ferran-adria\/","title":{"rendered":"Sortida exposici\u00f3-taller Ferran Adri\u00e0"},"content":{"rendered":"<p><span style=\"color: rgb(51, 51, 153);\"> <\/p>\n<table width=\"500\" cellspacing=\"1\" cellpadding=\"1\" border=\"0\" style=\"width: 500px; height: 14px;\">\n<tbody>\n<tr>\n<td bgcolor=\"#ccccff\" style=\"text-align: justify;\">\n<div style=\"text-align: center;\">Sortida exposici\u00f3-taller Ferran Adri\u00e0<\/div>\n<p>             <font color=\"#333399\">             <\/font><\/td>\n<\/tr>\n<\/tbody>\n<\/table>\n<p> <\/span><\/p>\n<p>  <!--more-->  <\/p>\n<p><span style=\"font-size: xx-small;\"><span style=\"color: rgb(0, 0, 204);\"> <\/p>\n<table width=\"534\" cellspacing=\"1\" cellpadding=\"1\" border=\"0\" style=\"width: 534px; height: 64px;\">\n<tbody>\n<tr>\n<td><img loading=\"lazy\" decoding=\"async\" width=\"15\" height=\"15\" alt=\"\" src=\"\/iesmarti-i-pol\/images\/stories\/espai.gif\" \/><\/td>\n<td style=\"text-align: justify;\">\n<p><font size=\"1\" color=\"#0000cc\">El dia 6 de novembre l&#8217;alumnat de 4t C i l&#8217;Aula d&#8217;Acollida van visitar el Palau Robert per veure una exposici\u00f3 de Ferran Adri\u00e0 i realitzar posteriorment un taller de desconstrucci\u00f3 &quot;El plaer dels sentits&quot;. Van sortir de l&#8217;institut a les 10 del mat\u00ed i van esmorzar als jardins del Palau Robert. Fent \u00fas de la creativitat i de la imaginaci\u00f3, alguns nois van jugar a la petanca amb elements del jard\u00ed. L&#8217;exposici\u00f3 de Ferran Adri\u00e0 est\u00e0 situada a la planta segona del Palau Robert. Nom\u00e9s entrar, es fa refer\u00e8ncia a l&#8217;ubicaci\u00f3 del Bulli, un espai privilegiat a la Costa Brava. Vam aprendre, per exemple, que el nom del Bulli es deu a un dels gossos dels antics amos de la casa. La seg\u00fcent sala de l&#8217;exposici\u00f3 explica la vida de Ferran Adri\u00e0, un noi que al principi no volia treballar de cuiner. Despr\u00e9s, ja passem a les sales on es parla del men\u00fa degustaci\u00f3, es veuen v\u00eddeos d&#8217;alguns dels plats m\u00e9s importants, de la cuina o de les t\u00e8cniques culin\u00e0ries que feien servir. Tamb\u00e9 hi ha una vitrina on hi ha plats amb plastelinia. Abans de fer qualsevol plat, els cuiners\/es del Bulli el deconstru\u00efen amb plastelina.<\/font><\/p>\n<p><font size=\"1\" color=\"#0000cc\">Un cop acabada l&#8217;exposici\u00f3, vam fer un taller de plastilina per deconstuir uns plats. Primer, vam intentar endevinar de qu\u00e8 estaven fets alguns dels plats de Ferran Adri\u00e0 i despr\u00e9s vam intentar fer el mateix plat, per\u00f2 creant-lo d&#8217;una altra manera. Els resultats van ser ben curiosos!<br \/>             Si teniu temps, us recomanem l&#8217;exposici\u00f3 gratu\u00efta de Ferran Adri\u00e0 al Palau Robert. \u00c9s molt interessant!&quot;!<\/font><font size=\"1\" color=\"#0000cc\"><br \/>             <\/font><\/p>\n<\/td>\n<\/tr>\n<\/tbody>\n<\/table>\n<p> <\/span><\/span><\/p>\n<p> <embed width=\"600\" height=\"400\" pluginspage=\"http:\/\/www.macromedia.com\/go\/getflashplayer\" flashvars=\"host=picasaweb.google.com&amp;hl=en_US&amp;feat=flashalbum&amp;RGB=0x000000&amp;feed=https%3A%2F%2Fpicasaweb.google.com%2Fdata%2Ffeed%2Fapi%2Fuser%2F111892423590083005487%2Falbumid%2F5809519912317688321%3Falt%3Drss%26kind%3Dphoto%26authkey%3DGv1sRgCKiXiZ-VvrOZ8QE%26hl%3Den_US\" src=\"https:\/\/picasaweb.google.com\/s\/c\/bin\/slideshow.swf\" type=\"application\/x-shockwave-flash\" \/><\/p>\n","protected":false},"excerpt":{"rendered":"<p>Sortida exposici\u00f3-taller Ferran Adri\u00e0<\/p>\n","protected":false},"author":1,"featured_media":0,"comment_status":"open","ping_status":"open","sticky":false,"template":"","format":"standard","meta":{"_bbp_topic_count":0,"_bbp_reply_count":0,"_bbp_total_topic_count":0,"_bbp_total_reply_count":0,"_bbp_voice_count":0,"_bbp_anonymous_reply_count":0,"_bbp_topic_count_hidden":0,"_bbp_reply_count_hidden":0,"_bbp_forum_subforum_count":0,"site-sidebar-layout":"default","site-content-layout":"","ast-site-content-layout":"","site-content-style":"default","site-sidebar-style":"default","ast-global-header-display":"","ast-banner-title-visibility":"","ast-main-header-display":"","ast-hfb-above-header-display":"","ast-hfb-below-header-display":"","ast-hfb-mobile-header-display":"","site-post-title":"","ast-breadcrumbs-content":"","ast-featured-img":"","footer-sml-layout":"","theme-transparent-header-meta":"","adv-header-id-meta":"","stick-header-meta":"","header-above-stick-meta":"","header-main-stick-meta":"","header-below-stick-meta":"","astra-migrate-meta-layouts":"default","ast-page-background-enabled":"default","ast-page-background-meta":{"desktop":{"background-color":"var(--ast-global-color-4)","background-image":"","background-repeat":"repeat","background-position":"center center","background-size":"auto","background-attachment":"scroll","background-type":"","background-media":"","overlay-type":"","overlay-color":"","overlay-opacity":"","overlay-gradient":""},"tablet":{"background-color":"","background-image":"","background-repeat":"repeat","background-position":"center center","background-size":"auto","background-attachment":"scroll","background-type":"","background-media":"","overlay-type":"","overlay-color":"","overlay-opacity":"","overlay-gradient":""},"mobile":{"background-color":"","background-image":"","background-repeat":"repeat","background-position":"center center","background-size":"auto","background-attachment":"scroll","background-type":"","background-media":"","overlay-type":"","overlay-color":"","overlay-opacity":"","overlay-gradient":""}},"ast-content-background-meta":{"desktop":{"background-color":"var(--ast-global-color-5)","background-image":"","background-repeat":"repeat","background-position":"center center","background-size":"auto","background-attachment":"scroll","background-type":"","background-media":"","overlay-type":"","overlay-color":"","overlay-opacity":"","overlay-gradient":""},"tablet":{"background-color":"var(--ast-global-color-5)","background-image":"","background-repeat":"repeat","background-position":"center center","background-size":"auto","background-attachment":"scroll","background-type":"","background-media":"","overlay-type":"","overlay-color":"","overlay-opacity":"","overlay-gradient":""},"mobile":{"background-color":"var(--ast-global-color-5)","background-image":"","background-repeat":"repeat","background-position":"center center","background-size":"auto","background-attachment":"scroll","background-type":"","background-media":"","overlay-type":"","overlay-color":"","overlay-opacity":"","overlay-gradient":""}},"footnotes":""},"categories":[351],"tags":[],"class_list":["post-647","post","type-post","status-publish","format-standard","hentry","category-portada"],"post_mailing_queue_ids":[],"_links":{"self":[{"href":"https:\/\/agora.xtec.cat\/iesmarti-i-pol\/wp-json\/wp\/v2\/posts\/647","targetHints":{"allow":["GET"]}}],"collection":[{"href":"https:\/\/agora.xtec.cat\/iesmarti-i-pol\/wp-json\/wp\/v2\/posts"}],"about":[{"href":"https:\/\/agora.xtec.cat\/iesmarti-i-pol\/wp-json\/wp\/v2\/types\/post"}],"author":[{"embeddable":true,"href":"https:\/\/agora.xtec.cat\/iesmarti-i-pol\/wp-json\/wp\/v2\/users\/1"}],"replies":[{"embeddable":true,"href":"https:\/\/agora.xtec.cat\/iesmarti-i-pol\/wp-json\/wp\/v2\/comments?post=647"}],"version-history":[{"count":1,"href":"https:\/\/agora.xtec.cat\/iesmarti-i-pol\/wp-json\/wp\/v2\/posts\/647\/revisions"}],"predecessor-version":[{"id":18998,"href":"https:\/\/agora.xtec.cat\/iesmarti-i-pol\/wp-json\/wp\/v2\/posts\/647\/revisions\/18998"}],"wp:attachment":[{"href":"https:\/\/agora.xtec.cat\/iesmarti-i-pol\/wp-json\/wp\/v2\/media?parent=647"}],"wp:term":[{"taxonomy":"category","embeddable":true,"href":"https:\/\/agora.xtec.cat\/iesmarti-i-pol\/wp-json\/wp\/v2\/categories?post=647"},{"taxonomy":"post_tag","embeddable":true,"href":"https:\/\/agora.xtec.cat\/iesmarti-i-pol\/wp-json\/wp\/v2\/tags?post=647"}],"curies":[{"name":"wp","href":"https:\/\/api.w.org\/{rel}","templated":true}]}}