{"id":632,"date":"2012-10-18T00:00:00","date_gmt":"2012-10-18T00:00:00","guid":{"rendered":"http:\/\/mmpol.cat\/home2\/mmpolcat\/wordpress\/?p=632"},"modified":"2021-03-05T19:39:37","modified_gmt":"2021-03-05T18:39:37","slug":"biblioteca-pere-morros","status":"publish","type":"post","link":"https:\/\/agora.xtec.cat\/iesmarti-i-pol\/general\/biblioteca-pere-morros\/","title":{"rendered":"Biblioteca Pere Morros"},"content":{"rendered":"<p><span style=\"color: rgb(51, 51, 153);\"> <\/p>\n<table width=\"500\" cellspacing=\"1\" cellpadding=\"1\" border=\"0\" style=\"width: 500px; height: 14px;\">\n<tbody>\n<tr>\n<td bgcolor=\"#660000\" style=\"text-align: justify;\">\n<div style=\"text-align: center;\"><font color=\"#333399\"> <\/font><span style=\"color: rgb(255, 255, 255);\">Inauguraci\u00f3 de la biblioteca Pere Morros<\/span><\/div>\n<p>             <font color=\"#333399\">             <\/font><\/td>\n<\/tr>\n<\/tbody>\n<\/table>\n<p> <\/span><\/p>\n<p>  <!--more-->  <\/p>\n<p>El passat 10 d&#8217;octubre va tenir lloc la inauguraci\u00f3 oficial de la biblioteca de l&#8217;institut Miquel Mart\u00ed i Pol. La nostra biblioteca s&#8217;ha convertit en la Biblioteca Pere Morros, en honor a un professor de cicles formatius de fusta , que va tenir la gran idea de col&middot;locar  la biblioteca en un espai obert on antigament no hi havia res. Va ser gr\u00e0cies a la seva empenta , a la col&middot;laboraci\u00f3  dels companys del departament de fusta i  de l&#8217;alumnat que es va construir la nostra biblioteca.<\/p>\n<p>L&#8217;acte va estar presidit pel director de l&#8217;institut, un membre de l&#8217;AMPA, un exprofessor i exalumne del Pere Morros, la filla del difunt, la consellera d&#8217;educaci\u00f3 de l&#8217;Ajuntament de Cornell\u00e0 i l&#8217;inspector de zona del Departament d&#8217;Ensenyament. Despr\u00e9s dels discursos del director, la regidora , l&#8217;inspector i l&#8217;exprofessor i el lliurament de premis del logo de la biblioteca, vam poder guadir d&#8217;un magn\u00edfic audiovisual, elaborat pel professor Xavier Gol, sobre l&#8217;aportaci\u00f3 del Pere Morros a l&#8217;institut, seguidament es va inaugurar la biblioteca   amb una placa commemorativa.<\/p>\n<p style=\"text-align: center;\"><a href=\"http:\/\/biblioteca-iesmartiipol.blogspot.com.es\/\" target=\"_blank\" rel=\"noopener noreferrer\"><span style=\"color: rgb(0, 0, 255);\"><strong>M\u00e9s informaci\u00f3<\/strong><\/span><\/a><\/p>\n<p class=\"MsoNormal\" style=\"text-align: left;\">&nbsp;<\/p>\n","protected":false},"excerpt":{"rendered":"<p>Inauguraci\u00f3 de la biblioteca Pere Morros<\/p>\n","protected":false},"author":1,"featured_media":0,"comment_status":"open","ping_status":"open","sticky":false,"template":"","format":"standard","meta":{"_bbp_topic_count":0,"_bbp_reply_count":0,"_bbp_total_topic_count":0,"_bbp_total_reply_count":0,"_bbp_voice_count":0,"_bbp_anonymous_reply_count":0,"_bbp_topic_count_hidden":0,"_bbp_reply_count_hidden":0,"_bbp_forum_subforum_count":0,"site-sidebar-layout":"default","site-content-layout":"","ast-site-content-layout":"","site-content-style":"default","site-sidebar-style":"default","ast-global-header-display":"","ast-banner-title-visibility":"","ast-main-header-display":"","ast-hfb-above-header-display":"","ast-hfb-below-header-display":"","ast-hfb-mobile-header-display":"","site-post-title":"","ast-breadcrumbs-content":"","ast-featured-img":"","footer-sml-layout":"","theme-transparent-header-meta":"","adv-header-id-meta":"","stick-header-meta":"","header-above-stick-meta":"","header-main-stick-meta":"","header-below-stick-meta":"","astra-migrate-meta-layouts":"default","ast-page-background-enabled":"default","ast-page-background-meta":{"desktop":{"background-color":"var(--ast-global-color-4)","background-image":"","background-repeat":"repeat","background-position":"center center","background-size":"auto","background-attachment":"scroll","background-type":"","background-media":"","overlay-type":"","overlay-color":"","overlay-opacity":"","overlay-gradient":""},"tablet":{"background-color":"","background-image":"","background-repeat":"repeat","background-position":"center center","background-size":"auto","background-attachment":"scroll","background-type":"","background-media":"","overlay-type":"","overlay-color":"","overlay-opacity":"","overlay-gradient":""},"mobile":{"background-color":"","background-image":"","background-repeat":"repeat","background-position":"center center","background-size":"auto","background-attachment":"scroll","background-type":"","background-media":"","overlay-type":"","overlay-color":"","overlay-opacity":"","overlay-gradient":""}},"ast-content-background-meta":{"desktop":{"background-color":"var(--ast-global-color-5)","background-image":"","background-repeat":"repeat","background-position":"center center","background-size":"auto","background-attachment":"scroll","background-type":"","background-media":"","overlay-type":"","overlay-color":"","overlay-opacity":"","overlay-gradient":""},"tablet":{"background-color":"var(--ast-global-color-5)","background-image":"","background-repeat":"repeat","background-position":"center center","background-size":"auto","background-attachment":"scroll","background-type":"","background-media":"","overlay-type":"","overlay-color":"","overlay-opacity":"","overlay-gradient":""},"mobile":{"background-color":"var(--ast-global-color-5)","background-image":"","background-repeat":"repeat","background-position":"center center","background-size":"auto","background-attachment":"scroll","background-type":"","background-media":"","overlay-type":"","overlay-color":"","overlay-opacity":"","overlay-gradient":""}},"footnotes":""},"categories":[347,351],"tags":[],"class_list":["post-632","post","type-post","status-publish","format-standard","hentry","category-general","category-portada"],"post_mailing_queue_ids":[],"_links":{"self":[{"href":"https:\/\/agora.xtec.cat\/iesmarti-i-pol\/wp-json\/wp\/v2\/posts\/632","targetHints":{"allow":["GET"]}}],"collection":[{"href":"https:\/\/agora.xtec.cat\/iesmarti-i-pol\/wp-json\/wp\/v2\/posts"}],"about":[{"href":"https:\/\/agora.xtec.cat\/iesmarti-i-pol\/wp-json\/wp\/v2\/types\/post"}],"author":[{"embeddable":true,"href":"https:\/\/agora.xtec.cat\/iesmarti-i-pol\/wp-json\/wp\/v2\/users\/1"}],"replies":[{"embeddable":true,"href":"https:\/\/agora.xtec.cat\/iesmarti-i-pol\/wp-json\/wp\/v2\/comments?post=632"}],"version-history":[{"count":1,"href":"https:\/\/agora.xtec.cat\/iesmarti-i-pol\/wp-json\/wp\/v2\/posts\/632\/revisions"}],"predecessor-version":[{"id":19006,"href":"https:\/\/agora.xtec.cat\/iesmarti-i-pol\/wp-json\/wp\/v2\/posts\/632\/revisions\/19006"}],"wp:attachment":[{"href":"https:\/\/agora.xtec.cat\/iesmarti-i-pol\/wp-json\/wp\/v2\/media?parent=632"}],"wp:term":[{"taxonomy":"category","embeddable":true,"href":"https:\/\/agora.xtec.cat\/iesmarti-i-pol\/wp-json\/wp\/v2\/categories?post=632"},{"taxonomy":"post_tag","embeddable":true,"href":"https:\/\/agora.xtec.cat\/iesmarti-i-pol\/wp-json\/wp\/v2\/tags?post=632"}],"curies":[{"name":"wp","href":"https:\/\/api.w.org\/{rel}","templated":true}]}}