{"id":622,"date":"2012-07-25T00:00:00","date_gmt":"2012-07-25T00:00:00","guid":{"rendered":"http:\/\/mmpol.cat\/home2\/mmpolcat\/wordpress\/?p=622"},"modified":"2021-03-05T19:39:38","modified_gmt":"2021-03-05T18:39:38","slug":"inici-activ-lectives-2012-2013","status":"publish","type":"post","link":"https:\/\/agora.xtec.cat\/iesmarti-i-pol\/general\/inici-activ-lectives-2012-2013\/","title":{"rendered":"Inici d&#039;activitats lectives curs 2012-2013"},"content":{"rendered":"<table width=\"534\" height=\"108\" cellspacing=\"1\" cellpadding=\"1\" border=\"0\">\n<tbody>\n<tr>\n<td bgcolor=\"#0000cc\" style=\"text-align: center\"><strong><span style=\"color: #ffffff\">Inici d&#8217;activitats lectives curs 2012-2013 <\/span><\/strong><\/td>\n<\/tr>\n<tr>\n<td bgcolor=\"#663399\" style=\"text-align: justify\"><span style=\"color: rgb(255,255,0)\"><span style=\"font-family: Verdana\"><span style=\"font-size: 12px\">Dilluns dia 17 de setembre:<\/span><\/span><\/span><\/td>\n<\/tr>\n<tr>\n<td bgcolor=\"#cccccc\" style=\"text-align: justify\"><span style=\"font-family: Verdana\"><span style=\"font-size: 12px\">:: 10:30 h Presentaci\u00f3 i inici de curs PQPI-FIAP<\/span><\/span><\/td>\n<\/tr>\n<tr>\n<td bgcolor=\"#663399\" style=\"text-align: justify\"><span style=\"color: rgb(255,255,0)\"><span style=\"font-family: Verdana\"><span style=\"font-size: 12px\">Dimecres dia 19 de setembre:<\/span><\/span><\/span><\/td>\n<\/tr>\n<tr>\n<td bgcolor=\"#cccccc\" style=\"text-align: justify\">\n<p><span style=\"font-family: Verdana\"><span style=\"font-size: 12px\">:: 10:00 h Presentaci\u00f3 de cicles de grau superior de mat\u00ed<\/span><\/span> <br \/>             <span style=\"font-family: Verdana\"><span style=\"font-size: 12px\">:: 16:30 h Presentaci\u00f3 de cicles de grau superior de tarda i del Curs d&#8217;acc\u00e9s a cicles de grau superior<\/span><\/span><\/p>\n<\/td>\n<\/tr>\n<\/tbody>\n<\/table>\n","protected":false},"excerpt":{"rendered":"<p>Inici d&#8217;activitats lectives curs 2012-2013 Dilluns dia 17 de setembre: :: 10:30 h Presentaci\u00f3 i inici de curs PQPI-FIAP Dimecres dia 19 de setembre: :: 10:00 h Presentaci\u00f3 de cicles de grau superior de mat\u00ed :: 16:30 h Presentaci\u00f3 de cicles de grau superior de tarda i del Curs d&#8217;acc\u00e9s a cicles de grau superior<\/p>\n","protected":false},"author":1,"featured_media":0,"comment_status":"open","ping_status":"open","sticky":false,"template":"","format":"standard","meta":{"_bbp_topic_count":0,"_bbp_reply_count":0,"_bbp_total_topic_count":0,"_bbp_total_reply_count":0,"_bbp_voice_count":0,"_bbp_anonymous_reply_count":0,"_bbp_topic_count_hidden":0,"_bbp_reply_count_hidden":0,"_bbp_forum_subforum_count":0,"site-sidebar-layout":"default","site-content-layout":"","ast-site-content-layout":"","site-content-style":"default","site-sidebar-style":"default","ast-global-header-display":"","ast-banner-title-visibility":"","ast-main-header-display":"","ast-hfb-above-header-display":"","ast-hfb-below-header-display":"","ast-hfb-mobile-header-display":"","site-post-title":"","ast-breadcrumbs-content":"","ast-featured-img":"","footer-sml-layout":"","theme-transparent-header-meta":"","adv-header-id-meta":"","stick-header-meta":"","header-above-stick-meta":"","header-main-stick-meta":"","header-below-stick-meta":"","astra-migrate-meta-layouts":"default","ast-page-background-enabled":"default","ast-page-background-meta":{"desktop":{"background-color":"var(--ast-global-color-4)","background-image":"","background-repeat":"repeat","background-position":"center center","background-size":"auto","background-attachment":"scroll","background-type":"","background-media":"","overlay-type":"","overlay-color":"","overlay-opacity":"","overlay-gradient":""},"tablet":{"background-color":"","background-image":"","background-repeat":"repeat","background-position":"center center","background-size":"auto","background-attachment":"scroll","background-type":"","background-media":"","overlay-type":"","overlay-color":"","overlay-opacity":"","overlay-gradient":""},"mobile":{"background-color":"","background-image":"","background-repeat":"repeat","background-position":"center center","background-size":"auto","background-attachment":"scroll","background-type":"","background-media":"","overlay-type":"","overlay-color":"","overlay-opacity":"","overlay-gradient":""}},"ast-content-background-meta":{"desktop":{"background-color":"var(--ast-global-color-5)","background-image":"","background-repeat":"repeat","background-position":"center center","background-size":"auto","background-attachment":"scroll","background-type":"","background-media":"","overlay-type":"","overlay-color":"","overlay-opacity":"","overlay-gradient":""},"tablet":{"background-color":"var(--ast-global-color-5)","background-image":"","background-repeat":"repeat","background-position":"center center","background-size":"auto","background-attachment":"scroll","background-type":"","background-media":"","overlay-type":"","overlay-color":"","overlay-opacity":"","overlay-gradient":""},"mobile":{"background-color":"var(--ast-global-color-5)","background-image":"","background-repeat":"repeat","background-position":"center center","background-size":"auto","background-attachment":"scroll","background-type":"","background-media":"","overlay-type":"","overlay-color":"","overlay-opacity":"","overlay-gradient":""}},"footnotes":""},"categories":[347,351],"tags":[],"class_list":["post-622","post","type-post","status-publish","format-standard","hentry","category-general","category-portada"],"post_mailing_queue_ids":[],"_links":{"self":[{"href":"https:\/\/agora.xtec.cat\/iesmarti-i-pol\/wp-json\/wp\/v2\/posts\/622","targetHints":{"allow":["GET"]}}],"collection":[{"href":"https:\/\/agora.xtec.cat\/iesmarti-i-pol\/wp-json\/wp\/v2\/posts"}],"about":[{"href":"https:\/\/agora.xtec.cat\/iesmarti-i-pol\/wp-json\/wp\/v2\/types\/post"}],"author":[{"embeddable":true,"href":"https:\/\/agora.xtec.cat\/iesmarti-i-pol\/wp-json\/wp\/v2\/users\/1"}],"replies":[{"embeddable":true,"href":"https:\/\/agora.xtec.cat\/iesmarti-i-pol\/wp-json\/wp\/v2\/comments?post=622"}],"version-history":[{"count":1,"href":"https:\/\/agora.xtec.cat\/iesmarti-i-pol\/wp-json\/wp\/v2\/posts\/622\/revisions"}],"predecessor-version":[{"id":19012,"href":"https:\/\/agora.xtec.cat\/iesmarti-i-pol\/wp-json\/wp\/v2\/posts\/622\/revisions\/19012"}],"wp:attachment":[{"href":"https:\/\/agora.xtec.cat\/iesmarti-i-pol\/wp-json\/wp\/v2\/media?parent=622"}],"wp:term":[{"taxonomy":"category","embeddable":true,"href":"https:\/\/agora.xtec.cat\/iesmarti-i-pol\/wp-json\/wp\/v2\/categories?post=622"},{"taxonomy":"post_tag","embeddable":true,"href":"https:\/\/agora.xtec.cat\/iesmarti-i-pol\/wp-json\/wp\/v2\/tags?post=622"}],"curies":[{"name":"wp","href":"https:\/\/api.w.org\/{rel}","templated":true}]}}