{"id":577,"date":"2013-01-10T00:00:00","date_gmt":"2013-01-09T23:00:00","guid":{"rendered":"http:\/\/mmpol.cat\/home2\/mmpolcat\/wordpress\/?p=577"},"modified":"2021-03-05T19:39:34","modified_gmt":"2021-03-05T18:39:34","slug":"pau-cicles-formatius","status":"publish","type":"post","link":"https:\/\/agora.xtec.cat\/iesmarti-i-pol\/general\/pau-cicles-formatius\/","title":{"rendered":"PAU cicles formatius"},"content":{"rendered":"<p> \t&nbsp;<\/p>\n<p> \t<a href=\"http:\/\/mmpol.cat\/home2\/mmpolcat\/wordpress\/?p=574\" onmouseout=\"document.displayRec.src='http:\/\/agora.xtec.cat\/iesmarti-i-pol\/wp-content\/uploads\/usu1292\/2013\/01\/pau_gral_i.gif'\" onmouseover=\"document.displayRec.src='\/images\/stories\/pau\/pau_gral_a.gif'\" target=\"_parent\" rel=\"noopener noreferrer\"> <img loading=\"lazy\" decoding=\"async\" class=\" size-full wp-image-575\" alt=\"\" border=\"0\" name=\"displayRec\" src=\"\/images\/stories\/pau\/pau_gral_i.gif\" width=\"142\" height=\"21\" \/><\/a> <a href=\"http:\/\/mmpol.cat\/home2\/mmpolcat\/wordpress\/?p=579\" onmouseout=\"document.displayCur.src='http:\/\/agora.xtec.cat\/iesmarti-i-pol\/wp-content\/uploads\/usu1292\/2013\/12\/pau_batx_i.gif'\" onmouseover=\"document.displayCur.src='\/images\/stories\/pau\/pau_batx_a.gif'\" target=\"_parent\" rel=\"noopener noreferrer\"> <img loading=\"lazy\" decoding=\"async\" class=\" size-full wp-image-572\" alt=\"\" border=\"0\" name=\"displayCur\" src=\"\/images\/stories\/pau\/pau_batx_i.gif\" width=\"142\" height=\"21\" \/><\/a> <img loading=\"lazy\" decoding=\"async\" class=\" size-full wp-image-576\" alt=\"\" border=\"0\" height=\"21\" src=\"http:\/\/agora.xtec.cat\/iesmarti-i-pol\/wp-content\/uploads\/usu1292\/2013\/01\/pau_cf_a.gif\" width=\"142\" \/><\/p>\n<table border=\"0\" cellpadding=\"1\" cellspacing=\"1\" style=\"width: 611px; height: 389px\">\n<tbody>\n<tr>\n<td> \t\t\t\t<img loading=\"lazy\" decoding=\"async\" alt=\"\" height=\"20\" src=\"\/iesmarti-i-pol\/images\/stories\/espai.gif\" width=\"20\" \/><\/td>\n<td valign=\"top\">\n<table border=\"1\" cellpadding=\"1\" cellspacing=\"1\" height=\"75\" width=\"469\">\n<tbody>\n<tr>\n<td bgcolor=\"#ffff99\" style=\"text-align: center;\"> \t\t\t\t\t\t\t\t<span style=\"color: rgb(0, 0, 128);\"><span style=\"font-size: 14px;\"><span style=\"font-family: Verdana;\">Els estudiants procedents de CFGS que vulguin accedir als graus d&#8217;Educaci\u00f3 infantil i d&#8217;Educaci\u00f3 prim\u00e0ria han de dur a terme les proves de <strong>catal\u00e0 <\/strong>i <strong>castell\u00e0 <\/strong>de la fase general de les PAU<\/span><\/span><\/span><\/td>\n<\/tr>\n<\/tbody>\n<\/table>\n<p class=\"texto\"> \t\t\t\t\t<span style=\"color: rgb(128, 0, 0);\"><strong>*<\/strong><\/span> <a href=\"http:\/\/universitatsirecerca.gencat.cat\/ca\/03_ambits_dactuacio\/acces_i_admissio_a_la_universitat\/proves_de_la_fase_especifica_per_a_estudiants_de_cicles_formatius\/\" target=\"_blank\" rel=\"noopener noreferrer\">Introducci\u00f3 i informaci\u00f3 general per a cicles formatius<\/a><\/p>\n<p class=\"texto\"> \t\t\t\t\t<span style=\"color: rgb(128, 0, 0);\"><strong>*<\/strong><\/span> <a href=\"http:\/\/universitatsirecerca.gencat.cat\/web\/ca\/03_ambits_dactuacio\/acces_i_admissio_a_la_universitat\/.content\/acces_i_admissio_a_la_universitat\/proves_de_la_fase_especifica_per_a_estudiants_de_cicles_formatius\/documents\/Fulleto-CFGS-2016_CA.pdf\" target=\"_blank\" rel=\"noopener noreferrer\">Resum informatiu per cicles formatius<\/a><\/p>\n<p class=\"texto\"> \t\t\t\t\t<span style=\"color: rgb(128, 0, 0);\"><strong>*<\/strong><\/span> <a href=\"http:\/\/www.boe.es\/boe\/dias\/2010\/12\/17\/pdfs\/BOE-A-2010-19391.pdf\" target=\"_blank\" rel=\"noopener noreferrer\">Normativa de la prova d&#8217;acc\u00e9s a la universidad pels t\u00e8cnics superiors de FP<\/a><\/p>\n<p class=\"texto\"> \t\t\t\t\t<span style=\"color: rgb(128, 0, 0);\"><strong>* <\/strong><\/span><a href=\"http:\/\/universitatsirecerca.gencat.cat\/web\/ca\/03_ambits_dactuacio\/acces_i_admissio_a_la_universitat\/.content\/acces_i_admissio_a_la_universitat\/preinscripcio_per_a_les_universitats_publiques__i_universitat_de_vic\/informacio_general\/documents\/Ponderacions_Catalunya.pdf\" target=\"_blank\" rel=\"noopener noreferrer\">Ponderaci\u00f3 de les mat\u00e8ries de batxillerat per a l&#8217;acc\u00e9s a la universitat<\/a><\/p>\n<p class=\"texto\"> \t\t\t\t\t<strong><span style=\"color: rgb(128, 0, 0);\">*<\/span><\/strong> <a href=\"http:\/\/universitatsirecerca.gencat.cat\/ca\/03_ambits_dactuacio\/acces_i_admissio_a_la_universitat\/proves_dacces_a_la_universitat_pau\/estructura_de_lexamen_i_informacio_de_les_materies\/\" target=\"_blank\" rel=\"noopener noreferrer\">Ex\u00e0mens i informaci\u00f3 de les mat\u00e8ries<\/a><\/p>\n<p class=\"texto\"> \t\t\t\t\t<span style=\"color: rgb(128, 0, 0);\"><strong>*<\/strong><\/span> Calendari de les PAU 2016 (cicles formatius):<\/p>\n<div data-canvas-width=\"405.7119474530353\" style=\"left: 141.8px; top: 919.6px; font-size: 18.4px; font-family: sans-serif; transform: scaleX(0.999947); text-align: justify; margin-left: 40px;\"> \t\t\t\t\t<span style=\"font-size:10px;\"><span style=\"color: rgb(0, 0, 128);\"><span style=\"font-family: verdana,geneva,sans-serif;\">Les PAU del curs 2015-2016 tindran lloc els dies:<\/span><\/span><\/span><\/div>\n<div data-canvas-width=\"399.4240314597686\" style=\"left: 259.8px; top: 961.6px; font-size: 18.4px; font-family: sans-serif; transform: scaleX(1.05236); text-align: justify; margin-left: 40px;\"> \t\t\t\t\t<span style=\"font-size:10px;\"><span style=\"color: rgb(0, 0, 128);\"><span style=\"font-family: verdana,geneva,sans-serif;\">&nbsp;&nbsp; Convocat\u00f2ria de juny: 14, 15 i 16 de juny 2016<\/span><\/span><\/span><\/div>\n<div data-canvas-width=\"60.91215793313096\" style=\"left: 713.6px; top: 982.6px; font-size: 18.4px; font-family: sans-serif; transform: scaleX(0.992055); text-align: justify; margin-left: 40px;\"> \t\t\t\t\t<span style=\"font-size:10px;\"><span style=\"color: rgb(0, 0, 128);\"><span style=\"font-family: verdana,geneva,sans-serif;\">Convocat\u00f2ria de setembre: 6, 7 i 8 de de setembre de 2016<\/span><\/span><\/span><\/div>\n<div data-canvas-width=\"212.91195522193252\" style=\"left: 141.8px; top: 1109.4px; font-size: 18.4px; font-family: sans-serif; transform: scaleX(0.995769); text-align: justify; margin-left: 40px;\"> \t\t\t\t\t<span style=\"font-size:10px;\"><span style=\"color: rgb(0, 0, 128);\"><span style=\"font-family: verdana,geneva,sans-serif;\">Cada examen t\u00e9 una durada d\u2019una hora i mitja.<\/span><\/span><\/span><\/div>\n<div data-canvas-width=\"212.91195522193252\" style=\"left: 141.8px; top: 1109.4px; font-size: 18.4px; font-family: sans-serif; transform: scaleX(0.995769); text-align: justify; margin-left: 40px;\"> \t\t\t\t\t<span style=\"font-size:10px;\"><span style=\"color: rgb(0, 0, 128);\"><span style=\"font-family: verdana,geneva,sans-serif;\">Les etiquetes identificatives es lliuren a cada estudiant en el dia i franja hor\u00e0ria<\/span><\/span><\/span><\/div>\n<div data-canvas-width=\"212.91195522193252\" style=\"left: 141.8px; top: 1109.4px; font-size: 18.4px; font-family: sans-serif; transform: scaleX(0.995769); text-align: justify; margin-left: 40px;\"> \t\t\t\t\t<span style=\"font-size:10px;\"><span style=\"color: rgb(0, 0, 128);\"><span style=\"font-family: verdana,geneva,sans-serif;\">del seu primer examen.<\/span><\/span><\/span><\/div>\n<div data-canvas-width=\"212.91195522193252\" style=\"left: 141.8px; top: 1109.4px; font-size: 18.4px; font-family: sans-serif; transform: scaleX(0.995769); text-align: justify; margin-left: 40px;\"> \t\t\t\t\t<span style=\"font-size:10px;\"><span style=\"color: rgb(0, 0, 128);\"><span style=\"font-family: verdana,geneva,sans-serif;\">Per aix\u00f2, cal presentar-se al lloc d\u2019examen 10 minuts abans de l\u2019inici de la prova corresponent<\/span><\/span><\/span><\/div>\n<div data-canvas-width=\"212.91195522193252\" style=\"left: 141.8px; top: 1109.4px; font-size: 18.4px; font-family: sans-serif; transform: scaleX(0.995769); text-align: justify; margin-left: 40px;\"> \t\t\t\t\t&nbsp;<\/div>\n<table cellpadding=\"0\" cellspacing=\"0\" dir=\"ltr\" height=\"239\" width=\"230\">\n<tbody>\n<tr>\n<td bgcolor=\"#660066\" height=\"36\" style=\"border: 4px solid white;\" width=\"230\">\n<div style=\"text-align: center;\"> \t\t\t\t\t\t\t\t\t<span style=\"color: rgb(255, 255, 255);\"><b>Curr\u00edculum mat\u00e8ries de MODALITAT<\/b><\/span><\/div>\n<div style=\"text-align: center;\"> \t\t\t\t\t\t\t\t\t<span style=\"color: rgb(255, 255, 255);\"><b>de BATXILLERAT (clicar hipervincle)<\/b><\/span><\/div>\n<\/td>\n<\/tr>\n<tr>\n<td bgcolor=\"#ffc1ff\" height=\"21\" style=\"border: 4px solid white;\" width=\"230\">\n<div> \t\t\t\t\t\t\t\t\t<a href=\"http:\/\/www.xtec.cat\/alfresco\/d\/d\/workspace\/SpacesStore\/fc10117f-d813-4c92-ab1d-394d64d30d90\/biologia.pdf\" target=\"_blank\" rel=\"noopener noreferrer\">Biologia<\/a><\/div>\n<\/td>\n<\/tr>\n<tr>\n<td bgcolor=\"#ffc1ff\" height=\"21\" style=\"border: 4px solid white;\" width=\"230\">\n<div> \t\t\t\t\t\t\t\t\t<a href=\"http:\/\/www.xtec.cat\/alfresco\/d\/d\/workspace\/SpacesStore\/57f6ba90-b78b-48ff-af99-d8d5609b52ee\/ciencies_terra.pdf\" target=\"_blank\" rel=\"noopener noreferrer\">Ci\u00e8ncies de la terra i del medi ambient<\/a><\/div>\n<\/td>\n<\/tr>\n<tr>\n<td bgcolor=\"#ffc1ff\" height=\"21\" style=\"border: 4px solid white;\" width=\"230\">\n<div>\n\t\t\t\t\t\t<a href=\"http:\/\/www.xtec.cat\/alfresco\/d\/d\/workspace\/SpacesStore\/1615d44e-323a-4fa4-b11c-73a4f9978be4\/dibuix_tecnic.pdf\" target=\"_blank\" rel=\"noopener noreferrer\">Dibuix t\u00e8cnic<\/a><\/div>\n<\/td>\n<\/tr>\n<tr>\n<td bgcolor=\"#ffc1ff\" height=\"21\" style=\"border: 4px solid white;\" width=\"230\">\n<div> \t\t\t\t\t\t\t\t\t<a href=\"http:\/\/www.xtec.cat\/alfresco\/d\/d\/workspace\/SpacesStore\/0992f79b-c352-4683-8c31-03a01639947f\/disseny.pdf\" target=\"_blank\" rel=\"noopener noreferrer\">Disseny<\/a><\/div>\n<\/td>\n<\/tr>\n<tr>\n<td bgcolor=\"#ffc1ff\" height=\"21\" style=\"border: 4px solid white;\" width=\"230\">\n<div> \t\t\t\t\t\t\t\t\t<a href=\"http:\/\/www.xtec.cat\/alfresco\/d\/d\/workspace\/SpacesStore\/5fbcebfb-7d05-49a7-9811-32a4ee6a659a\/economia_empresa.pdf\" target=\"_blank\" rel=\"noopener noreferrer\">Economia de l&#8217;empresa<\/a><\/div>\n<\/td>\n<\/tr>\n<tr>\n<td bgcolor=\"#ffc1ff\" height=\"21\" style=\"border: 4px solid white;\" width=\"230\">\n<div> \t\t\t\t\t\t\t\t\t<a href=\"http:\/\/www.xtec.cat\/alfresco\/d\/d\/workspace\/SpacesStore\/07efae18-3c8c-4a49-aef9-bb9f1a1d7d72\/electrotecnia.pdf\" target=\"_blank\" rel=\"noopener noreferrer\">Electrot\u00e8cnia<\/a><\/div>\n<\/td>\n<\/tr>\n<tr>\n<td bgcolor=\"#ffc1ff\" height=\"21\" style=\"border: 4px solid white;\" width=\"230\">\n<div> \t\t\t\t\t\t\t\t\t<a href=\"http:\/\/www.xtec.cat\/alfresco\/d\/d\/workspace\/SpacesStore\/052302e1-84e6-4c89-8a9f-abb25a29c1cc\/fisica.pdf\" target=\"_blank\" rel=\"noopener noreferrer\">F\u00edsica<\/a><\/div>\n<\/td>\n<\/tr>\n<tr>\n<td bgcolor=\"#ffc1ff\" height=\"21\" style=\"border: 4px solid white;\" width=\"230\">\n<div> \t\t\t\t\t\t\t\t\t<a href=\"http:\/\/www.xtec.cat\/alfresco\/d\/d\/workspace\/SpacesStore\/c5fe6a2e-9a69-4acc-b723-c5d4fe75e7a0\/matematiques.pdf\" target=\"_blank\" rel=\"noopener noreferrer\">Matem\u00e0tiques<\/a><\/div>\n<\/td>\n<\/tr>\n<tr>\n<td bgcolor=\"#ffc1ff\" height=\"21\" style=\"border: 4px solid white;\" width=\"230\">\n<div> \t\t\t\t\t\t\t\t\t<a href=\"http:\/\/www.xtec.cat\/alfresco\/d\/d\/workspace\/SpacesStore\/22986cc4-47e1-44ae-a744-ce5a52d1490f\/quimica.pdf\" target=\"_blank\" rel=\"noopener noreferrer\">Qu\u00edmica<\/a><\/div>\n<\/td>\n<\/tr>\n<tr>\n<td bgcolor=\"#ffc1ff\" height=\"21\" style=\"border: 4px solid white;\" width=\"230\">\n<div> \t\t\t\t\t\t\t\t\t<a href=\"http:\/\/www.xtec.cat\/alfresco\/d\/d\/workspace\/SpacesStore\/48241f13-38d7-40cc-b24c-9e3f79bc851f\/tecnologia_industrial.pdf\" target=\"_blank\" rel=\"noopener noreferrer\">Tecnologia industrial<\/a><\/div>\n<\/td>\n<\/tr>\n<\/tbody>\n<\/table>\n<p class=\"texto\"> \t\t\t\t\t&nbsp;<\/p>\n<\/td>\n<\/tr>\n<\/tbody>\n<\/table>\n<p> \t&nbsp;<\/p>\n","protected":false},"excerpt":{"rendered":"<p>&nbsp; Els estudiants procedents de CFGS que vulguin accedir als graus d&#8217;Educaci\u00f3 infantil i d&#8217;Educaci\u00f3 prim\u00e0ria han de dur a terme les proves de catal\u00e0 i castell\u00e0 de la fase general de les PAU * Introducci\u00f3 i informaci\u00f3 general per a cicles formatius * Resum informatiu per cicles formatius * Normativa de la prova d&#8217;acc\u00e9s [&hellip;]<\/p>\n","protected":false},"author":1,"featured_media":575,"comment_status":"closed","ping_status":"open","sticky":false,"template":"","format":"standard","meta":{"_bbp_topic_count":0,"_bbp_reply_count":0,"_bbp_total_topic_count":0,"_bbp_total_reply_count":0,"_bbp_voice_count":0,"_bbp_anonymous_reply_count":0,"_bbp_topic_count_hidden":0,"_bbp_reply_count_hidden":0,"_bbp_forum_subforum_count":0,"site-sidebar-layout":"default","site-content-layout":"","ast-site-content-layout":"","site-content-style":"default","site-sidebar-style":"default","ast-global-header-display":"","ast-banner-title-visibility":"","ast-main-header-display":"","ast-hfb-above-header-display":"","ast-hfb-below-header-display":"","ast-hfb-mobile-header-display":"","site-post-title":"","ast-breadcrumbs-content":"","ast-featured-img":"","footer-sml-layout":"","theme-transparent-header-meta":"","adv-header-id-meta":"","stick-header-meta":"","header-above-stick-meta":"","header-main-stick-meta":"","header-below-stick-meta":"","astra-migrate-meta-layouts":"default","ast-page-background-enabled":"default","ast-page-background-meta":{"desktop":{"background-color":"var(--ast-global-color-4)","background-image":"","background-repeat":"repeat","background-position":"center center","background-size":"auto","background-attachment":"scroll","background-type":"","background-media":"","overlay-type":"","overlay-color":"","overlay-opacity":"","overlay-gradient":""},"tablet":{"background-color":"","background-image":"","background-repeat":"repeat","background-position":"center center","background-size":"auto","background-attachment":"scroll","background-type":"","background-media":"","overlay-type":"","overlay-color":"","overlay-opacity":"","overlay-gradient":""},"mobile":{"background-color":"","background-image":"","background-repeat":"repeat","background-position":"center center","background-size":"auto","background-attachment":"scroll","background-type":"","background-media":"","overlay-type":"","overlay-color":"","overlay-opacity":"","overlay-gradient":""}},"ast-content-background-meta":{"desktop":{"background-color":"var(--ast-global-color-5)","background-image":"","background-repeat":"repeat","background-position":"center center","background-size":"auto","background-attachment":"scroll","background-type":"","background-media":"","overlay-type":"","overlay-color":"","overlay-opacity":"","overlay-gradient":""},"tablet":{"background-color":"var(--ast-global-color-5)","background-image":"","background-repeat":"repeat","background-position":"center center","background-size":"auto","background-attachment":"scroll","background-type":"","background-media":"","overlay-type":"","overlay-color":"","overlay-opacity":"","overlay-gradient":""},"mobile":{"background-color":"var(--ast-global-color-5)","background-image":"","background-repeat":"repeat","background-position":"center center","background-size":"auto","background-attachment":"scroll","background-type":"","background-media":"","overlay-type":"","overlay-color":"","overlay-opacity":"","overlay-gradient":""}},"footnotes":""},"categories":[347,351],"tags":[],"class_list":["post-577","post","type-post","status-publish","format-standard","has-post-thumbnail","hentry","category-general","category-portada"],"post_mailing_queue_ids":[],"_links":{"self":[{"href":"https:\/\/agora.xtec.cat\/iesmarti-i-pol\/wp-json\/wp\/v2\/posts\/577","targetHints":{"allow":["GET"]}}],"collection":[{"href":"https:\/\/agora.xtec.cat\/iesmarti-i-pol\/wp-json\/wp\/v2\/posts"}],"about":[{"href":"https:\/\/agora.xtec.cat\/iesmarti-i-pol\/wp-json\/wp\/v2\/types\/post"}],"author":[{"embeddable":true,"href":"https:\/\/agora.xtec.cat\/iesmarti-i-pol\/wp-json\/wp\/v2\/users\/1"}],"replies":[{"embeddable":true,"href":"https:\/\/agora.xtec.cat\/iesmarti-i-pol\/wp-json\/wp\/v2\/comments?post=577"}],"version-history":[{"count":2,"href":"https:\/\/agora.xtec.cat\/iesmarti-i-pol\/wp-json\/wp\/v2\/posts\/577\/revisions"}],"predecessor-version":[{"id":15179,"href":"https:\/\/agora.xtec.cat\/iesmarti-i-pol\/wp-json\/wp\/v2\/posts\/577\/revisions\/15179"}],"wp:featuredmedia":[{"embeddable":true,"href":"https:\/\/agora.xtec.cat\/iesmarti-i-pol\/wp-json\/wp\/v2\/media\/575"}],"wp:attachment":[{"href":"https:\/\/agora.xtec.cat\/iesmarti-i-pol\/wp-json\/wp\/v2\/media?parent=577"}],"wp:term":[{"taxonomy":"category","embeddable":true,"href":"https:\/\/agora.xtec.cat\/iesmarti-i-pol\/wp-json\/wp\/v2\/categories?post=577"},{"taxonomy":"post_tag","embeddable":true,"href":"https:\/\/agora.xtec.cat\/iesmarti-i-pol\/wp-json\/wp\/v2\/tags?post=577"}],"curies":[{"name":"wp","href":"https:\/\/api.w.org\/{rel}","templated":true}]}}