{"id":498,"date":"2011-05-06T00:00:00","date_gmt":"2011-05-06T00:00:00","guid":{"rendered":"http:\/\/mmpol.cat\/home2\/mmpolcat\/wordpress\/?p=498"},"modified":"2021-03-05T19:40:35","modified_gmt":"2021-03-05T18:40:35","slug":"activitats-de-ciies-socials","status":"publish","type":"post","link":"https:\/\/agora.xtec.cat\/iesmarti-i-pol\/general\/activitats-de-ciies-socials\/","title":{"rendered":"Activitats de Ci\u00e8ncies Socials"},"content":{"rendered":"<table border=\"0\" cellpadding=\"1\" cellspacing=\"1\" style=\"width: 286px; height: 14px;\" width=\"286\">\n<tbody>\n<tr>\n<td style=\"text-align: left;\"> \t\t\t\t<span style=\"color: rgb(51, 51, 153);\"><span style=\"color: rgb(51, 51, 153);\"><font color=\"#333399\">Activitats programades pel departament de Ci\u00e8ncies socials per a 2n de batxillerat&#8230;<\/font><\/span><br \/> \t\t\t\t<font color=\"#333399\"> <\/font><\/span><\/td>\n<\/tr>\n<\/tbody>\n<\/table>\n<p>  <!--more-->  <\/p>\n<table border=\"0\" cellpadding=\"1\" cellspacing=\"1\" style=\"width: 534px; height: 64px;\" width=\"534\">\n<tbody>\n<tr>\n<td> \t\t\t\t<span style=\"font-size: xx-small;\"><span style=\"color: rgb(0, 0, 204);\"><img loading=\"lazy\" decoding=\"async\" alt=\"\" height=\"15\" src=\"\/iesmarti-i-pol\/images\/stories\/espai.gif\" width=\"15\" \/><\/span><\/span><\/td>\n<td style=\"text-align: justify;\"> \t\t\t\t<span style=\"font-size: xx-small;\"><span style=\"color: rgb(0, 0, 204);\"><span style=\"color: rgb(128, 0, 0);\"><strong>Activitats programades pel departament de Ci\u00e8ncies socials per a 2n de batxillerat<\/strong><\/span><br \/> \t\t\t\t<span style=\"font-size: xx-small;\"><span style=\"color: rgb(0, 0, 204);\"><font color=\"#0000cc\" size=\"1\"> <\/font><\/span><\/span><br \/> \t\t\t\t<strong><font color=\"#0000cc\" size=\"1\">Geografia<\/font><\/strong><\/p>\n<p> \t\t\t\t<font color=\"#0000cc\" size=\"1\"> El dia 3 de maig vam visitar el barri del Poblenou per tal de fer un estudi de la transformaci\u00f3 d&#8217;una ciutat industrial de final del segle XIX i comen\u00e7ament del segle XX en una ciutat adaptada a les noves tecnologies industrials del segle XXI.<\/p>\n<p> \t\t\t\t<strong>Hist\u00f2ria<\/strong><\/p>\n<p> \t\t\t\tEl dia 4 de maig vam visitar el Museu d&#8217;Hist\u00f2ria de Catalunya per tal de portar a terme una activitat sobre el franquisme.<\/p>\n<p> \t\t\t\tEl dia 6 de maig ens va visitar al centre el Consell dels Savis del Museu d&#8217;Hist\u00f2ria de Catalunya per tal de fer una activitat d&#8217;hist\u00f2ria oral sobre la II Rep\u00fablica, la Guerra civil, el franquisme i l&#8217;etapa democr\u00e0tica. Acompanyats pel coordinador del Consell, Francesc, els membres del Consell Pere, Rosa i Roser ens vam explicar la seva experi\u00e8ncia vital sobre aquestes etapes de la nostra hist\u00f2ria. Va ser una lli\u00e7\u00f3 viva i aclaridora que va enganxar l&#8217;alumnat. En acabar les exposicions, es va iniciar un di\u00e0leg alumnes-conferenciants molt enriquidor.<br \/> \t\t\t\tUn any m\u00e9s, agra\u00efm la molt estimable aportaci\u00f3 del Consell dels Savis a la formaci\u00f3 del nostre alumnat.<\/p>\n<p> \t\t\t\t<\/font><\/span><\/span><\/td>\n<\/tr>\n<tr>\n<td> \t\t\t\t<span style=\"font-size: xx-small;\"><span style=\"color: rgb(0, 0, 204);\">&nbsp;<\/span><\/span><\/td>\n<td style=\"text-align: center;\"> \t\t\t\t<span style=\"font-size: xx-small;\"><span style=\"color: rgb(0, 0, 204);\"><font color=\"#0000ff\" size=\"1\"><a href=\"https:\/\/picasaweb.google.com\/albumsmmp\/1105062nBtxMemoriaHistorica?authkey=Gv1sRgCKW9mcPagsiCQA&amp;feat=email#slideshow\/\" target=\"_blank\" rel=\"noopener noreferrer\">fotografies de l&#8217;activitat amb el Consell de Savis<\/a><\/font><\/span><\/span><\/td>\n<\/tr>\n<\/tbody>\n<\/table>\n","protected":false},"excerpt":{"rendered":"<p>Activitats programades pel departament de Ci\u00e8ncies socials per a 2n de batxillerat&#8230;<\/p>\n","protected":false},"author":1,"featured_media":0,"comment_status":"open","ping_status":"open","sticky":false,"template":"","format":"standard","meta":{"_bbp_topic_count":0,"_bbp_reply_count":0,"_bbp_total_topic_count":0,"_bbp_total_reply_count":0,"_bbp_voice_count":0,"_bbp_anonymous_reply_count":0,"_bbp_topic_count_hidden":0,"_bbp_reply_count_hidden":0,"_bbp_forum_subforum_count":0,"site-sidebar-layout":"default","site-content-layout":"","ast-site-content-layout":"","site-content-style":"default","site-sidebar-style":"default","ast-global-header-display":"","ast-banner-title-visibility":"","ast-main-header-display":"","ast-hfb-above-header-display":"","ast-hfb-below-header-display":"","ast-hfb-mobile-header-display":"","site-post-title":"","ast-breadcrumbs-content":"","ast-featured-img":"","footer-sml-layout":"","theme-transparent-header-meta":"","adv-header-id-meta":"","stick-header-meta":"","header-above-stick-meta":"","header-main-stick-meta":"","header-below-stick-meta":"","astra-migrate-meta-layouts":"default","ast-page-background-enabled":"default","ast-page-background-meta":{"desktop":{"background-color":"var(--ast-global-color-4)","background-image":"","background-repeat":"repeat","background-position":"center center","background-size":"auto","background-attachment":"scroll","background-type":"","background-media":"","overlay-type":"","overlay-color":"","overlay-opacity":"","overlay-gradient":""},"tablet":{"background-color":"","background-image":"","background-repeat":"repeat","background-position":"center center","background-size":"auto","background-attachment":"scroll","background-type":"","background-media":"","overlay-type":"","overlay-color":"","overlay-opacity":"","overlay-gradient":""},"mobile":{"background-color":"","background-image":"","background-repeat":"repeat","background-position":"center center","background-size":"auto","background-attachment":"scroll","background-type":"","background-media":"","overlay-type":"","overlay-color":"","overlay-opacity":"","overlay-gradient":""}},"ast-content-background-meta":{"desktop":{"background-color":"var(--ast-global-color-5)","background-image":"","background-repeat":"repeat","background-position":"center center","background-size":"auto","background-attachment":"scroll","background-type":"","background-media":"","overlay-type":"","overlay-color":"","overlay-opacity":"","overlay-gradient":""},"tablet":{"background-color":"var(--ast-global-color-5)","background-image":"","background-repeat":"repeat","background-position":"center center","background-size":"auto","background-attachment":"scroll","background-type":"","background-media":"","overlay-type":"","overlay-color":"","overlay-opacity":"","overlay-gradient":""},"mobile":{"background-color":"var(--ast-global-color-5)","background-image":"","background-repeat":"repeat","background-position":"center center","background-size":"auto","background-attachment":"scroll","background-type":"","background-media":"","overlay-type":"","overlay-color":"","overlay-opacity":"","overlay-gradient":""}},"footnotes":""},"categories":[347,351],"tags":[],"class_list":["post-498","post","type-post","status-publish","format-standard","hentry","category-general","category-portada"],"post_mailing_queue_ids":[],"_links":{"self":[{"href":"https:\/\/agora.xtec.cat\/iesmarti-i-pol\/wp-json\/wp\/v2\/posts\/498","targetHints":{"allow":["GET"]}}],"collection":[{"href":"https:\/\/agora.xtec.cat\/iesmarti-i-pol\/wp-json\/wp\/v2\/posts"}],"about":[{"href":"https:\/\/agora.xtec.cat\/iesmarti-i-pol\/wp-json\/wp\/v2\/types\/post"}],"author":[{"embeddable":true,"href":"https:\/\/agora.xtec.cat\/iesmarti-i-pol\/wp-json\/wp\/v2\/users\/1"}],"replies":[{"embeddable":true,"href":"https:\/\/agora.xtec.cat\/iesmarti-i-pol\/wp-json\/wp\/v2\/comments?post=498"}],"version-history":[{"count":1,"href":"https:\/\/agora.xtec.cat\/iesmarti-i-pol\/wp-json\/wp\/v2\/posts\/498\/revisions"}],"predecessor-version":[{"id":19090,"href":"https:\/\/agora.xtec.cat\/iesmarti-i-pol\/wp-json\/wp\/v2\/posts\/498\/revisions\/19090"}],"wp:attachment":[{"href":"https:\/\/agora.xtec.cat\/iesmarti-i-pol\/wp-json\/wp\/v2\/media?parent=498"}],"wp:term":[{"taxonomy":"category","embeddable":true,"href":"https:\/\/agora.xtec.cat\/iesmarti-i-pol\/wp-json\/wp\/v2\/categories?post=498"},{"taxonomy":"post_tag","embeddable":true,"href":"https:\/\/agora.xtec.cat\/iesmarti-i-pol\/wp-json\/wp\/v2\/tags?post=498"}],"curies":[{"name":"wp","href":"https:\/\/api.w.org\/{rel}","templated":true}]}}