{"id":483,"date":"2011-03-20T00:00:00","date_gmt":"2011-03-20T00:00:00","guid":{"rendered":"http:\/\/mmpol.cat\/home2\/mmpolcat\/wordpress\/?p=483"},"modified":"2021-03-05T19:40:37","modified_gmt":"2021-03-05T18:40:37","slug":"premi-ciutat-de-cornell","status":"publish","type":"post","link":"https:\/\/agora.xtec.cat\/iesmarti-i-pol\/general\/premi-ciutat-de-cornell\/","title":{"rendered":"Premi Ciutat de Cornell\u00e0"},"content":{"rendered":"<table border=\"0\" cellpadding=\"1\" cellspacing=\"1\" style=\"width: 286px; height: 14px;\" width=\"286\">\n<tbody>\n<tr>\n<td style=\"text-align: left;\"> \t\t\t\t<span style=\"color: rgb(51, 51, 153);\"><span style=\"color: rgb(51, 51, 153);\"><font color=\"#333399\">El nostre centre ha rebut el Premi d&#8217;Humanitats com a reconeixement a la seva traject\u00f2ria educativa al llarg dels 31 anys d&#8217;exist\u00e8ncia&#8230;<\/font><\/span><br \/> \t\t\t\t<font color=\"#333399\"> <\/font><\/span><\/td>\n<\/tr>\n<\/tbody>\n<\/table>\n<p>  <!--more-->  <\/p>\n<table border=\"0\" cellpadding=\"1\" cellspacing=\"1\" style=\"width: 534px; height: 64px;\" width=\"534\">\n<tbody>\n<tr>\n<td> \t\t\t\t<span style=\"font-size: xx-small;\"><span style=\"color: rgb(0, 0, 204);\"><img loading=\"lazy\" decoding=\"async\" alt=\"\" height=\"15\" src=\"\/iesmarti-i-pol\/images\/stories\/espai.gif\" width=\"15\" \/><\/span><\/span><\/td>\n<td style=\"text-align: justify;\"> \t\t\t\t<span style=\"font-size: xx-small;\"><span style=\"color: rgb(0, 0, 204);\"><font color=\"#0000cc\" size=\"1\">El dia 11 de mar\u00e7 a les 20,30 hores a l&#8217;Auditori es va celebrar l&#8217;acte de lliurament dels Premis Ciutat de Cornell\u00e0 en la seva setena convocat\u00f2ria. Com ja vam anunciar, el nostre centre va rebre el Premi d&#8217;Humanitats com a reconeixement a la seva traject\u00f2ria educativa al llarg dels 31 anys d&#8217;exist\u00e8ncia.<br \/> \t\t\t\tAdjuntem el discurs d&#8217;agra\u00efment per l&#8217;atorgament del premi i volem destacar tamb\u00e9 els elogis que vam rebre p\u00fablicament per part d&#8217;una empresa que ha anat rebent alumnat del nostre centre i els elogis que vam rebre per part de l&#8217;Alcalde de la ciutat.<br \/> \t\t\t\tTota la comunitat educativa s&#8217;ha de felicitar per la concessi\u00f3 d&#8217;aquest guard\u00f3.<\/p>\n<p> \t\t\t\t<\/font><\/span><\/span><\/td>\n<\/tr>\n<tr>\n<td> \t\t\t\t<span style=\"font-size: xx-small;\"><span style=\"color: rgb(0, 0, 204);\">&nbsp;<\/span><\/span><\/td>\n<td style=\"text-align: center;\"> \t\t\t\t<span style=\"font-size: xx-small;\"><span style=\"color: rgb(0, 0, 204);\"><font color=\"#0000ff\" size=\"1\"><a href=\"https:\/\/picasaweb.google.com\/albumsmmp\/110311PremisCiutatCornella?authkey=Gv1sRgCL-TvLKyjbbOqAE&amp;feat=email#slideshow\" target=\"_blank\" rel=\"noopener noreferrer\">fotografies de l&#8217;activitat<\/a><\/font><\/span><\/span><\/td>\n<\/tr>\n<tr>\n<td> \t\t\t\t<span style=\"font-size: xx-small;\"><span style=\"color: rgb(0, 0, 204);\">&nbsp;<\/span><\/span><\/td>\n<td style=\"text-align: left;\"> \t\t\t\t<span style=\"font-size: xx-small;\"><span style=\"color: rgb(0, 0, 204);\"><span style=\"font-size: xx-small;\"><span style=\"color: rgb(0, 0, 204);\"><font color=\"#0000cc\" size=\"1\"><span style=\"color: rgb(128, 0, 0);\"><strong>DISCURS D&#8217;AGRA\u00cfMENT<\/strong><\/span><\/p>\n<p> \t\t\t\tAlcalde, membres del Jurat, senyores i senyors,<\/p>\n<p> \t\t\t\tEn nom de la comunitat educativa de l\u2019Institut Miquel Mart\u00ed i Pol vull agrair la concessi\u00f3 d\u2019aquest premi que atorga l\u2019Ajuntament de Cornell\u00e0 de Llobregat.<\/p>\n<p> \t\t\t\tUn premi que ens honora com a centre educatiu integrat a la ciutat i que ve a recon\u00e8ixer la tasca pedag\u00f2gica i innovadora desenvolupada al llarg de 31 anys per professionals, alumnes i fam\u00edlies.<\/p>\n<p> \t\t\t\tEl nostre institut el van encetar un grup de professors i professores il\u2022lusionat amb la seva feina, comprom\u00e8s amb una educaci\u00f3 humanista i que volia aplicar noves metodologies de renovaci\u00f3 pedag\u00f2gica. Aquest cam\u00ed ha marcat des d\u2019aleshores el nostre esdevenir acad\u00e8mic i organitzatiu fins arribar al dia d\u2019avui en qu\u00e8 l\u2019Institut Miquel Mart\u00ed i Pol ha iniciat l\u2019aplicaci\u00f3 d\u2019un pla estrat\u00e8gic que li ha de permetre completar amb \u00e8xit el proc\u00e9s de qualitat i millora en qu\u00e8 es troba immers.<\/p>\n<p> \t\t\t\tAl Mart\u00ed i Pol, que ha estat un centre viu i en cont\u00ednua evoluci\u00f3, desenvolupem tota una s\u00e8rie d\u2019iniciatives que tenen una incid\u00e8ncia directa en la nostra tasca professionalitzadora i formativa de l\u2019alumnat. Tot va comen\u00e7ar al barri del Pedr\u00f3, a l\u2019antiga f\u00e0brica de Tubos Bonna, on va n\u00e9ixer el centre de Formaci\u00f3 Professional Cornell\u00e0-2. L\u2019any 1987 vam inaugurar les actuals instal\u2022lacions al barri Riera, l\u2019any l995 es van comen\u00e7ar els nous estudis d\u2019ESO, Batxillerat i Cicles Formatius. Justament aquest curs, estem vivint una important ampliaci\u00f3 per tal d\u2019acollir amb qualitat els diversos ensenyaments que tenim assignats.<\/p>\n<p> \t\t\t\tDes d\u2019aqu\u00ed, un record tamb\u00e9 per al poeta Miquel Mart\u00ed i Pol, que ens va cedir el seu nom des de l\u2019any 1983. Per a nosaltres ha estat una refer\u00e8ncia com a poeta provinent del m\u00f3n del treball i com a treballador incansable de la poesia i la cultura, comprom\u00e8s amb el seu pa\u00eds i la seva gent.<\/p>\n<p> \t\t\t\tConsiderem el premi un homenatge a totes les persones vinculades al centre al llarg d\u2019aquests anys que, impregnant-se de la nostra filosofia, avui en dia escampen amb orgull el nostre nom i el de la nostra ciutat.<\/p>\n<p> \t\t\t\tAcabo. Gr\u00e0cies novament per la concessi\u00f3 del premi i encoratgem l\u2019Ajuntament de Cornell\u00e0 a continuar amb aquesta convocat\u00f2ria que ve a guardonar persones i institucions que dia a dia treballem per millorar la ciutat de Cornell\u00e0.<br \/> \t\t\t\t.<\/font><\/span><\/span><\/p>\n<p> \t\t\t\t<\/span><\/span><\/td>\n<\/tr>\n<\/tbody>\n<\/table>\n","protected":false},"excerpt":{"rendered":"<p>El nostre centre ha rebut el Premi d&#8217;Humanitats com a reconeixement a la seva traject\u00f2ria educativa al llarg dels 31 anys d&#8217;exist\u00e8ncia&#8230;<\/p>\n","protected":false},"author":1,"featured_media":0,"comment_status":"open","ping_status":"open","sticky":false,"template":"","format":"standard","meta":{"_bbp_topic_count":0,"_bbp_reply_count":0,"_bbp_total_topic_count":0,"_bbp_total_reply_count":0,"_bbp_voice_count":0,"_bbp_anonymous_reply_count":0,"_bbp_topic_count_hidden":0,"_bbp_reply_count_hidden":0,"_bbp_forum_subforum_count":0,"site-sidebar-layout":"default","site-content-layout":"","ast-site-content-layout":"","site-content-style":"default","site-sidebar-style":"default","ast-global-header-display":"","ast-banner-title-visibility":"","ast-main-header-display":"","ast-hfb-above-header-display":"","ast-hfb-below-header-display":"","ast-hfb-mobile-header-display":"","site-post-title":"","ast-breadcrumbs-content":"","ast-featured-img":"","footer-sml-layout":"","theme-transparent-header-meta":"","adv-header-id-meta":"","stick-header-meta":"","header-above-stick-meta":"","header-main-stick-meta":"","header-below-stick-meta":"","astra-migrate-meta-layouts":"default","ast-page-background-enabled":"default","ast-page-background-meta":{"desktop":{"background-color":"var(--ast-global-color-4)","background-image":"","background-repeat":"repeat","background-position":"center center","background-size":"auto","background-attachment":"scroll","background-type":"","background-media":"","overlay-type":"","overlay-color":"","overlay-opacity":"","overlay-gradient":""},"tablet":{"background-color":"","background-image":"","background-repeat":"repeat","background-position":"center center","background-size":"auto","background-attachment":"scroll","background-type":"","background-media":"","overlay-type":"","overlay-color":"","overlay-opacity":"","overlay-gradient":""},"mobile":{"background-color":"","background-image":"","background-repeat":"repeat","background-position":"center center","background-size":"auto","background-attachment":"scroll","background-type":"","background-media":"","overlay-type":"","overlay-color":"","overlay-opacity":"","overlay-gradient":""}},"ast-content-background-meta":{"desktop":{"background-color":"var(--ast-global-color-5)","background-image":"","background-repeat":"repeat","background-position":"center center","background-size":"auto","background-attachment":"scroll","background-type":"","background-media":"","overlay-type":"","overlay-color":"","overlay-opacity":"","overlay-gradient":""},"tablet":{"background-color":"var(--ast-global-color-5)","background-image":"","background-repeat":"repeat","background-position":"center center","background-size":"auto","background-attachment":"scroll","background-type":"","background-media":"","overlay-type":"","overlay-color":"","overlay-opacity":"","overlay-gradient":""},"mobile":{"background-color":"var(--ast-global-color-5)","background-image":"","background-repeat":"repeat","background-position":"center center","background-size":"auto","background-attachment":"scroll","background-type":"","background-media":"","overlay-type":"","overlay-color":"","overlay-opacity":"","overlay-gradient":""}},"footnotes":""},"categories":[347,351],"tags":[],"class_list":["post-483","post","type-post","status-publish","format-standard","hentry","category-general","category-portada"],"post_mailing_queue_ids":[],"_links":{"self":[{"href":"https:\/\/agora.xtec.cat\/iesmarti-i-pol\/wp-json\/wp\/v2\/posts\/483","targetHints":{"allow":["GET"]}}],"collection":[{"href":"https:\/\/agora.xtec.cat\/iesmarti-i-pol\/wp-json\/wp\/v2\/posts"}],"about":[{"href":"https:\/\/agora.xtec.cat\/iesmarti-i-pol\/wp-json\/wp\/v2\/types\/post"}],"author":[{"embeddable":true,"href":"https:\/\/agora.xtec.cat\/iesmarti-i-pol\/wp-json\/wp\/v2\/users\/1"}],"replies":[{"embeddable":true,"href":"https:\/\/agora.xtec.cat\/iesmarti-i-pol\/wp-json\/wp\/v2\/comments?post=483"}],"version-history":[{"count":1,"href":"https:\/\/agora.xtec.cat\/iesmarti-i-pol\/wp-json\/wp\/v2\/posts\/483\/revisions"}],"predecessor-version":[{"id":19108,"href":"https:\/\/agora.xtec.cat\/iesmarti-i-pol\/wp-json\/wp\/v2\/posts\/483\/revisions\/19108"}],"wp:attachment":[{"href":"https:\/\/agora.xtec.cat\/iesmarti-i-pol\/wp-json\/wp\/v2\/media?parent=483"}],"wp:term":[{"taxonomy":"category","embeddable":true,"href":"https:\/\/agora.xtec.cat\/iesmarti-i-pol\/wp-json\/wp\/v2\/categories?post=483"},{"taxonomy":"post_tag","embeddable":true,"href":"https:\/\/agora.xtec.cat\/iesmarti-i-pol\/wp-json\/wp\/v2\/tags?post=483"}],"curies":[{"name":"wp","href":"https:\/\/api.w.org\/{rel}","templated":true}]}}