{"id":472,"date":"2011-02-21T19:56:43","date_gmt":"2011-02-21T18:56:43","guid":{"rendered":"http:\/\/mmpol.cat\/home2\/mmpolcat\/wordpress\/?p=472"},"modified":"2021-03-05T19:40:38","modified_gmt":"2021-03-05T18:40:38","slug":"agrupament","status":"publish","type":"post","link":"https:\/\/agora.xtec.cat\/iesmarti-i-pol\/general\/agrupament\/","title":{"rendered":"Centre d&#039;agrupament"},"content":{"rendered":"<table border=\"0\" cellpadding=\"0\" cellspacing=\"0\" style=\"width: 479px; height: 584px;\">\n<tbody>\n<tr>\n<td bgcolor=\"#ccffff\"> \t\t\t\t&nbsp;<\/td>\n<td bgcolor=\"#ccffff\" style=\"text-align: justify;\"> \t\t\t\t<span style=\"color: rgb(0, 0, 128);\">L\u2019institut Miquel Mart\u00ed i Pol treballa des de fa anys per la inclusi\u00f3 de l\u2019alumnat sord en tots els vessants educatius, d\u2019aprenentatge, personals i socials. Compartir i formar part de la comunitat educativa i de la societat \u00e9s un dels reptes que ens proposem dia a dia. Aquesta p\u00e0gina vol ser un punt de trobada pels alumnes i els professionals del centre i del CREDA al voltant de tota la informaci\u00f3 relacionada que es generi. <span style=\"color: rgb(204, 255, 255);\">.<\/span> <\/span><\/td>\n<\/tr>\n<tr>\n<td bgcolor=\"#ffffcc\"> \t\t\t\t&nbsp;<\/td>\n<td bgcolor=\"#ffffcc\" style=\"text-align: center;\"> \t\t\t\t<img decoding=\"async\" alt=\"\" src=\"\/iesmarti-i-pol\/images\/stories\/2011_agrupament.jpg\" \/><\/td>\n<\/tr>\n<tr>\n<td bgcolor=\"#ffffcc\"> \t\t\t\t&nbsp;<\/td>\n<td bgcolor=\"#ffffcc\">\n<div> \t\t\t\t\t<span style=\"color: rgb(128, 0, 128);\"><strong>ELS NOSTRES BLOCS<\/strong><\/span><\/div>\n<div> \t\t\t\t\t&nbsp;<\/div>\n<div> \t\t\t\t\t:: <a href=\"http:\/\/useemmp.blogspot.com\/\">La p\u00e0gina de l\u2019USEE<\/a><\/div>\n<div> \t\t\t\t\t&nbsp;<\/div>\n<div> \t\t\t\t\t:: <a href=\"http:\/\/femservirlordinador-useemmp.blogspot.com\/\">Fem servir l\u2019ordinador<\/a><\/div>\n<div> \t\t\t\t\t&nbsp;<\/div>\n<div> \t\t\t\t\t:: <a href=\"http:\/\/agrupaciomiquelmartipol.blogspot.com\/\">L\u2019agrupaci\u00f3 (petits)<\/a><\/div>\n<div> \t\t\t\t\t&nbsp;<\/div>\n<div> \t\t\t\t\t:: <a href=\"http:\/\/agrupmiquelmartipol.blogspot.com\/\">L\u2019agrupaci\u00f3 (grans)<\/a><\/div>\n<div> \t\t\t\t\t&nbsp;<\/div>\n<div> \t\t\t\t\t:: <a href=\"https:\/\/sites.google.com\/a\/xtec.cat\/lipdub-mmp2010\/home\">La p\u00e0gina del lipdub<\/a><\/div>\n<div> \t\t\t\t\t&nbsp;<\/div>\n<div> \t\t\t\t\t:: <a href=\"http:\/\/www.bleaat.blogspot.com\/\">El bloc de la M\u00edriam<\/a><br \/> \t\t\t\t\t<span style=\"color: rgb(255, 255, 153);\">.<\/span><\/div>\n<\/td>\n<\/tr>\n<tr>\n<td bgcolor=\"#ccffff\"> \t\t\t\t&nbsp;<\/td>\n<td bgcolor=\"#ccffff\">\n<div> \t\t\t\t\t<span style=\"color: rgb(128, 0, 128);\"><strong>ADRECES CORREU<\/strong><\/span><\/div>\n<div> \t\t\t\t\t&nbsp;<\/div>\n<div> \t\t\t\t\t:: <a href=\"mailto:useemmp@gmail.com\">De l\u2019USEE<\/a><br \/> \t\t\t\t\t<span style=\"color: rgb(204, 255, 255);\">.<\/span><\/div>\n<\/td>\n<\/tr>\n<tr>\n<td bgcolor=\"#ffffcc\"> \t\t\t\t&nbsp;<\/td>\n<td bgcolor=\"#ffffcc\">\n<p> \t\t\t\t\t<strong><span style=\"color: rgb(128, 0, 128);\">ALTRES BLOCS I P\u00c0GINES INTERESSANTS<\/span><\/strong><\/p>\n<div> \t\t\t\t\t:: <a href=\"http:\/\/blocs.xtec.cat\/logos\/\">BLOC ALUMNES CREDA<\/a><\/div>\n<div> \t\t\t\t\t&nbsp;<\/div>\n<div> \t\t\t\t\t:: <a href=\"http:\/\/www.xtec.net\/serveis\/creda\/a8925261\/\">P\u00c0GINA CREDA BAIX LL<\/a><\/div>\n<div> \t\t\t\t\t&nbsp;<\/div>\n<div> \t\t\t\t\t:: <a href=\"http:\/\/www.xtec.net\/serveis\/creda\/a8925261\/contingut%20index\/informacio_alumnat_sord_estrategies.pdf\">INFORMACI\u00d3 EN RELACI\u00d3 A L\u2019ALUMNAT SORD<\/a><\/div>\n<div> \t\t\t\t\t&nbsp;<\/div>\n<div> \t\t\t\t\t:: <a href=\"http:\/\/www.xtec.cat\/%7Ecllombar\/plantilla.htm\">TINC UN ALUMNE SORD A L\u2019AULA<\/a><br \/> \t\t\t\t\t<span style=\"color: rgb(255, 255, 153);\">.<\/span><\/div>\n<\/td>\n<\/tr>\n<\/tbody>\n<\/table>\n<div> \t&nbsp;<\/div>\n<div> \t&nbsp;<\/div>\n<div> \t&nbsp;<\/div>\n<div> \t&nbsp;<\/div>\n<p> \t&nbsp;<\/p>\n","protected":false},"excerpt":{"rendered":"<p>&nbsp; L\u2019institut Miquel Mart\u00ed i Pol treballa des de fa anys per la inclusi\u00f3 de l\u2019alumnat sord en tots els vessants educatius, d\u2019aprenentatge, personals i socials. Compartir i formar part de la comunitat educativa i de la societat \u00e9s un dels reptes que ens proposem dia a dia. Aquesta p\u00e0gina vol ser un punt de [&hellip;]<\/p>\n","protected":false},"author":1,"featured_media":0,"comment_status":"closed","ping_status":"open","sticky":false,"template":"","format":"standard","meta":{"_bbp_topic_count":0,"_bbp_reply_count":0,"_bbp_total_topic_count":0,"_bbp_total_reply_count":0,"_bbp_voice_count":0,"_bbp_anonymous_reply_count":0,"_bbp_topic_count_hidden":0,"_bbp_reply_count_hidden":0,"_bbp_forum_subforum_count":0,"site-sidebar-layout":"default","site-content-layout":"","ast-site-content-layout":"","site-content-style":"default","site-sidebar-style":"default","ast-global-header-display":"","ast-banner-title-visibility":"","ast-main-header-display":"","ast-hfb-above-header-display":"","ast-hfb-below-header-display":"","ast-hfb-mobile-header-display":"","site-post-title":"","ast-breadcrumbs-content":"","ast-featured-img":"","footer-sml-layout":"","theme-transparent-header-meta":"","adv-header-id-meta":"","stick-header-meta":"","header-above-stick-meta":"","header-main-stick-meta":"","header-below-stick-meta":"","astra-migrate-meta-layouts":"default","ast-page-background-enabled":"default","ast-page-background-meta":{"desktop":{"background-color":"var(--ast-global-color-4)","background-image":"","background-repeat":"repeat","background-position":"center center","background-size":"auto","background-attachment":"scroll","background-type":"","background-media":"","overlay-type":"","overlay-color":"","overlay-opacity":"","overlay-gradient":""},"tablet":{"background-color":"","background-image":"","background-repeat":"repeat","background-position":"center center","background-size":"auto","background-attachment":"scroll","background-type":"","background-media":"","overlay-type":"","overlay-color":"","overlay-opacity":"","overlay-gradient":""},"mobile":{"background-color":"","background-image":"","background-repeat":"repeat","background-position":"center center","background-size":"auto","background-attachment":"scroll","background-type":"","background-media":"","overlay-type":"","overlay-color":"","overlay-opacity":"","overlay-gradient":""}},"ast-content-background-meta":{"desktop":{"background-color":"var(--ast-global-color-5)","background-image":"","background-repeat":"repeat","background-position":"center center","background-size":"auto","background-attachment":"scroll","background-type":"","background-media":"","overlay-type":"","overlay-color":"","overlay-opacity":"","overlay-gradient":""},"tablet":{"background-color":"var(--ast-global-color-5)","background-image":"","background-repeat":"repeat","background-position":"center center","background-size":"auto","background-attachment":"scroll","background-type":"","background-media":"","overlay-type":"","overlay-color":"","overlay-opacity":"","overlay-gradient":""},"mobile":{"background-color":"var(--ast-global-color-5)","background-image":"","background-repeat":"repeat","background-position":"center center","background-size":"auto","background-attachment":"scroll","background-type":"","background-media":"","overlay-type":"","overlay-color":"","overlay-opacity":"","overlay-gradient":""}},"footnotes":""},"categories":[347,351],"tags":[],"class_list":["post-472","post","type-post","status-publish","format-standard","hentry","category-general","category-portada"],"post_mailing_queue_ids":[],"_links":{"self":[{"href":"https:\/\/agora.xtec.cat\/iesmarti-i-pol\/wp-json\/wp\/v2\/posts\/472","targetHints":{"allow":["GET"]}}],"collection":[{"href":"https:\/\/agora.xtec.cat\/iesmarti-i-pol\/wp-json\/wp\/v2\/posts"}],"about":[{"href":"https:\/\/agora.xtec.cat\/iesmarti-i-pol\/wp-json\/wp\/v2\/types\/post"}],"author":[{"embeddable":true,"href":"https:\/\/agora.xtec.cat\/iesmarti-i-pol\/wp-json\/wp\/v2\/users\/1"}],"replies":[{"embeddable":true,"href":"https:\/\/agora.xtec.cat\/iesmarti-i-pol\/wp-json\/wp\/v2\/comments?post=472"}],"version-history":[{"count":1,"href":"https:\/\/agora.xtec.cat\/iesmarti-i-pol\/wp-json\/wp\/v2\/posts\/472\/revisions"}],"predecessor-version":[{"id":13199,"href":"https:\/\/agora.xtec.cat\/iesmarti-i-pol\/wp-json\/wp\/v2\/posts\/472\/revisions\/13199"}],"wp:attachment":[{"href":"https:\/\/agora.xtec.cat\/iesmarti-i-pol\/wp-json\/wp\/v2\/media?parent=472"}],"wp:term":[{"taxonomy":"category","embeddable":true,"href":"https:\/\/agora.xtec.cat\/iesmarti-i-pol\/wp-json\/wp\/v2\/categories?post=472"},{"taxonomy":"post_tag","embeddable":true,"href":"https:\/\/agora.xtec.cat\/iesmarti-i-pol\/wp-json\/wp\/v2\/tags?post=472"}],"curies":[{"name":"wp","href":"https:\/\/api.w.org\/{rel}","templated":true}]}}