{"id":465,"date":"2011-02-07T00:00:00","date_gmt":"2011-02-07T00:00:00","guid":{"rendered":"http:\/\/mmpol.cat\/home2\/mmpolcat\/wordpress\/?p=465"},"modified":"2021-03-05T19:40:39","modified_gmt":"2021-03-05T18:40:39","slug":"sortida-a-la-col-g","status":"publish","type":"post","link":"https:\/\/agora.xtec.cat\/iesmarti-i-pol\/general\/sortida-a-la-col-g\/","title":{"rendered":"Sortida a la C\u00f2lonia G\u00fcell"},"content":{"rendered":"<table border=\"0\" cellpadding=\"1\" cellspacing=\"1\" style=\"width: 286px; height: 14px;\" width=\"286\">\n<tbody>\n<tr>\n<td style=\"text-align: left;\"> \t\t\t\t<span style=\"color: rgb(51, 51, 153);\"><span style=\"color: rgb(51, 51, 153);\"><font color=\"#333399\">Els objectius d&#8217;aquesta sortida han estat descobrir com es vivia a la col\u00f2nia G\u00fcell i situar-la en el temps, dins de l&#8217;\u00e8poca de la Revoluci\u00f3 Industrial, al segle XIX&#8230;<\/font><\/span><br \/> \t\t\t\t<font color=\"#333399\"> <\/font><\/span><\/td>\n<\/tr>\n<\/tbody>\n<\/table>\n<p>  <!--more-->  <\/p>\n<table border=\"0\" cellpadding=\"1\" cellspacing=\"1\" style=\"width: 534px; height: 64px;\" width=\"534\">\n<tbody>\n<tr>\n<td> \t\t\t\t<span style=\"font-size: xx-small;\"><span style=\"color: rgb(0, 0, 204);\"><img loading=\"lazy\" decoding=\"async\" alt=\"\" height=\"15\" src=\"\/iesmarti-i-pol\/images\/stories\/espai.gif\" width=\"15\" \/><\/span><\/span><\/td>\n<td> \t\t\t\t<span style=\"font-size: xx-small;\"><span style=\"color: rgb(0, 0, 204);\"><font color=\"#0000cc\" size=\"1\">SORTIDA A LA COL\u00d2NIA G\u00dcELL, Santa Coloma de Cervell\u00f3<\/p>\n<p> \t\t\t\t7 de febrer de 2011<br \/> \t\t\t\tDepartament de Ci\u00e8ncies Socials<br \/> \t\t\t\tAlumnat de 4rt ESO<\/p>\n<p> \t\t\t\tEls objectius d&#8217;aquesta sortida han estat descobrir com es vivia a la col\u00f2nia G\u00fcell i situar-la en el temps, dins de l&#8217;\u00e8poca de la Revoluci\u00f3 Industrial, al segle XIX.<br \/> \t\t\t\tTamb\u00e9 hem pogut observar els elements propis de l\u2019arquitectura i decoraci\u00f3 del Modernisme popular, aix\u00ed com observar i descriure els elements arquitect\u00f2nics i simb\u00f2lics m\u00e9s destacables de la Cripta d\u2019Antoni Gaud\u00ed.<\/p>\n<p> \t\t\t\tEls alumnes, organitzats en petits grups, han fet un recorregut guiat per la col\u00f2nia, tot realitzant tasques d\u2019observaci\u00f3 i de descripci\u00f3 dels edificis m\u00e9s rellevants.<br \/> \t\t\t\tA la zona industrial han vist, entre d\u2019altres, la f\u00e0brica de pisos tipus \u201cmanchesteri\u00e0\u201d, els assecadors i la xemeneia.<br \/> \t\t\t\tA la zona residencial observen les cases dels obrers, m\u00e9s senzilles, o les resid\u00e8ncies m\u00e9s luxoses de l\u2019administrador (Ca l\u2019Espinal) o del secretari; tamb\u00e9 veuen els edificis socials, com l\u2019escola, la cooperativa.Tamb\u00e9 hem visitat el Museu, on hem pogut gaudir d&#8217;un documental teatralitzat de com es vivia a la col\u00f2nia.<\/p>\n<p> \t\t\t\tFinalment, els grups han realitzat una visita guiada a la cripta de la col\u00f2nia, dissenyada per Antoni Gaud\u00ed. En primer lloc s\u2019observa l\u2019exterior i despr\u00e9s l\u2019interior tot remarcant els aspectes arquitect\u00f2nics i simb\u00f2lics de l\u2019obra del genial arquitecte.<br \/> \t\t\t\tEls alumnes durant la sortida han realitzat un quadern de treball.<\/p>\n<p> \t\t\t\tHa estat un sortida molt interessant, i completa, ja que ens hem passejat per tots els racons de la Col\u00f2nia!!<br \/> \t\t\t\t<\/font><\/span><\/span><\/td>\n<\/tr>\n<tr>\n<td> \t\t\t\t<span style=\"font-size: xx-small;\"><span style=\"color: rgb(0, 0, 204);\">&nbsp;<\/span><\/span><\/td>\n<td style=\"text-align: center;\"> \t\t\t\t<span style=\"font-size: xx-small;\"><span style=\"color: rgb(0, 0, 204);\"><font color=\"#0000ff\" size=\"1\"><a href=\"https:\/\/picasaweb.google.com\/albumsmmp\/1102074tESOColoniaGuellSeleccio?authkey=Gv1sRgCIvBvuXHrpj13AE&amp;feat=email#slideshow\" target=\"_blank\" rel=\"noopener noreferrer\">fotografies de l&#8217;activitat<\/a><\/font><\/span><\/span><\/td>\n<\/tr>\n<\/tbody>\n<\/table>\n","protected":false},"excerpt":{"rendered":"<p>Els objectius d&#8217;aquesta sortida han estat descobrir com es vivia a la col\u00f2nia G\u00fcell i situar-la en el temps, dins de l&#8217;\u00e8poca de la Revoluci\u00f3 Industrial, al segle XIX&#8230;<\/p>\n","protected":false},"author":1,"featured_media":0,"comment_status":"open","ping_status":"open","sticky":false,"template":"","format":"standard","meta":{"_bbp_topic_count":0,"_bbp_reply_count":0,"_bbp_total_topic_count":0,"_bbp_total_reply_count":0,"_bbp_voice_count":0,"_bbp_anonymous_reply_count":0,"_bbp_topic_count_hidden":0,"_bbp_reply_count_hidden":0,"_bbp_forum_subforum_count":0,"site-sidebar-layout":"default","site-content-layout":"","ast-site-content-layout":"","site-content-style":"default","site-sidebar-style":"default","ast-global-header-display":"","ast-banner-title-visibility":"","ast-main-header-display":"","ast-hfb-above-header-display":"","ast-hfb-below-header-display":"","ast-hfb-mobile-header-display":"","site-post-title":"","ast-breadcrumbs-content":"","ast-featured-img":"","footer-sml-layout":"","theme-transparent-header-meta":"","adv-header-id-meta":"","stick-header-meta":"","header-above-stick-meta":"","header-main-stick-meta":"","header-below-stick-meta":"","astra-migrate-meta-layouts":"default","ast-page-background-enabled":"default","ast-page-background-meta":{"desktop":{"background-color":"var(--ast-global-color-4)","background-image":"","background-repeat":"repeat","background-position":"center center","background-size":"auto","background-attachment":"scroll","background-type":"","background-media":"","overlay-type":"","overlay-color":"","overlay-opacity":"","overlay-gradient":""},"tablet":{"background-color":"","background-image":"","background-repeat":"repeat","background-position":"center center","background-size":"auto","background-attachment":"scroll","background-type":"","background-media":"","overlay-type":"","overlay-color":"","overlay-opacity":"","overlay-gradient":""},"mobile":{"background-color":"","background-image":"","background-repeat":"repeat","background-position":"center center","background-size":"auto","background-attachment":"scroll","background-type":"","background-media":"","overlay-type":"","overlay-color":"","overlay-opacity":"","overlay-gradient":""}},"ast-content-background-meta":{"desktop":{"background-color":"var(--ast-global-color-5)","background-image":"","background-repeat":"repeat","background-position":"center center","background-size":"auto","background-attachment":"scroll","background-type":"","background-media":"","overlay-type":"","overlay-color":"","overlay-opacity":"","overlay-gradient":""},"tablet":{"background-color":"var(--ast-global-color-5)","background-image":"","background-repeat":"repeat","background-position":"center center","background-size":"auto","background-attachment":"scroll","background-type":"","background-media":"","overlay-type":"","overlay-color":"","overlay-opacity":"","overlay-gradient":""},"mobile":{"background-color":"var(--ast-global-color-5)","background-image":"","background-repeat":"repeat","background-position":"center center","background-size":"auto","background-attachment":"scroll","background-type":"","background-media":"","overlay-type":"","overlay-color":"","overlay-opacity":"","overlay-gradient":""}},"footnotes":""},"categories":[347,351],"tags":[],"class_list":["post-465","post","type-post","status-publish","format-standard","hentry","category-general","category-portada"],"post_mailing_queue_ids":[],"_links":{"self":[{"href":"https:\/\/agora.xtec.cat\/iesmarti-i-pol\/wp-json\/wp\/v2\/posts\/465","targetHints":{"allow":["GET"]}}],"collection":[{"href":"https:\/\/agora.xtec.cat\/iesmarti-i-pol\/wp-json\/wp\/v2\/posts"}],"about":[{"href":"https:\/\/agora.xtec.cat\/iesmarti-i-pol\/wp-json\/wp\/v2\/types\/post"}],"author":[{"embeddable":true,"href":"https:\/\/agora.xtec.cat\/iesmarti-i-pol\/wp-json\/wp\/v2\/users\/1"}],"replies":[{"embeddable":true,"href":"https:\/\/agora.xtec.cat\/iesmarti-i-pol\/wp-json\/wp\/v2\/comments?post=465"}],"version-history":[{"count":1,"href":"https:\/\/agora.xtec.cat\/iesmarti-i-pol\/wp-json\/wp\/v2\/posts\/465\/revisions"}],"predecessor-version":[{"id":19121,"href":"https:\/\/agora.xtec.cat\/iesmarti-i-pol\/wp-json\/wp\/v2\/posts\/465\/revisions\/19121"}],"wp:attachment":[{"href":"https:\/\/agora.xtec.cat\/iesmarti-i-pol\/wp-json\/wp\/v2\/media?parent=465"}],"wp:term":[{"taxonomy":"category","embeddable":true,"href":"https:\/\/agora.xtec.cat\/iesmarti-i-pol\/wp-json\/wp\/v2\/categories?post=465"},{"taxonomy":"post_tag","embeddable":true,"href":"https:\/\/agora.xtec.cat\/iesmarti-i-pol\/wp-json\/wp\/v2\/tags?post=465"}],"curies":[{"name":"wp","href":"https:\/\/api.w.org\/{rel}","templated":true}]}}