{"id":457,"date":"2011-01-30T13:28:01","date_gmt":"2011-01-30T12:28:01","guid":{"rendered":"http:\/\/mmpol.cat\/home2\/mmpolcat\/wordpress\/?p=457"},"modified":"2021-03-05T19:40:40","modified_gmt":"2021-03-05T18:40:40","slug":"vos-de-linstitut-qui-som","status":"publish","type":"post","link":"https:\/\/agora.xtec.cat\/iesmarti-i-pol\/general\/vos-de-linstitut-qui-som\/","title":{"rendered":"V\u00eddeos de l&#039;Institut"},"content":{"rendered":"<p>&nbsp;<\/p>\n<table cellspacing=\"1\" cellpadding=\"1\" border=\"0\" style=\"width: 592px; height: 597px;\">\n<tbody>\n<tr>\n<td>&nbsp;<\/td>\n<td bgcolor=\"#ffffcc\"><strong><span style=\"color: rgb(128, 0, 0);\">Com \u00e9s el nostre Institut?<\/span><\/strong><\/td>\n<td bgcolor=\"#ffffcc\" style=\"text-align: center;\"><embed width=\"320\" height=\"270\" src=\"http:\/\/blip.tv\/play\/AYHgrhEA\" type=\"application\/x-shockwave-flash\" allowscriptaccess=\"always\" allowfullscreen=\"true\" \/><\/td>\n<\/tr>\n<tr>\n<td><img loading=\"lazy\" decoding=\"async\" width=\"15\" height=\"15\" src=\"\/iesmarti-i-pol\/images\/stories\/espai.gif\" alt=\"\" \/><\/td>\n<td bgcolor=\"#ccffff\"><strong><span style=\"color: rgb(0, 0, 255);\">Construcci\u00f3 del nou edifici<\/span><\/strong><\/td>\n<td bgcolor=\"#ccffff\">\n<p align=\"center\"><embed width=\"320\" height=\"270\" allowfullscreen=\"true\" allowscriptaccess=\"always\" type=\"application\/x-shockwave-flash\" src=\"http:\/\/blip.tv\/play\/AYH_2xcA\" \/><\/p>\n<\/td>\n<\/tr>\n<tr>\n<td>&nbsp;<\/td>\n<td bgcolor=\"#ffffcc\"><strong><span style=\"color: rgb(128, 0, 0);\">Premi Ciutat de Cornell\u00e0 de Llobregat d&#8217;humanitats<\/span><\/strong><\/td>\n<td bgcolor=\"#ffffcc\" style=\"text-align: center;\"><embed width=\"320\" height=\"270\" allowfullscreen=\"true\" allowscriptaccess=\"always\" type=\"application\/x-shockwave-flash\" src=\"http:\/\/blip.tv\/play\/AYKyrBMA\" \/><\/td>\n<\/tr>\n<tr>\n<td><img loading=\"lazy\" decoding=\"async\" width=\"15\" height=\"15\" src=\"\/iesmarti-i-pol\/images\/stories\/espai.gif\" alt=\"\" \/><\/td>\n<td bgcolor=\"#ccffff\"><span style=\"color: rgb(0, 0, 255);\">L&rsquo;institut Miquel Mart\u00ed i Pol treballa des de fa deu cursos per la inclusi\u00f3 de l&rsquo;alumnat sord en tots els vessants educatius, d&rsquo;aprenentatge, personals i socials. Compartir i formar part de la comunitat educativa i de la societat \u00e9s un dels reptes que ens proposem dia a dia. Sota aquest paraig\u00fces es crea el <strong>lipdub <\/strong>que presentem, organitzat per un grup d&rsquo;alumnes sordes i on ha participat tot l&rsquo;alumnat d&rsquo;ESO i Batxillerat i el personal docent i no docent. Esperem continuar treballant dia a dia en aquesta l\u00ednia, amb l&rsquo;espontane\u00eftat, la participaci\u00f3, la cooperaci\u00f3, l&rsquo;entusiasme i la il&middot;lusi\u00f3 que ens han perm\u00e8s portar a terme aquest muntatge. <\/p>\n<p>             Desembre 2010<\/span><strong><span style=\"color: rgb(0, 0, 255);\"><br \/>             <\/span><\/strong><\/td>\n<td bgcolor=\"#ccffff\">\n<p align=\"center\"><embed width=\"320\" height=\"270\" allowfullscreen=\"true\" allowscriptaccess=\"always\" type=\"application\/x-shockwave-flash\" src=\"http:\/\/www.youtube.com\/v\/cOQ77TVIAmc?fs=1&amp;hl=en_US\" \/><\/p>\n<\/td>\n<\/tr>\n<tr>\n<td>&nbsp;<\/td>\n<td><span style=\"font-size: 12px;\"><b><font face=\"Verdana\" color=\"#af0202\">Els nois i noies de  l&rsquo;institut Miquel Mart\u00ed i Pol han fet el seu primer telenot\u00edcies al  plat\u00f3 del Citilab. Aqu\u00ed teniu el noticiari.<\/font><\/b><\/span><\/td>\n<td><iframe loading=\"lazy\" width=\"320\" height=\"181\" frameborder=\"0\" src=\"http:\/\/player.vimeo.com\/video\/45497314\" webkitallowfullscreen=\"\" mozallowfullscreen=\"\" allowfullscreen=\"\"><\/iframe><\/td>\n<\/tr>\n<tr>\n<td>&nbsp;<\/td>\n<td>&nbsp;<\/td>\n<td>&nbsp;<\/td>\n<\/tr>\n<\/tbody>\n<\/table>\n<p>&nbsp;<\/p>\n","protected":false},"excerpt":{"rendered":"<p>&nbsp; &nbsp; Com \u00e9s el nostre Institut? Construcci\u00f3 del nou edifici &nbsp; Premi Ciutat de Cornell\u00e0 de Llobregat d&#8217;humanitats L&rsquo;institut Miquel Mart\u00ed i Pol treballa des de fa deu cursos per la inclusi\u00f3 de l&rsquo;alumnat sord en tots els vessants educatius, d&rsquo;aprenentatge, personals i socials. Compartir i formar part de la comunitat educativa i de [&hellip;]<\/p>\n","protected":false},"author":1,"featured_media":0,"comment_status":"closed","ping_status":"open","sticky":false,"template":"","format":"standard","meta":{"_bbp_topic_count":0,"_bbp_reply_count":0,"_bbp_total_topic_count":0,"_bbp_total_reply_count":0,"_bbp_voice_count":0,"_bbp_anonymous_reply_count":0,"_bbp_topic_count_hidden":0,"_bbp_reply_count_hidden":0,"_bbp_forum_subforum_count":0,"site-sidebar-layout":"default","site-content-layout":"","ast-site-content-layout":"","site-content-style":"default","site-sidebar-style":"default","ast-global-header-display":"","ast-banner-title-visibility":"","ast-main-header-display":"","ast-hfb-above-header-display":"","ast-hfb-below-header-display":"","ast-hfb-mobile-header-display":"","site-post-title":"","ast-breadcrumbs-content":"","ast-featured-img":"","footer-sml-layout":"","theme-transparent-header-meta":"","adv-header-id-meta":"","stick-header-meta":"","header-above-stick-meta":"","header-main-stick-meta":"","header-below-stick-meta":"","astra-migrate-meta-layouts":"default","ast-page-background-enabled":"default","ast-page-background-meta":{"desktop":{"background-color":"var(--ast-global-color-4)","background-image":"","background-repeat":"repeat","background-position":"center center","background-size":"auto","background-attachment":"scroll","background-type":"","background-media":"","overlay-type":"","overlay-color":"","overlay-opacity":"","overlay-gradient":""},"tablet":{"background-color":"","background-image":"","background-repeat":"repeat","background-position":"center center","background-size":"auto","background-attachment":"scroll","background-type":"","background-media":"","overlay-type":"","overlay-color":"","overlay-opacity":"","overlay-gradient":""},"mobile":{"background-color":"","background-image":"","background-repeat":"repeat","background-position":"center center","background-size":"auto","background-attachment":"scroll","background-type":"","background-media":"","overlay-type":"","overlay-color":"","overlay-opacity":"","overlay-gradient":""}},"ast-content-background-meta":{"desktop":{"background-color":"var(--ast-global-color-5)","background-image":"","background-repeat":"repeat","background-position":"center center","background-size":"auto","background-attachment":"scroll","background-type":"","background-media":"","overlay-type":"","overlay-color":"","overlay-opacity":"","overlay-gradient":""},"tablet":{"background-color":"var(--ast-global-color-5)","background-image":"","background-repeat":"repeat","background-position":"center center","background-size":"auto","background-attachment":"scroll","background-type":"","background-media":"","overlay-type":"","overlay-color":"","overlay-opacity":"","overlay-gradient":""},"mobile":{"background-color":"var(--ast-global-color-5)","background-image":"","background-repeat":"repeat","background-position":"center center","background-size":"auto","background-attachment":"scroll","background-type":"","background-media":"","overlay-type":"","overlay-color":"","overlay-opacity":"","overlay-gradient":""}},"footnotes":""},"categories":[347,351],"tags":[],"class_list":["post-457","post","type-post","status-publish","format-standard","hentry","category-general","category-portada"],"post_mailing_queue_ids":[],"_links":{"self":[{"href":"https:\/\/agora.xtec.cat\/iesmarti-i-pol\/wp-json\/wp\/v2\/posts\/457","targetHints":{"allow":["GET"]}}],"collection":[{"href":"https:\/\/agora.xtec.cat\/iesmarti-i-pol\/wp-json\/wp\/v2\/posts"}],"about":[{"href":"https:\/\/agora.xtec.cat\/iesmarti-i-pol\/wp-json\/wp\/v2\/types\/post"}],"author":[{"embeddable":true,"href":"https:\/\/agora.xtec.cat\/iesmarti-i-pol\/wp-json\/wp\/v2\/users\/1"}],"replies":[{"embeddable":true,"href":"https:\/\/agora.xtec.cat\/iesmarti-i-pol\/wp-json\/wp\/v2\/comments?post=457"}],"version-history":[{"count":1,"href":"https:\/\/agora.xtec.cat\/iesmarti-i-pol\/wp-json\/wp\/v2\/posts\/457\/revisions"}],"predecessor-version":[{"id":13201,"href":"https:\/\/agora.xtec.cat\/iesmarti-i-pol\/wp-json\/wp\/v2\/posts\/457\/revisions\/13201"}],"wp:attachment":[{"href":"https:\/\/agora.xtec.cat\/iesmarti-i-pol\/wp-json\/wp\/v2\/media?parent=457"}],"wp:term":[{"taxonomy":"category","embeddable":true,"href":"https:\/\/agora.xtec.cat\/iesmarti-i-pol\/wp-json\/wp\/v2\/categories?post=457"},{"taxonomy":"post_tag","embeddable":true,"href":"https:\/\/agora.xtec.cat\/iesmarti-i-pol\/wp-json\/wp\/v2\/tags?post=457"}],"curies":[{"name":"wp","href":"https:\/\/api.w.org\/{rel}","templated":true}]}}