{"id":411,"date":"2010-02-15T23:00:00","date_gmt":"2010-02-15T23:00:00","guid":{"rendered":"http:\/\/mmpol.cat\/home2\/mmpolcat\/wordpress\/?p=411"},"modified":"2021-03-05T19:40:44","modified_gmt":"2021-03-05T18:40:44","slug":"jornades-tiques-delectricitat-2010","status":"publish","type":"post","link":"https:\/\/agora.xtec.cat\/iesmarti-i-pol\/portada\/jornades-tiques-delectricitat-2010\/","title":{"rendered":"Jornades T\u00e8cniques d&#039;Electricitat (2010)"},"content":{"rendered":"<br \/>\n<table border=\"0\" cellpadding=\"1\" cellspacing=\"1\" style=\"width: 534px; height: 64px\" width=\"534\">\n<tbody>\n<tr>\n<td> \t\t\t\t<span style=\"font-size: xx-small\"><span style=\"color: #0000cc\"><img loading=\"lazy\" decoding=\"async\" alt=\"\" height=\"15\" src=\"\/iesmarti-i-pol\/images\/stories\/espai.gif\" width=\"15\" \/><\/span><\/span><\/td>\n<td> \t\t\t\t<span style=\"font-size: xx-small\"><span style=\"color: #0000cc\"><font color=\"#0000cc\" size=\"1\">Els dies 2 i 4 de febrer passat es van realitzar les Primeres Jornades T\u00e8cniques organitzades pel Departament d\u2019Electricitat de l\u2019Institut Miquel Mart\u00ed i Pol. L\u2019objectiu d\u2019aquestes jornades va ser el d\u2019apropar el m\u00f3n de la ind\u00fastria i universitari al m\u00f3n educatiu de l\u2019FP, en el marc curricular dels cicles formatius de grau mitj\u00e0, \u201cInstal\u2022lacions El\u00e8ctriques i Autom\u00e0tiques\u201d, i de grau superior, \u201cInstal\u2022lacions Electrot\u00e8cniques\u201d.<\/p>\n<p> \t\t\t\tA les jornades es van desenvolupar sis temes directament relacionats amb els cr\u00e8dits que s\u2019imparteixen i dels quals tres van tenir com a ponents a ex alumnes de l\u2019institut i un quart a un ex professor del propi departament el\u00e8ctric.<\/p>\n<p> \t\t\t\tL\u2019assist\u00e8ncia de l\u2019alumnat va ser for\u00e7a elevada, la qual cosa indica l\u2019inter\u00e8s que van despertar els temes tractats<\/p>\n<p> \t\t\t\t:::::::::::::::::::::::::::::::::::::::::::<a href=\"http:\/\/picasaweb.google.es\/albumsmmp\/Electricitat?authkey=Gv1sRgCILFraKEyraxuwE&amp;feat=email#slideshow\" target=\"_blank\" rel=\"noopener noreferrer\"><strong>fotografies de l&#8217;activitat<\/strong><\/a>:::::::::::::::::::::::::::<\/p>\n<p> \t\t\t\tEl programa dut a terme a les jornades va ser el seg\u00fcent:<\/p>\n<p> \t\t\t\tDimarts 2 de febrer de 2010<\/p>\n<p> \t\t\t\tTema: SISTEMES DE SEGURETAT<\/p>\n<p> \t\t\t\tPonent: Santiago Aguado<br \/> \t\t\t\tEn Santiago Aguado \u00e9s el Director Nacional d\u2019Enginyeria de l\u2019empresa Honeywell, empresa l\u00edder en tecnologia i fabricaci\u00f3, que proporciona una gran diversitat de productes i serveis, entre altres, els sistemes de seguretat. Va donar, de manera brillant, una visi\u00f3 general del m\u00f3n de la seguretat, sobre tot contra incendis.<\/p>\n<p> \t\t\t\tTema: INSTAL\u2022LACIONS DE BAIXA TENSI\u00d3<\/p>\n<p> \t\t\t\tPonent: D\u00eddac \u00c1lvarez<br \/> \t\t\t\tEn D\u00eddac \u00e9s un ex alumne de l\u2019institut que va fer el CFGM d\u2019Equips i Instal\u2022lacions Electrot\u00e8cniques, obtenint el carnet d\u2019instal\u2022lador de nivell b\u00e0sic. Des d\u2019aleshores ha treballat com aut\u00f2nom en la baixa tensi\u00f3 i ja porta una amplia experi\u00e8ncia en el m\u00f3n de les instal\u2022lacions el\u00e8ctriques. La seva xerrada es va desenvolupar de manera molt col\u2022loquial i propera.<\/p>\n<p> \t\t\t\tTema: EMPRESES EL\u00c8CTRIQUES A CATALUNYA<\/p>\n<p> \t\t\t\tPonent: Valent\u00ed Claret<br \/> \t\t\t\tEn Valent\u00ed Claret \u00e9s un ex professor de l\u2019institut vinculat a les empreses el\u00e8ctriques catalanes i amb una ampl\u00edssima experi\u00e8ncia en aquest camp. Va fer una excel\u2022lent exposici\u00f3 de l\u2019inici, desenvolupament i situaci\u00f3 actual del sector el\u00e8ctric a Catalunya.<\/p>\n<p> \t\t\t\tDijous 4 de febrer de 2010<\/p>\n<p> \t\t\t\tTema: SISTEMES D\u2019AUTOMATITZACI\u00d3<\/p>\n<p> \t\t\t\tPonent: Samuel L\u00e1zaro<br \/> \t\t\t\tEn Samuel L\u00e1zaro \u00e9s t\u00e8cnic de sistemes d\u2019automatitzaci\u00f3 de l\u2019empresa Siemens, l\u00edders en el sector. Va explicar l\u2019evoluci\u00f3 dels sistemes automatitzats, principalment aut\u00f2mates programables, demostrant una gran experi\u00e8ncia en aquest camp.<\/p>\n<p> \t\t\t\tTema: L\u2019EXPERI\u00c9NCIA DE LA UNIVERSITAT<br \/> \t\t\t\tPonents: Rub\u00e9n Mart\u00ednez, Carlos Segovia i Albert Castillo<br \/> \t\t\t\tEl Ruben, el Carlos i l\u2019Albert s\u00f3n ex alumnes del CFGS d\u2019Instal\u2022lacions Electrot\u00e8cniques que estudien enginyeria t\u00e8cnica el\u00e8ctrica. Van donaran una visi\u00f3 del m\u00f3n universitari i de les dificultats i beneficis de l\u2019acc\u00e9s a la universitat, des de la Formaci\u00f3 Professional. El to planer i proper que van utilitzar per explicar les seves viv\u00e8ncies ha fet que molt alumnes de l\u2019actual cicle formatiu de grau superior es plantegin donar aquest salt a la universitat.<\/p>\n<p> \t\t\t\tTema: TRANSFORMADORS<br \/> \t\t\t\tPonent: Sergio Alcaide<br \/> \t\t\t\tEn Sergio \u00e9s un ex alumne de CFGS d\u2019Instal\u2022acions Electrot\u00e8cniques que porta varis anys treballant com a t\u00e8cnic per l\u2019empresa Schneider El\u00e8ctric, i ja compte amb una important experi\u00e8ncia en el m\u00f3n dels transformadors i les proteccions. La identificaci\u00f3 dels alumnes amb una persona que, fins fa poc, realitzava els mateixos estudis, aporta un valor afegit a aquesta confer\u00e8ncia que dif\u00edcilment es pot aconseguir a l\u2019aula.<\/p>\n<p> \t\t\t\tEl Departament El\u00e8ctric vol agrair la participaci\u00f3 de tots els ponents que, d\u2019una manera desinteressada, han aportar la seva experi\u00e8ncia i han enriquit de manera considerable el contingut dels temes tractats. Aquestes jornades marquen l\u2019inici d\u2019un cicle que vol tenir continu\u00eftat any darrera any.<\/p>\n<p> \t\t\t\tFins les 2es Jornades T\u00e8cniques.<\/p>\n<p> \t\t\t\tDepartament El\u00e8ctric<br \/> \t\t\t\tIES Miquel Mart\u00ed i Pol<br \/> \t\t\t\t.<br \/> \t\t\t\t<\/font><\/span><\/span><\/td>\n<\/tr>\n<tr>\n<td> \t\t\t\t<span style=\"font-size: xx-small\"><span style=\"color: #0000cc\">&nbsp;<\/span><\/span><\/td>\n<td style=\"text-align: center\"> \t\t\t\t<span style=\"font-size: xx-small\"><span style=\"color: #0000cc\">&nbsp;<\/span><\/span><\/td>\n<\/tr>\n<\/tbody>\n<\/table>\n","protected":false},"excerpt":{"rendered":"<p>Els dies 2 i 4 de febrer passat es van realitzar les Primeres Jornades T\u00e8cniques organitzades pel Departament d\u2019Electricitat de l\u2019Institut Miquel Mart\u00ed i Pol. L\u2019objectiu d\u2019aquestes jornades va ser el d\u2019apropar el m\u00f3n de la ind\u00fastria i universitari al m\u00f3n educatiu de l\u2019FP, en el marc curricular dels cicles formatius de grau mitj\u00e0, \u201cInstal\u2022lacions [&hellip;]<\/p>\n","protected":false},"author":1,"featured_media":0,"comment_status":"open","ping_status":"open","sticky":false,"template":"","format":"standard","meta":{"_bbp_topic_count":0,"_bbp_reply_count":0,"_bbp_total_topic_count":0,"_bbp_total_reply_count":0,"_bbp_voice_count":0,"_bbp_anonymous_reply_count":0,"_bbp_topic_count_hidden":0,"_bbp_reply_count_hidden":0,"_bbp_forum_subforum_count":0,"site-sidebar-layout":"default","site-content-layout":"","ast-site-content-layout":"","site-content-style":"default","site-sidebar-style":"default","ast-global-header-display":"","ast-banner-title-visibility":"","ast-main-header-display":"","ast-hfb-above-header-display":"","ast-hfb-below-header-display":"","ast-hfb-mobile-header-display":"","site-post-title":"","ast-breadcrumbs-content":"","ast-featured-img":"","footer-sml-layout":"","theme-transparent-header-meta":"","adv-header-id-meta":"","stick-header-meta":"","header-above-stick-meta":"","header-main-stick-meta":"","header-below-stick-meta":"","astra-migrate-meta-layouts":"default","ast-page-background-enabled":"default","ast-page-background-meta":{"desktop":{"background-color":"var(--ast-global-color-4)","background-image":"","background-repeat":"repeat","background-position":"center center","background-size":"auto","background-attachment":"scroll","background-type":"","background-media":"","overlay-type":"","overlay-color":"","overlay-opacity":"","overlay-gradient":""},"tablet":{"background-color":"","background-image":"","background-repeat":"repeat","background-position":"center center","background-size":"auto","background-attachment":"scroll","background-type":"","background-media":"","overlay-type":"","overlay-color":"","overlay-opacity":"","overlay-gradient":""},"mobile":{"background-color":"","background-image":"","background-repeat":"repeat","background-position":"center center","background-size":"auto","background-attachment":"scroll","background-type":"","background-media":"","overlay-type":"","overlay-color":"","overlay-opacity":"","overlay-gradient":""}},"ast-content-background-meta":{"desktop":{"background-color":"var(--ast-global-color-5)","background-image":"","background-repeat":"repeat","background-position":"center center","background-size":"auto","background-attachment":"scroll","background-type":"","background-media":"","overlay-type":"","overlay-color":"","overlay-opacity":"","overlay-gradient":""},"tablet":{"background-color":"var(--ast-global-color-5)","background-image":"","background-repeat":"repeat","background-position":"center center","background-size":"auto","background-attachment":"scroll","background-type":"","background-media":"","overlay-type":"","overlay-color":"","overlay-opacity":"","overlay-gradient":""},"mobile":{"background-color":"var(--ast-global-color-5)","background-image":"","background-repeat":"repeat","background-position":"center center","background-size":"auto","background-attachment":"scroll","background-type":"","background-media":"","overlay-type":"","overlay-color":"","overlay-opacity":"","overlay-gradient":""}},"footnotes":""},"categories":[351],"tags":[],"class_list":["post-411","post","type-post","status-publish","format-standard","hentry","category-portada"],"post_mailing_queue_ids":[],"_links":{"self":[{"href":"https:\/\/agora.xtec.cat\/iesmarti-i-pol\/wp-json\/wp\/v2\/posts\/411","targetHints":{"allow":["GET"]}}],"collection":[{"href":"https:\/\/agora.xtec.cat\/iesmarti-i-pol\/wp-json\/wp\/v2\/posts"}],"about":[{"href":"https:\/\/agora.xtec.cat\/iesmarti-i-pol\/wp-json\/wp\/v2\/types\/post"}],"author":[{"embeddable":true,"href":"https:\/\/agora.xtec.cat\/iesmarti-i-pol\/wp-json\/wp\/v2\/users\/1"}],"replies":[{"embeddable":true,"href":"https:\/\/agora.xtec.cat\/iesmarti-i-pol\/wp-json\/wp\/v2\/comments?post=411"}],"version-history":[{"count":1,"href":"https:\/\/agora.xtec.cat\/iesmarti-i-pol\/wp-json\/wp\/v2\/posts\/411\/revisions"}],"predecessor-version":[{"id":19157,"href":"https:\/\/agora.xtec.cat\/iesmarti-i-pol\/wp-json\/wp\/v2\/posts\/411\/revisions\/19157"}],"wp:attachment":[{"href":"https:\/\/agora.xtec.cat\/iesmarti-i-pol\/wp-json\/wp\/v2\/media?parent=411"}],"wp:term":[{"taxonomy":"category","embeddable":true,"href":"https:\/\/agora.xtec.cat\/iesmarti-i-pol\/wp-json\/wp\/v2\/categories?post=411"},{"taxonomy":"post_tag","embeddable":true,"href":"https:\/\/agora.xtec.cat\/iesmarti-i-pol\/wp-json\/wp\/v2\/tags?post=411"}],"curies":[{"name":"wp","href":"https:\/\/api.w.org\/{rel}","templated":true}]}}