{"id":28434,"date":"2025-11-16T13:09:21","date_gmt":"2025-11-16T12:09:21","guid":{"rendered":"https:\/\/agora.xtec.cat\/iesmarti-i-pol\/?p=28434"},"modified":"2025-11-16T13:10:41","modified_gmt":"2025-11-16T12:10:41","slug":"setmana-de-la-ciencia-2","status":"publish","type":"post","link":"https:\/\/agora.xtec.cat\/iesmarti-i-pol\/eso\/setmana-de-la-ciencia-2\/","title":{"rendered":"Setmana de la Ci\u00e8ncia"},"content":{"rendered":"<p>Del 17 al 21 de novembre celebrarem al centre la Setmana de la Ci\u00e8ncia amb diferents activitats cient\u00edfiques per promoure les ci\u00e8ncies entre l&#8217;alumnat. Aix\u00ed, divendres hi haur\u00e0 la Fira cient\u00edfica amb invents i experiments de 1r i 2n d&#8217;ESO o durant la setmana tindran activitats lectores, a 3r i 4t d&#8217;ESO i Batxillerat tindrem la Xerrada de la Marat\u00f3 i diferents activitats des de VIP a TIK TOKS, c\u00fapules de Leonardo da Vinci. Tot plegat, una setmana plena de ci\u00e8ncies!<\/p>\n<p>Us deixem amb el cartell guanyador de la Setmana!<\/p>\n<p><a href=\"https:\/\/agora.xtec.cat\/iesmarti-i-pol\/wp-content\/uploads\/usu1292\/2025\/11\/Cartell-setmana-de-la-ciencia_page-00011.jpg\"><img loading=\"lazy\" decoding=\"async\" class=\"size-medium wp-image-28435 aligncenter\" src=\"https:\/\/agora.xtec.cat\/iesmarti-i-pol\/wp-content\/uploads\/usu1292\/2025\/11\/Cartell-setmana-de-la-ciencia_page-00011-212x300.jpg\" alt=\"\" width=\"212\" height=\"300\" srcset=\"https:\/\/agora.xtec.cat\/iesmarti-i-pol\/wp-content\/uploads\/usu1292\/2025\/11\/Cartell-setmana-de-la-ciencia_page-00011-212x300.jpg 212w, https:\/\/agora.xtec.cat\/iesmarti-i-pol\/wp-content\/uploads\/usu1292\/2025\/11\/Cartell-setmana-de-la-ciencia_page-00011-724x1024.jpg 724w, https:\/\/agora.xtec.cat\/iesmarti-i-pol\/wp-content\/uploads\/usu1292\/2025\/11\/Cartell-setmana-de-la-ciencia_page-00011-768x1086.jpg 768w, https:\/\/agora.xtec.cat\/iesmarti-i-pol\/wp-content\/uploads\/usu1292\/2025\/11\/Cartell-setmana-de-la-ciencia_page-00011-1086x1536.jpg 1086w, https:\/\/agora.xtec.cat\/iesmarti-i-pol\/wp-content\/uploads\/usu1292\/2025\/11\/Cartell-setmana-de-la-ciencia_page-00011.jpg 1241w\" sizes=\"auto, (max-width: 212px) 100vw, 212px\" \/>#Setmanadelaci\u00e8ncia<\/a><\/p>\n","protected":false},"excerpt":{"rendered":"<p>Setmana de la Ci\u00e8ncia a l&#8217;institut<\/p>\n","protected":false},"author":1,"featured_media":28435,"comment_status":"open","ping_status":"open","sticky":false,"template":"","format":"standard","meta":{"_bbp_topic_count":0,"_bbp_reply_count":0,"_bbp_total_topic_count":0,"_bbp_total_reply_count":0,"_bbp_voice_count":0,"_bbp_anonymous_reply_count":0,"_bbp_topic_count_hidden":0,"_bbp_reply_count_hidden":0,"_bbp_forum_subforum_count":0,"site-sidebar-layout":"default","site-content-layout":"","ast-site-content-layout":"default","site-content-style":"default","site-sidebar-style":"default","ast-global-header-display":"","ast-banner-title-visibility":"","ast-main-header-display":"","ast-hfb-above-header-display":"","ast-hfb-below-header-display":"","ast-hfb-mobile-header-display":"","site-post-title":"","ast-breadcrumbs-content":"","ast-featured-img":"","footer-sml-layout":"","theme-transparent-header-meta":"default","adv-header-id-meta":"","stick-header-meta":"","header-above-stick-meta":"","header-main-stick-meta":"","header-below-stick-meta":"","astra-migrate-meta-layouts":"set","ast-page-background-enabled":"default","ast-page-background-meta":{"desktop":{"background-color":"var(--ast-global-color-4)","background-image":"","background-repeat":"repeat","background-position":"center center","background-size":"auto","background-attachment":"scroll","background-type":"","background-media":"","overlay-type":"","overlay-color":"","overlay-opacity":"","overlay-gradient":""},"tablet":{"background-color":"","background-image":"","background-repeat":"repeat","background-position":"center center","background-size":"auto","background-attachment":"scroll","background-type":"","background-media":"","overlay-type":"","overlay-color":"","overlay-opacity":"","overlay-gradient":""},"mobile":{"background-color":"","background-image":"","background-repeat":"repeat","background-position":"center center","background-size":"auto","background-attachment":"scroll","background-type":"","background-media":"","overlay-type":"","overlay-color":"","overlay-opacity":"","overlay-gradient":""}},"ast-content-background-meta":{"desktop":{"background-color":"var(--ast-global-color-5)","background-image":"","background-repeat":"repeat","background-position":"center center","background-size":"auto","background-attachment":"scroll","background-type":"","background-media":"","overlay-type":"","overlay-color":"","overlay-opacity":"","overlay-gradient":""},"tablet":{"background-color":"var(--ast-global-color-5)","background-image":"","background-repeat":"repeat","background-position":"center center","background-size":"auto","background-attachment":"scroll","background-type":"","background-media":"","overlay-type":"","overlay-color":"","overlay-opacity":"","overlay-gradient":""},"mobile":{"background-color":"var(--ast-global-color-5)","background-image":"","background-repeat":"repeat","background-position":"center center","background-size":"auto","background-attachment":"scroll","background-type":"","background-media":"","overlay-type":"","overlay-color":"","overlay-opacity":"","overlay-gradient":""}},"footnotes":""},"categories":[1191,607,3,347,351,1042],"tags":[],"class_list":["post-28434","post","type-post","status-publish","format-standard","has-post-thumbnail","hentry","category-activitats-del-curs-2025-26","category-batxillerat-ca","category-eso","category-general","category-portada","category-steam"],"post_mailing_queue_ids":[],"_links":{"self":[{"href":"https:\/\/agora.xtec.cat\/iesmarti-i-pol\/wp-json\/wp\/v2\/posts\/28434","targetHints":{"allow":["GET"]}}],"collection":[{"href":"https:\/\/agora.xtec.cat\/iesmarti-i-pol\/wp-json\/wp\/v2\/posts"}],"about":[{"href":"https:\/\/agora.xtec.cat\/iesmarti-i-pol\/wp-json\/wp\/v2\/types\/post"}],"author":[{"embeddable":true,"href":"https:\/\/agora.xtec.cat\/iesmarti-i-pol\/wp-json\/wp\/v2\/users\/1"}],"replies":[{"embeddable":true,"href":"https:\/\/agora.xtec.cat\/iesmarti-i-pol\/wp-json\/wp\/v2\/comments?post=28434"}],"version-history":[{"count":2,"href":"https:\/\/agora.xtec.cat\/iesmarti-i-pol\/wp-json\/wp\/v2\/posts\/28434\/revisions"}],"predecessor-version":[{"id":28437,"href":"https:\/\/agora.xtec.cat\/iesmarti-i-pol\/wp-json\/wp\/v2\/posts\/28434\/revisions\/28437"}],"wp:featuredmedia":[{"embeddable":true,"href":"https:\/\/agora.xtec.cat\/iesmarti-i-pol\/wp-json\/wp\/v2\/media\/28435"}],"wp:attachment":[{"href":"https:\/\/agora.xtec.cat\/iesmarti-i-pol\/wp-json\/wp\/v2\/media?parent=28434"}],"wp:term":[{"taxonomy":"category","embeddable":true,"href":"https:\/\/agora.xtec.cat\/iesmarti-i-pol\/wp-json\/wp\/v2\/categories?post=28434"},{"taxonomy":"post_tag","embeddable":true,"href":"https:\/\/agora.xtec.cat\/iesmarti-i-pol\/wp-json\/wp\/v2\/tags?post=28434"}],"curies":[{"name":"wp","href":"https:\/\/api.w.org\/{rel}","templated":true}]}}