{"id":28385,"date":"2025-11-05T12:05:26","date_gmt":"2025-11-05T11:05:26","guid":{"rendered":"https:\/\/agora.xtec.cat\/iesmarti-i-pol\/?p=28385"},"modified":"2025-11-19T21:07:00","modified_gmt":"2025-11-19T20:07:00","slug":"oberta-la-convocatoria-erasmus-25-26","status":"publish","type":"post","link":"https:\/\/agora.xtec.cat\/iesmarti-i-pol\/general\/oberta-la-convocatoria-erasmus-25-26\/","title":{"rendered":"Oberta la convocat\u00f2ria ERASMUS+ 25-26"},"content":{"rendered":"<h2><a href=\"https:\/\/agora.xtec.cat\/iesmarti-i-pol\/wp-content\/uploads\/usu1292\/2019\/09\/gifs-animados-luces-de-alarma-469326.gif\"><img loading=\"lazy\" decoding=\"async\" class=\" wp-image-14088 alignleft\" src=\"https:\/\/agora.xtec.cat\/iesmarti-i-pol\/wp-content\/uploads\/usu1292\/2019\/09\/gifs-animados-luces-de-alarma-469326.gif\" alt=\"\" width=\"46\" height=\"61\" \/><\/a>Convocat\u00f2ria Erasmus+ 25-26 alumnat CF Grau Mitj\u00e0 i Grau Superior<\/h2>\n<p>&nbsp;<\/p>\n<p><span style=\"font-weight: 400;\">Est\u00e0 oberta la convocat\u00f2ria 2025-2026 per l\u2019alumnat de <\/span><b>Cicles Formatius de Grau Mitj\u00e0 i de Grau Superior <\/b><span style=\"font-weight: 400;\">per optar a una beca Erasmus+ per fer pr\u00e0ctiques a l\u2019estranger.<\/span><\/p>\n<p><span style=\"font-weight: 400;\">Per fer la sol\u00b7licitud, cal llegir la <strong>convocat\u00f2ria<\/strong> que trobar\u00e0s a continuaci\u00f3 i emplenar el <strong>formulari<\/strong> de sol\u00b7licitud online pertinent, entre els dies <strong>6<\/strong><\/span><b>-11-25 i 20-11-25 <\/b><span style=\"font-weight: 400;\">(ambd\u00f3s inclosos).<\/span><\/p>\n<table>\n<tbody>\n<tr>\n<td><\/td>\n<td><b>Grau Mitj\u00e0<\/b><\/td>\n<td><b> Grau Superior<\/b><\/td>\n<\/tr>\n<tr>\n<td><b>Convocat\u00f2ries<\/b><\/td>\n<td><a href=\"https:\/\/drive.google.com\/file\/d\/1hBtppVoyMUB210ke_dUqK9646dizTyYj\/view?usp=sharing\"><span style=\"font-weight: 400;\">Convocat\u00f2ria 25-26 CFGM<\/span><\/a><\/td>\n<td><a href=\"https:\/\/drive.google.com\/file\/d\/1tKdNkF8fh2EkskoHpYKZclWb7keVzlGO\/view?usp=sharing\"><span style=\"font-weight: 400;\">Convocat\u00f2ria 25-26 CFGS<\/span><\/a><\/td>\n<\/tr>\n<tr>\n<td><b>Formularis online<\/b><\/td>\n<td><a href=\"https:\/\/docs.google.com\/forms\/d\/e\/1FAIpQLSf_AVJMiwF1RhrfhONlx1Hq2HNducZO4at1eEjksS-A5scEig\/viewform?usp=publish-editor\"><span style=\"font-weight: 400;\">Formulari 25-26 CFGM<\/span><\/a><\/td>\n<td><a href=\"https:\/\/docs.google.com\/forms\/d\/e\/1FAIpQLScAmOMuK_yBi0jAuC_zEZJKgQBb0wQU1IEAtv-eDvpWB6SfQw\/viewform?usp=header\"><span style=\"font-weight: 400;\">Formulari 25-26 CFGS<\/span><\/a><\/td>\n<\/tr>\n<\/tbody>\n<\/table>\n<p>Aqu\u00ed pots consultar <strong><a href=\"https:\/\/drive.google.com\/file\/d\/1lntytM3WX3eRgVa86RJSHz1nFLd-kpLh\/view?usp=sharing\">FAQS<\/a> <\/strong>sobre la mobilitat ERASMUS+ a cicles formatius.<\/p>\n<p><strong>\ud83d\udc49Et recomanem que llegeixis amb atenci\u00f3 els detalls de la Convocat\u00f2ria i que no esperis a \u00faltima hora per fer la sol\u00b7licitud!<\/strong><\/p>\n<p><a href=\"https:\/\/agora.xtec.cat\/iesmarti-i-pol\/wp-content\/uploads\/usu1292\/bp-attachments\/26616\/Logo-UE.jpg\"><img loading=\"lazy\" decoding=\"async\" class=\"size-full wp-image-26618 alignright\" src=\"https:\/\/agora.xtec.cat\/iesmarti-i-pol\/wp-content\/uploads\/usu1292\/bp-attachments\/26616\/Logo-UE.jpg\" alt=\"\" width=\"266\" height=\"55\" \/><\/a><\/p>\n<p>&nbsp;<\/p>\n","protected":false},"excerpt":{"rendered":"<p>Convocat\u00f2ria Erasmus+ 25-26 alumnat CF Grau Mitj\u00e0 i Grau Superior &nbsp; Est\u00e0 oberta la convocat\u00f2ria 2025-2026 per l\u2019alumnat de Cicles Formatius de Grau Mitj\u00e0 i de Grau Superior per optar a una beca Erasmus+ per fer pr\u00e0ctiques a l\u2019estranger. Per fer la sol\u00b7licitud, cal llegir la convocat\u00f2ria que trobar\u00e0s a continuaci\u00f3 i emplenar el formulari [&hellip;]<\/p>\n","protected":false},"author":82,"featured_media":28389,"comment_status":"closed","ping_status":"closed","sticky":false,"template":"","format":"standard","meta":{"_bbp_topic_count":0,"_bbp_reply_count":0,"_bbp_total_topic_count":0,"_bbp_total_reply_count":0,"_bbp_voice_count":0,"_bbp_anonymous_reply_count":0,"_bbp_topic_count_hidden":0,"_bbp_reply_count_hidden":0,"_bbp_forum_subforum_count":0,"site-sidebar-layout":"default","site-content-layout":"","ast-site-content-layout":"default","site-content-style":"default","site-sidebar-style":"default","ast-global-header-display":"","ast-banner-title-visibility":"","ast-main-header-display":"","ast-hfb-above-header-display":"","ast-hfb-below-header-display":"","ast-hfb-mobile-header-display":"","site-post-title":"","ast-breadcrumbs-content":"","ast-featured-img":"","footer-sml-layout":"","theme-transparent-header-meta":"default","adv-header-id-meta":"","stick-header-meta":"","header-above-stick-meta":"","header-main-stick-meta":"","header-below-stick-meta":"","astra-migrate-meta-layouts":"set","ast-page-background-enabled":"default","ast-page-background-meta":{"desktop":{"background-color":"var(--ast-global-color-4)","background-image":"","background-repeat":"repeat","background-position":"center center","background-size":"auto","background-attachment":"scroll","background-type":"","background-media":"","overlay-type":"","overlay-color":"","overlay-opacity":"","overlay-gradient":""},"tablet":{"background-color":"","background-image":"","background-repeat":"repeat","background-position":"center center","background-size":"auto","background-attachment":"scroll","background-type":"","background-media":"","overlay-type":"","overlay-color":"","overlay-opacity":"","overlay-gradient":""},"mobile":{"background-color":"","background-image":"","background-repeat":"repeat","background-position":"center center","background-size":"auto","background-attachment":"scroll","background-type":"","background-media":"","overlay-type":"","overlay-color":"","overlay-opacity":"","overlay-gradient":""}},"ast-content-background-meta":{"desktop":{"background-color":"var(--ast-global-color-5)","background-image":"","background-repeat":"repeat","background-position":"center center","background-size":"auto","background-attachment":"scroll","background-type":"","background-media":"","overlay-type":"","overlay-color":"","overlay-opacity":"","overlay-gradient":""},"tablet":{"background-color":"var(--ast-global-color-5)","background-image":"","background-repeat":"repeat","background-position":"center center","background-size":"auto","background-attachment":"scroll","background-type":"","background-media":"","overlay-type":"","overlay-color":"","overlay-opacity":"","overlay-gradient":""},"mobile":{"background-color":"var(--ast-global-color-5)","background-image":"","background-repeat":"repeat","background-position":"center center","background-size":"auto","background-attachment":"scroll","background-type":"","background-media":"","overlay-type":"","overlay-color":"","overlay-opacity":"","overlay-gradient":""}},"footnotes":""},"categories":[1023,1044,1194,347,351],"tags":[],"class_list":["post-28385","post","type-post","status-publish","format-standard","has-post-thumbnail","hentry","category-cicles-formatius-i-pfi","category-erasmus_plus","category-erasmus_plus_fp","category-general","category-portada"],"post_mailing_queue_ids":[],"_links":{"self":[{"href":"https:\/\/agora.xtec.cat\/iesmarti-i-pol\/wp-json\/wp\/v2\/posts\/28385","targetHints":{"allow":["GET"]}}],"collection":[{"href":"https:\/\/agora.xtec.cat\/iesmarti-i-pol\/wp-json\/wp\/v2\/posts"}],"about":[{"href":"https:\/\/agora.xtec.cat\/iesmarti-i-pol\/wp-json\/wp\/v2\/types\/post"}],"author":[{"embeddable":true,"href":"https:\/\/agora.xtec.cat\/iesmarti-i-pol\/wp-json\/wp\/v2\/users\/82"}],"replies":[{"embeddable":true,"href":"https:\/\/agora.xtec.cat\/iesmarti-i-pol\/wp-json\/wp\/v2\/comments?post=28385"}],"version-history":[{"count":6,"href":"https:\/\/agora.xtec.cat\/iesmarti-i-pol\/wp-json\/wp\/v2\/posts\/28385\/revisions"}],"predecessor-version":[{"id":28400,"href":"https:\/\/agora.xtec.cat\/iesmarti-i-pol\/wp-json\/wp\/v2\/posts\/28385\/revisions\/28400"}],"wp:featuredmedia":[{"embeddable":true,"href":"https:\/\/agora.xtec.cat\/iesmarti-i-pol\/wp-json\/wp\/v2\/media\/28389"}],"wp:attachment":[{"href":"https:\/\/agora.xtec.cat\/iesmarti-i-pol\/wp-json\/wp\/v2\/media?parent=28385"}],"wp:term":[{"taxonomy":"category","embeddable":true,"href":"https:\/\/agora.xtec.cat\/iesmarti-i-pol\/wp-json\/wp\/v2\/categories?post=28385"},{"taxonomy":"post_tag","embeddable":true,"href":"https:\/\/agora.xtec.cat\/iesmarti-i-pol\/wp-json\/wp\/v2\/tags?post=28385"}],"curies":[{"name":"wp","href":"https:\/\/api.w.org\/{rel}","templated":true}]}}