{"id":28279,"date":"2025-09-28T17:29:49","date_gmt":"2025-09-28T15:29:49","guid":{"rendered":"https:\/\/agora.xtec.cat\/iesmarti-i-pol\/?p=28279"},"modified":"2025-09-28T17:33:32","modified_gmt":"2025-09-28T15:33:32","slug":"treballant-la-pau","status":"publish","type":"post","link":"https:\/\/agora.xtec.cat\/iesmarti-i-pol\/general\/treballant-la-pau\/","title":{"rendered":"Treballant la pau"},"content":{"rendered":"<div>El passat dijous dia 18 de setembre el professorat i personal del centre ens vam adherir a l&#8217;aturada per Palestina. A les dotze del mat\u00ed, vam aturar les classes per conscienciar-nos sobre les v\u00edctimes a Gaza, i, en especial, de tots els infants i adolescents que no han pogut tornar a les escoles i instituts perqu\u00e8 estan morts. Al pati, els vam recordar amb els seus noms.<\/div>\n<div><\/div>\n<div><\/div>\n<div>Com a docents, continuarem treballant la cultura de la pau i treballant les injust\u00edcies al m\u00f3n. Ens unim a <strong>#DimartsAmbPalestina<\/strong> per visibilitzar tot aquest patiment i dir prou al <a href=\"https:\/\/news.un.org\/es\/story\/2025\/09\/1540443\">genocidi palest\u00ed.<\/a><\/div>\n<div><\/div>\n<div>\n<table style=\"border-collapse: collapse; width: 100%;\">\n<tbody>\n<tr>\n<td style=\"width: 33.3333%;\"><a href=\"https:\/\/agora.xtec.cat\/iesmarti-i-pol\/wp-content\/uploads\/usu1292\/2025\/09\/WhatsApp-Image-2025-09-24-at-09.06.382.jpeg\"><img loading=\"lazy\" decoding=\"async\" class=\"alignnone size-medium wp-image-28280\" src=\"https:\/\/agora.xtec.cat\/iesmarti-i-pol\/wp-content\/uploads\/usu1292\/2025\/09\/WhatsApp-Image-2025-09-24-at-09.06.382-300x225.jpeg\" alt=\"\" width=\"300\" height=\"225\" srcset=\"https:\/\/agora.xtec.cat\/iesmarti-i-pol\/wp-content\/uploads\/usu1292\/2025\/09\/WhatsApp-Image-2025-09-24-at-09.06.382-300x225.jpeg 300w, https:\/\/agora.xtec.cat\/iesmarti-i-pol\/wp-content\/uploads\/usu1292\/2025\/09\/WhatsApp-Image-2025-09-24-at-09.06.382-1024x768.jpeg 1024w, https:\/\/agora.xtec.cat\/iesmarti-i-pol\/wp-content\/uploads\/usu1292\/2025\/09\/WhatsApp-Image-2025-09-24-at-09.06.382-768x576.jpeg 768w, https:\/\/agora.xtec.cat\/iesmarti-i-pol\/wp-content\/uploads\/usu1292\/2025\/09\/WhatsApp-Image-2025-09-24-at-09.06.382-1536x1152.jpeg 1536w, https:\/\/agora.xtec.cat\/iesmarti-i-pol\/wp-content\/uploads\/usu1292\/2025\/09\/WhatsApp-Image-2025-09-24-at-09.06.382.jpeg 1600w\" sizes=\"auto, (max-width: 300px) 100vw, 300px\" \/><\/a><\/td>\n<td style=\"width: 33.3333%;\"><a href=\"https:\/\/agora.xtec.cat\/iesmarti-i-pol\/wp-content\/uploads\/usu1292\/2025\/09\/WhatsApp-Image-2025-09-24-at-09.06.381.jpeg\"><img loading=\"lazy\" decoding=\"async\" class=\"alignnone size-medium wp-image-28281\" src=\"https:\/\/agora.xtec.cat\/iesmarti-i-pol\/wp-content\/uploads\/usu1292\/2025\/09\/WhatsApp-Image-2025-09-24-at-09.06.381-300x225.jpeg\" alt=\"\" width=\"300\" height=\"225\" srcset=\"https:\/\/agora.xtec.cat\/iesmarti-i-pol\/wp-content\/uploads\/usu1292\/2025\/09\/WhatsApp-Image-2025-09-24-at-09.06.381-300x225.jpeg 300w, https:\/\/agora.xtec.cat\/iesmarti-i-pol\/wp-content\/uploads\/usu1292\/2025\/09\/WhatsApp-Image-2025-09-24-at-09.06.381-1024x768.jpeg 1024w, https:\/\/agora.xtec.cat\/iesmarti-i-pol\/wp-content\/uploads\/usu1292\/2025\/09\/WhatsApp-Image-2025-09-24-at-09.06.381-768x576.jpeg 768w, https:\/\/agora.xtec.cat\/iesmarti-i-pol\/wp-content\/uploads\/usu1292\/2025\/09\/WhatsApp-Image-2025-09-24-at-09.06.381-1536x1152.jpeg 1536w, https:\/\/agora.xtec.cat\/iesmarti-i-pol\/wp-content\/uploads\/usu1292\/2025\/09\/WhatsApp-Image-2025-09-24-at-09.06.381.jpeg 1600w\" sizes=\"auto, (max-width: 300px) 100vw, 300px\" \/><\/a><\/td>\n<td style=\"width: 33.3333%;\"><a href=\"https:\/\/agora.xtec.cat\/iesmarti-i-pol\/wp-content\/uploads\/usu1292\/2025\/09\/WhatsApp-Image-2025-09-24-at-09.06.37.jpeg\"><img loading=\"lazy\" decoding=\"async\" class=\"alignnone size-medium wp-image-28284\" src=\"https:\/\/agora.xtec.cat\/iesmarti-i-pol\/wp-content\/uploads\/usu1292\/2025\/09\/WhatsApp-Image-2025-09-24-at-09.06.37-300x225.jpeg\" alt=\"\" width=\"300\" height=\"225\" srcset=\"https:\/\/agora.xtec.cat\/iesmarti-i-pol\/wp-content\/uploads\/usu1292\/2025\/09\/WhatsApp-Image-2025-09-24-at-09.06.37-300x225.jpeg 300w, https:\/\/agora.xtec.cat\/iesmarti-i-pol\/wp-content\/uploads\/usu1292\/2025\/09\/WhatsApp-Image-2025-09-24-at-09.06.37-1024x768.jpeg 1024w, https:\/\/agora.xtec.cat\/iesmarti-i-pol\/wp-content\/uploads\/usu1292\/2025\/09\/WhatsApp-Image-2025-09-24-at-09.06.37-768x576.jpeg 768w, https:\/\/agora.xtec.cat\/iesmarti-i-pol\/wp-content\/uploads\/usu1292\/2025\/09\/WhatsApp-Image-2025-09-24-at-09.06.37-1536x1152.jpeg 1536w, https:\/\/agora.xtec.cat\/iesmarti-i-pol\/wp-content\/uploads\/usu1292\/2025\/09\/WhatsApp-Image-2025-09-24-at-09.06.37.jpeg 1600w\" sizes=\"auto, (max-width: 300px) 100vw, 300px\" \/><\/a><\/td>\n<\/tr>\n<tr>\n<td style=\"width: 33.3333%;\"><a href=\"https:\/\/agora.xtec.cat\/iesmarti-i-pol\/wp-content\/uploads\/usu1292\/2025\/09\/WhatsApp-Image-2025-09-24-at-09.04.13.jpeg\"><img loading=\"lazy\" decoding=\"async\" class=\"alignnone size-medium wp-image-28286\" src=\"https:\/\/agora.xtec.cat\/iesmarti-i-pol\/wp-content\/uploads\/usu1292\/2025\/09\/WhatsApp-Image-2025-09-24-at-09.04.13-225x300.jpeg\" alt=\"\" width=\"225\" height=\"300\" srcset=\"https:\/\/agora.xtec.cat\/iesmarti-i-pol\/wp-content\/uploads\/usu1292\/2025\/09\/WhatsApp-Image-2025-09-24-at-09.04.13-225x300.jpeg 225w, https:\/\/agora.xtec.cat\/iesmarti-i-pol\/wp-content\/uploads\/usu1292\/2025\/09\/WhatsApp-Image-2025-09-24-at-09.04.13-768x1024.jpeg 768w, https:\/\/agora.xtec.cat\/iesmarti-i-pol\/wp-content\/uploads\/usu1292\/2025\/09\/WhatsApp-Image-2025-09-24-at-09.04.13-1152x1536.jpeg 1152w, https:\/\/agora.xtec.cat\/iesmarti-i-pol\/wp-content\/uploads\/usu1292\/2025\/09\/WhatsApp-Image-2025-09-24-at-09.04.13.jpeg 1200w\" sizes=\"auto, (max-width: 225px) 100vw, 225px\" \/><\/a><\/td>\n<td style=\"width: 33.3333%;\"><a href=\"https:\/\/agora.xtec.cat\/iesmarti-i-pol\/wp-content\/uploads\/usu1292\/2025\/09\/WhatsApp-Image-2025-09-24-at-09.04.131.jpeg\"><img loading=\"lazy\" decoding=\"async\" class=\"alignnone size-medium wp-image-28285\" src=\"https:\/\/agora.xtec.cat\/iesmarti-i-pol\/wp-content\/uploads\/usu1292\/2025\/09\/WhatsApp-Image-2025-09-24-at-09.04.131-300x225.jpeg\" alt=\"\" width=\"300\" height=\"225\" srcset=\"https:\/\/agora.xtec.cat\/iesmarti-i-pol\/wp-content\/uploads\/usu1292\/2025\/09\/WhatsApp-Image-2025-09-24-at-09.04.131-300x225.jpeg 300w, https:\/\/agora.xtec.cat\/iesmarti-i-pol\/wp-content\/uploads\/usu1292\/2025\/09\/WhatsApp-Image-2025-09-24-at-09.04.131-1024x768.jpeg 1024w, https:\/\/agora.xtec.cat\/iesmarti-i-pol\/wp-content\/uploads\/usu1292\/2025\/09\/WhatsApp-Image-2025-09-24-at-09.04.131-768x576.jpeg 768w, https:\/\/agora.xtec.cat\/iesmarti-i-pol\/wp-content\/uploads\/usu1292\/2025\/09\/WhatsApp-Image-2025-09-24-at-09.04.131-1536x1152.jpeg 1536w, https:\/\/agora.xtec.cat\/iesmarti-i-pol\/wp-content\/uploads\/usu1292\/2025\/09\/WhatsApp-Image-2025-09-24-at-09.04.131.jpeg 1600w\" sizes=\"auto, (max-width: 300px) 100vw, 300px\" \/><\/a><\/td>\n<td style=\"width: 33.3333%;\"><a href=\"https:\/\/agora.xtec.cat\/iesmarti-i-pol\/wp-content\/uploads\/usu1292\/2025\/09\/WhatsApp-Image-2025-09-24-at-09.06.371.jpeg\"><img loading=\"lazy\" decoding=\"async\" class=\"alignnone size-medium wp-image-28283\" src=\"https:\/\/agora.xtec.cat\/iesmarti-i-pol\/wp-content\/uploads\/usu1292\/2025\/09\/WhatsApp-Image-2025-09-24-at-09.06.371-300x225.jpeg\" alt=\"\" width=\"300\" height=\"225\" srcset=\"https:\/\/agora.xtec.cat\/iesmarti-i-pol\/wp-content\/uploads\/usu1292\/2025\/09\/WhatsApp-Image-2025-09-24-at-09.06.371-300x225.jpeg 300w, https:\/\/agora.xtec.cat\/iesmarti-i-pol\/wp-content\/uploads\/usu1292\/2025\/09\/WhatsApp-Image-2025-09-24-at-09.06.371-1024x768.jpeg 1024w, https:\/\/agora.xtec.cat\/iesmarti-i-pol\/wp-content\/uploads\/usu1292\/2025\/09\/WhatsApp-Image-2025-09-24-at-09.06.371-768x576.jpeg 768w, https:\/\/agora.xtec.cat\/iesmarti-i-pol\/wp-content\/uploads\/usu1292\/2025\/09\/WhatsApp-Image-2025-09-24-at-09.06.371-1536x1152.jpeg 1536w, https:\/\/agora.xtec.cat\/iesmarti-i-pol\/wp-content\/uploads\/usu1292\/2025\/09\/WhatsApp-Image-2025-09-24-at-09.06.371.jpeg 1600w\" sizes=\"auto, (max-width: 300px) 100vw, 300px\" \/><\/a><\/td>\n<\/tr>\n<tr>\n<td style=\"width: 33.3333%;\"><\/td>\n<td style=\"width: 33.3333%;\"><\/td>\n<td style=\"width: 33.3333%;\"><\/td>\n<\/tr>\n<\/tbody>\n<\/table>\n<\/div>\n<div><\/div>\n","protected":false},"excerpt":{"rendered":"<p>El passat dijous dia 18 de setembre el professorat i personal del centre ens vam adherir a l&#8217;aturada per Palestina. A les dotze del mat\u00ed, vam aturar les classes per conscienciar-nos sobre les v\u00edctimes a Gaza, i, en especial, de tots els infants i adolescents que no han pogut tornar a les escoles i instituts [&hellip;]<\/p>\n","protected":false},"author":1,"featured_media":28285,"comment_status":"open","ping_status":"open","sticky":false,"template":"","format":"standard","meta":{"_bbp_topic_count":0,"_bbp_reply_count":0,"_bbp_total_topic_count":0,"_bbp_total_reply_count":0,"_bbp_voice_count":0,"_bbp_anonymous_reply_count":0,"_bbp_topic_count_hidden":0,"_bbp_reply_count_hidden":0,"_bbp_forum_subforum_count":0,"site-sidebar-layout":"default","site-content-layout":"","ast-site-content-layout":"default","site-content-style":"default","site-sidebar-style":"default","ast-global-header-display":"","ast-banner-title-visibility":"","ast-main-header-display":"","ast-hfb-above-header-display":"","ast-hfb-below-header-display":"","ast-hfb-mobile-header-display":"","site-post-title":"","ast-breadcrumbs-content":"","ast-featured-img":"","footer-sml-layout":"","theme-transparent-header-meta":"default","adv-header-id-meta":"","stick-header-meta":"","header-above-stick-meta":"","header-main-stick-meta":"","header-below-stick-meta":"","astra-migrate-meta-layouts":"set","ast-page-background-enabled":"default","ast-page-background-meta":{"desktop":{"background-color":"var(--ast-global-color-4)","background-image":"","background-repeat":"repeat","background-position":"center center","background-size":"auto","background-attachment":"scroll","background-type":"","background-media":"","overlay-type":"","overlay-color":"","overlay-opacity":"","overlay-gradient":""},"tablet":{"background-color":"","background-image":"","background-repeat":"repeat","background-position":"center center","background-size":"auto","background-attachment":"scroll","background-type":"","background-media":"","overlay-type":"","overlay-color":"","overlay-opacity":"","overlay-gradient":""},"mobile":{"background-color":"","background-image":"","background-repeat":"repeat","background-position":"center center","background-size":"auto","background-attachment":"scroll","background-type":"","background-media":"","overlay-type":"","overlay-color":"","overlay-opacity":"","overlay-gradient":""}},"ast-content-background-meta":{"desktop":{"background-color":"var(--ast-global-color-5)","background-image":"","background-repeat":"repeat","background-position":"center center","background-size":"auto","background-attachment":"scroll","background-type":"","background-media":"","overlay-type":"","overlay-color":"","overlay-opacity":"","overlay-gradient":""},"tablet":{"background-color":"var(--ast-global-color-5)","background-image":"","background-repeat":"repeat","background-position":"center center","background-size":"auto","background-attachment":"scroll","background-type":"","background-media":"","overlay-type":"","overlay-color":"","overlay-opacity":"","overlay-gradient":""},"mobile":{"background-color":"var(--ast-global-color-5)","background-image":"","background-repeat":"repeat","background-position":"center center","background-size":"auto","background-attachment":"scroll","background-type":"","background-media":"","overlay-type":"","overlay-color":"","overlay-opacity":"","overlay-gradient":""}},"footnotes":""},"categories":[1191,347,351],"tags":[],"class_list":["post-28279","post","type-post","status-publish","format-standard","has-post-thumbnail","hentry","category-activitats-del-curs-2025-26","category-general","category-portada"],"post_mailing_queue_ids":[],"_links":{"self":[{"href":"https:\/\/agora.xtec.cat\/iesmarti-i-pol\/wp-json\/wp\/v2\/posts\/28279","targetHints":{"allow":["GET"]}}],"collection":[{"href":"https:\/\/agora.xtec.cat\/iesmarti-i-pol\/wp-json\/wp\/v2\/posts"}],"about":[{"href":"https:\/\/agora.xtec.cat\/iesmarti-i-pol\/wp-json\/wp\/v2\/types\/post"}],"author":[{"embeddable":true,"href":"https:\/\/agora.xtec.cat\/iesmarti-i-pol\/wp-json\/wp\/v2\/users\/1"}],"replies":[{"embeddable":true,"href":"https:\/\/agora.xtec.cat\/iesmarti-i-pol\/wp-json\/wp\/v2\/comments?post=28279"}],"version-history":[{"count":2,"href":"https:\/\/agora.xtec.cat\/iesmarti-i-pol\/wp-json\/wp\/v2\/posts\/28279\/revisions"}],"predecessor-version":[{"id":28288,"href":"https:\/\/agora.xtec.cat\/iesmarti-i-pol\/wp-json\/wp\/v2\/posts\/28279\/revisions\/28288"}],"wp:featuredmedia":[{"embeddable":true,"href":"https:\/\/agora.xtec.cat\/iesmarti-i-pol\/wp-json\/wp\/v2\/media\/28285"}],"wp:attachment":[{"href":"https:\/\/agora.xtec.cat\/iesmarti-i-pol\/wp-json\/wp\/v2\/media?parent=28279"}],"wp:term":[{"taxonomy":"category","embeddable":true,"href":"https:\/\/agora.xtec.cat\/iesmarti-i-pol\/wp-json\/wp\/v2\/categories?post=28279"},{"taxonomy":"post_tag","embeddable":true,"href":"https:\/\/agora.xtec.cat\/iesmarti-i-pol\/wp-json\/wp\/v2\/tags?post=28279"}],"curies":[{"name":"wp","href":"https:\/\/api.w.org\/{rel}","templated":true}]}}