{"id":27715,"date":"2025-05-26T18:38:56","date_gmt":"2025-05-26T16:38:56","guid":{"rendered":"https:\/\/agora.xtec.cat\/iesmarti-i-pol\/?p=27715"},"modified":"2025-05-26T18:38:56","modified_gmt":"2025-05-26T16:38:56","slug":"mural-lgtbiq","status":"publish","type":"post","link":"https:\/\/agora.xtec.cat\/iesmarti-i-pol\/general\/mural-lgtbiq\/","title":{"rendered":"MURAL LGTBIQ+"},"content":{"rendered":"<p>Arriba el mes de l&#8217;orgull, i des de l&#8217;assignatura de problem\u00e0tiques socials hem decidit fer uns tallers. El nostre grup est\u00e0 format per l\u2019Asmaa, la Melany i l\u2019Aina hem decidit fer un mural sobre el col\u00b7lectiu LGTBIQ+.<\/p>\n<p>El nostre objectiu no \u00e9s nom\u00e9s participar, sin\u00f3 que volem tenir un impacte i que la gent de l\u2019institut comenci a normalitzar parlar d\u2019aquest tema sense por i sense vergonya.<\/p>\n<p>Tamb\u00e9 volem aconseguir la visibilitzaci\u00f3 d\u2019aquest tema i que deixi de ser un tema tab\u00fa, ja que creiem que \u00e9s necessari parlar del tema perqu\u00e8 l&#8217;homof\u00f2bia, comenci a desapar\u00e8ixer i la gent comenci a respectar als altres sense tenir en compte com se sentin o a la persona a la que estimen.<\/p>\n<p>L\u2019impacte que volem tenir amb el nostre mural, \u00e9s que la gent s&#8217;adoni del problema que causa l&#8217;homof\u00f2bia i com acaba amb les vides de les persones.<\/p>\n<p>Hem decidit col\u00b7locar el mural dintre l\u2019armari, perqu\u00e8 la gent no tingui por ni vergonya de dir com se sent, i per denunciar que cap persona hauria d\u2019estar amagada per por.<\/p>\n<p>Moltes vegades veiem el tema LGTBIQ+ com un tema molt lluny\u00e0 i no ens preocupem per qu\u00e8 \u00e9s un tema que no ens afecta a nosaltres directament.\u00a0 Per\u00f2 no \u00e9s la realitat, ja que potser a tu no t\u2019atacaran, per\u00f2 mai se sap si alg\u00fa de la teva fam\u00edlia o als teus amics ser\u00e0 agredit pel simple fet de pert\u00e0nyer al col\u00b7lectiu.<\/p>\n<p>Per qu\u00e8 hem de tenir por a mostrar com som? Per qu\u00e8 hem de tenir por a mostrar a qui estimem? Per qu\u00e8 tenim por a sortir amb roba que\u201dno sigui del nostre g\u00e8nere\u201d?\u00a0 Per qu\u00e8 hem de tenir por de trencar els estereotips?<\/p>\n<p>Milers de persones moren cada any pel simple fet de mostrar el seu amor i voler ser feli\u00e7. Milers de persones s\u00f3n agredides a plena llum del dia. Milers de nens i nenes tenen por de dir a qui estimen. Surt a les not\u00edcies i es parla del tema, per\u00f2 quan acabarem amb tot aix\u00f2?<\/p>\n<p>Tots i totes mereixem ser tractats amb respecte i amb amor, i aix\u00f2 nom\u00e9s es pot canviar a partir de l\u2019educaci\u00f3.<\/p>\n<p>Recorda que en aquest institut hi haur\u00e0 persones que et donaran suport i et respectaran.<\/p>\n<table style=\"border-collapse: collapse; width: 100%;\">\n<tbody>\n<tr>\n<td style=\"width: 33.3333%;\"><a href=\"https:\/\/agora.xtec.cat\/iesmarti-i-pol\/wp-content\/uploads\/usu1292\/2025\/05\/ddd-scaled.jpg\"><img loading=\"lazy\" decoding=\"async\" class=\"alignnone size-medium wp-image-27717\" src=\"https:\/\/agora.xtec.cat\/iesmarti-i-pol\/wp-content\/uploads\/usu1292\/2025\/05\/ddd-225x300.jpg\" alt=\"\" width=\"225\" height=\"300\" srcset=\"https:\/\/agora.xtec.cat\/iesmarti-i-pol\/wp-content\/uploads\/usu1292\/2025\/05\/ddd-225x300.jpg 225w, https:\/\/agora.xtec.cat\/iesmarti-i-pol\/wp-content\/uploads\/usu1292\/2025\/05\/ddd-768x1024.jpg 768w, https:\/\/agora.xtec.cat\/iesmarti-i-pol\/wp-content\/uploads\/usu1292\/2025\/05\/ddd-1152x1536.jpg 1152w, https:\/\/agora.xtec.cat\/iesmarti-i-pol\/wp-content\/uploads\/usu1292\/2025\/05\/ddd-1536x2048.jpg 1536w, https:\/\/agora.xtec.cat\/iesmarti-i-pol\/wp-content\/uploads\/usu1292\/2025\/05\/ddd-scaled.jpg 1920w\" sizes=\"auto, (max-width: 225px) 100vw, 225px\" \/><\/a><\/td>\n<td style=\"width: 33.3333%;\"><a href=\"https:\/\/agora.xtec.cat\/iesmarti-i-pol\/wp-content\/uploads\/usu1292\/2025\/05\/20250522_143440f-scaled.jpg\"><img loading=\"lazy\" decoding=\"async\" class=\"alignnone size-medium wp-image-27716\" src=\"https:\/\/agora.xtec.cat\/iesmarti-i-pol\/wp-content\/uploads\/usu1292\/2025\/05\/20250522_143440f-225x300.jpg\" alt=\"\" width=\"225\" height=\"300\" srcset=\"https:\/\/agora.xtec.cat\/iesmarti-i-pol\/wp-content\/uploads\/usu1292\/2025\/05\/20250522_143440f-225x300.jpg 225w, https:\/\/agora.xtec.cat\/iesmarti-i-pol\/wp-content\/uploads\/usu1292\/2025\/05\/20250522_143440f-768x1024.jpg 768w, https:\/\/agora.xtec.cat\/iesmarti-i-pol\/wp-content\/uploads\/usu1292\/2025\/05\/20250522_143440f-1152x1536.jpg 1152w, https:\/\/agora.xtec.cat\/iesmarti-i-pol\/wp-content\/uploads\/usu1292\/2025\/05\/20250522_143440f-1536x2048.jpg 1536w, https:\/\/agora.xtec.cat\/iesmarti-i-pol\/wp-content\/uploads\/usu1292\/2025\/05\/20250522_143440f-scaled.jpg 1920w\" sizes=\"auto, (max-width: 225px) 100vw, 225px\" \/><\/a><\/td>\n<td style=\"width: 33.3333%;\"><a href=\"https:\/\/agora.xtec.cat\/iesmarti-i-pol\/wp-content\/uploads\/usu1292\/2025\/05\/20250430_104816d-scaled.jpg\"><img loading=\"lazy\" decoding=\"async\" class=\"alignnone size-medium wp-image-27718\" src=\"https:\/\/agora.xtec.cat\/iesmarti-i-pol\/wp-content\/uploads\/usu1292\/2025\/05\/20250430_104816d-225x300.jpg\" alt=\"\" width=\"225\" height=\"300\" srcset=\"https:\/\/agora.xtec.cat\/iesmarti-i-pol\/wp-content\/uploads\/usu1292\/2025\/05\/20250430_104816d-225x300.jpg 225w, https:\/\/agora.xtec.cat\/iesmarti-i-pol\/wp-content\/uploads\/usu1292\/2025\/05\/20250430_104816d-768x1024.jpg 768w, https:\/\/agora.xtec.cat\/iesmarti-i-pol\/wp-content\/uploads\/usu1292\/2025\/05\/20250430_104816d-1152x1536.jpg 1152w, https:\/\/agora.xtec.cat\/iesmarti-i-pol\/wp-content\/uploads\/usu1292\/2025\/05\/20250430_104816d-1536x2048.jpg 1536w, https:\/\/agora.xtec.cat\/iesmarti-i-pol\/wp-content\/uploads\/usu1292\/2025\/05\/20250430_104816d-scaled.jpg 1920w\" sizes=\"auto, (max-width: 225px) 100vw, 225px\" \/><\/a><\/td>\n<\/tr>\n<\/tbody>\n<\/table>\n","protected":false},"excerpt":{"rendered":"<p>Mural LGTBIQ+ des de Problem\u00e0tiques socials.<\/p>\n","protected":false},"author":1,"featured_media":27716,"comment_status":"open","ping_status":"closed","sticky":false,"template":"","format":"standard","meta":{"_bbp_topic_count":0,"_bbp_reply_count":0,"_bbp_total_topic_count":0,"_bbp_total_reply_count":0,"_bbp_voice_count":0,"_bbp_anonymous_reply_count":0,"_bbp_topic_count_hidden":0,"_bbp_reply_count_hidden":0,"_bbp_forum_subforum_count":0,"site-sidebar-layout":"default","site-content-layout":"","ast-site-content-layout":"default","site-content-style":"default","site-sidebar-style":"default","ast-global-header-display":"","ast-banner-title-visibility":"","ast-main-header-display":"","ast-hfb-above-header-display":"","ast-hfb-below-header-display":"","ast-hfb-mobile-header-display":"","site-post-title":"","ast-breadcrumbs-content":"","ast-featured-img":"","footer-sml-layout":"","theme-transparent-header-meta":"default","adv-header-id-meta":"","stick-header-meta":"","header-above-stick-meta":"","header-main-stick-meta":"","header-below-stick-meta":"","astra-migrate-meta-layouts":"set","ast-page-background-enabled":"default","ast-page-background-meta":{"desktop":{"background-color":"var(--ast-global-color-4)","background-image":"","background-repeat":"repeat","background-position":"center center","background-size":"auto","background-attachment":"scroll","background-type":"","background-media":"","overlay-type":"","overlay-color":"","overlay-opacity":"","overlay-gradient":""},"tablet":{"background-color":"","background-image":"","background-repeat":"repeat","background-position":"center center","background-size":"auto","background-attachment":"scroll","background-type":"","background-media":"","overlay-type":"","overlay-color":"","overlay-opacity":"","overlay-gradient":""},"mobile":{"background-color":"","background-image":"","background-repeat":"repeat","background-position":"center center","background-size":"auto","background-attachment":"scroll","background-type":"","background-media":"","overlay-type":"","overlay-color":"","overlay-opacity":"","overlay-gradient":""}},"ast-content-background-meta":{"desktop":{"background-color":"var(--ast-global-color-5)","background-image":"","background-repeat":"repeat","background-position":"center center","background-size":"auto","background-attachment":"scroll","background-type":"","background-media":"","overlay-type":"","overlay-color":"","overlay-opacity":"","overlay-gradient":""},"tablet":{"background-color":"var(--ast-global-color-5)","background-image":"","background-repeat":"repeat","background-position":"center center","background-size":"auto","background-attachment":"scroll","background-type":"","background-media":"","overlay-type":"","overlay-color":"","overlay-opacity":"","overlay-gradient":""},"mobile":{"background-color":"var(--ast-global-color-5)","background-image":"","background-repeat":"repeat","background-position":"center center","background-size":"auto","background-attachment":"scroll","background-type":"","background-media":"","overlay-type":"","overlay-color":"","overlay-opacity":"","overlay-gradient":""}},"footnotes":""},"categories":[1171,607,1121,347,351],"tags":[],"class_list":["post-27715","post","type-post","status-publish","format-standard","has-post-thumbnail","hentry","category-activitats-del-curs-2024-2025","category-batxillerat-ca","category-comissio-genere","category-general","category-portada"],"post_mailing_queue_ids":[],"_links":{"self":[{"href":"https:\/\/agora.xtec.cat\/iesmarti-i-pol\/wp-json\/wp\/v2\/posts\/27715","targetHints":{"allow":["GET"]}}],"collection":[{"href":"https:\/\/agora.xtec.cat\/iesmarti-i-pol\/wp-json\/wp\/v2\/posts"}],"about":[{"href":"https:\/\/agora.xtec.cat\/iesmarti-i-pol\/wp-json\/wp\/v2\/types\/post"}],"author":[{"embeddable":true,"href":"https:\/\/agora.xtec.cat\/iesmarti-i-pol\/wp-json\/wp\/v2\/users\/1"}],"replies":[{"embeddable":true,"href":"https:\/\/agora.xtec.cat\/iesmarti-i-pol\/wp-json\/wp\/v2\/comments?post=27715"}],"version-history":[{"count":1,"href":"https:\/\/agora.xtec.cat\/iesmarti-i-pol\/wp-json\/wp\/v2\/posts\/27715\/revisions"}],"predecessor-version":[{"id":27719,"href":"https:\/\/agora.xtec.cat\/iesmarti-i-pol\/wp-json\/wp\/v2\/posts\/27715\/revisions\/27719"}],"wp:featuredmedia":[{"embeddable":true,"href":"https:\/\/agora.xtec.cat\/iesmarti-i-pol\/wp-json\/wp\/v2\/media\/27716"}],"wp:attachment":[{"href":"https:\/\/agora.xtec.cat\/iesmarti-i-pol\/wp-json\/wp\/v2\/media?parent=27715"}],"wp:term":[{"taxonomy":"category","embeddable":true,"href":"https:\/\/agora.xtec.cat\/iesmarti-i-pol\/wp-json\/wp\/v2\/categories?post=27715"},{"taxonomy":"post_tag","embeddable":true,"href":"https:\/\/agora.xtec.cat\/iesmarti-i-pol\/wp-json\/wp\/v2\/tags?post=27715"}],"curies":[{"name":"wp","href":"https:\/\/api.w.org\/{rel}","templated":true}]}}