{"id":27078,"date":"2025-02-27T14:36:07","date_gmt":"2025-02-27T13:36:07","guid":{"rendered":"https:\/\/agora.xtec.cat\/iesmarti-i-pol\/?p=27078"},"modified":"2025-02-27T14:36:20","modified_gmt":"2025-02-27T13:36:20","slug":"oferta-laboral-electra-farras-s-l","status":"publish","type":"post","link":"https:\/\/agora.xtec.cat\/iesmarti-i-pol\/borsa-treball\/oferta-laboral-electra-farras-s-l\/","title":{"rendered":"Oferta laboral: ELECTRA FARR\u00c0S S.L."},"content":{"rendered":"<p>Lola Sim\u00f3n<br \/>\nAdministraci\u00f3n<\/p>\n<p>ELECTRA FARR\u00c0S S.L.<br \/>\nC\/Raurell 21-29, Nau 6. Pol Ind.\u00a0Cam\u00ed Ral. 08860 Castelldefels.<br \/>\nBarcelona<br \/>\nTel. 93 658 20 89 \/\u00a093 645 27 61<br \/>\nFax. 93 647 20 70<br \/>\nlola@electrafarras.com<br \/>\nwww.electrafarras.com<\/p>\n<p>Somos una empresa de la zona que nos dedicamos al sector industrial, mantenimiento e instalaciones el\u00e9ctricas industriales y automatizaci\u00f3n de<br \/>\nprocesos.<\/p>\n<p>El puesto ser\u00eda para \u201cT\u00e9cnico de mantenimiento electromec\u00e1nico\u201d, \u00a0para alumnos de grado medio de instalaciones el\u00e9ctricas, desarrollando trabajos de:<\/p>\n<p>&#8211; Mantenimiento de instalaciones el\u00e9ctricas<br \/>\n&#8211; Montaje de cuadros el\u00e9ctricos<br \/>\n&#8211; Instalaciones el\u00e9ctricas de distribuci\u00f3n, potencia, maniobra y control<br \/>\n&#8211; Correcci\u00f3n de anomal\u00edas el\u00e9ctricas seg\u00fan R.E.B.T.<br \/>\n&#8211; Sistemas de automatizaci\u00f3n y control de procesos basados en aut\u00f3matas programables.<\/p>\n<p>Nuestro horario es de 7 a 15h de lunes a viernes.<br \/>\nNuestra sede est\u00e1 en Castelldefels, P.I. Cam\u00ed Ral, (aunque tambi\u00e9n trabajamos en empresas de \u00e1mbito provincial) por lo que estar\u00eda bien que los alumnos<br \/>\nsean de la zona.<\/p>\n<p>Podr\u00eda ser incorporaci\u00f3n inmediata si tienen contacto con sus exalumnos o bien acabado el curso en los actuales.<\/p>\n<p>Para nosotros es importante persona seria y responsable, puntual y de f\u00e1cil aprendizaje, ya que el puesto requiere continuidad, salvo que hubiera falta de adaptaci\u00f3n.<\/p>\n","protected":false},"excerpt":{"rendered":"<p>Lola Sim\u00f3n Administraci\u00f3n ELECTRA FARR\u00c0S S.L. C\/Raurell 21-29, Nau 6. Pol Ind.\u00a0Cam\u00ed Ral. 08860 Castelldefels. Barcelona Tel. 93 658 20 89 \/\u00a093 645 27 61 Fax. 93 647 20 70 lola@electrafarras.com www.electrafarras.com Somos una empresa de la zona que nos dedicamos al sector industrial, mantenimiento e instalaciones el\u00e9ctricas industriales y automatizaci\u00f3n de procesos. El puesto [&hellip;]<\/p>\n","protected":false},"author":1,"featured_media":0,"comment_status":"open","ping_status":"closed","sticky":false,"template":"","format":"standard","meta":{"_bbp_topic_count":0,"_bbp_reply_count":0,"_bbp_total_topic_count":0,"_bbp_total_reply_count":0,"_bbp_voice_count":0,"_bbp_anonymous_reply_count":0,"_bbp_topic_count_hidden":0,"_bbp_reply_count_hidden":0,"_bbp_forum_subforum_count":0,"site-sidebar-layout":"default","site-content-layout":"","ast-site-content-layout":"","site-content-style":"default","site-sidebar-style":"default","ast-global-header-display":"","ast-banner-title-visibility":"","ast-main-header-display":"","ast-hfb-above-header-display":"","ast-hfb-below-header-display":"","ast-hfb-mobile-header-display":"","site-post-title":"","ast-breadcrumbs-content":"","ast-featured-img":"","footer-sml-layout":"","theme-transparent-header-meta":"","adv-header-id-meta":"","stick-header-meta":"","header-above-stick-meta":"","header-main-stick-meta":"","header-below-stick-meta":"","astra-migrate-meta-layouts":"default","ast-page-background-enabled":"default","ast-page-background-meta":{"desktop":{"background-color":"var(--ast-global-color-4)","background-image":"","background-repeat":"repeat","background-position":"center center","background-size":"auto","background-attachment":"scroll","background-type":"","background-media":"","overlay-type":"","overlay-color":"","overlay-opacity":"","overlay-gradient":""},"tablet":{"background-color":"","background-image":"","background-repeat":"repeat","background-position":"center center","background-size":"auto","background-attachment":"scroll","background-type":"","background-media":"","overlay-type":"","overlay-color":"","overlay-opacity":"","overlay-gradient":""},"mobile":{"background-color":"","background-image":"","background-repeat":"repeat","background-position":"center center","background-size":"auto","background-attachment":"scroll","background-type":"","background-media":"","overlay-type":"","overlay-color":"","overlay-opacity":"","overlay-gradient":""}},"ast-content-background-meta":{"desktop":{"background-color":"var(--ast-global-color-5)","background-image":"","background-repeat":"repeat","background-position":"center center","background-size":"auto","background-attachment":"scroll","background-type":"","background-media":"","overlay-type":"","overlay-color":"","overlay-opacity":"","overlay-gradient":""},"tablet":{"background-color":"var(--ast-global-color-5)","background-image":"","background-repeat":"repeat","background-position":"center center","background-size":"auto","background-attachment":"scroll","background-type":"","background-media":"","overlay-type":"","overlay-color":"","overlay-opacity":"","overlay-gradient":""},"mobile":{"background-color":"var(--ast-global-color-5)","background-image":"","background-repeat":"repeat","background-position":"center center","background-size":"auto","background-attachment":"scroll","background-type":"","background-media":"","overlay-type":"","overlay-color":"","overlay-opacity":"","overlay-gradient":""}},"footnotes":""},"categories":[112,327],"tags":[],"class_list":["post-27078","post","type-post","status-publish","format-standard","hentry","category-borsa-treball","category-ofertes-de-la-familia-delectricitat-i-electronica"],"post_mailing_queue_ids":[],"_links":{"self":[{"href":"https:\/\/agora.xtec.cat\/iesmarti-i-pol\/wp-json\/wp\/v2\/posts\/27078","targetHints":{"allow":["GET"]}}],"collection":[{"href":"https:\/\/agora.xtec.cat\/iesmarti-i-pol\/wp-json\/wp\/v2\/posts"}],"about":[{"href":"https:\/\/agora.xtec.cat\/iesmarti-i-pol\/wp-json\/wp\/v2\/types\/post"}],"author":[{"embeddable":true,"href":"https:\/\/agora.xtec.cat\/iesmarti-i-pol\/wp-json\/wp\/v2\/users\/1"}],"replies":[{"embeddable":true,"href":"https:\/\/agora.xtec.cat\/iesmarti-i-pol\/wp-json\/wp\/v2\/comments?post=27078"}],"version-history":[{"count":2,"href":"https:\/\/agora.xtec.cat\/iesmarti-i-pol\/wp-json\/wp\/v2\/posts\/27078\/revisions"}],"predecessor-version":[{"id":27080,"href":"https:\/\/agora.xtec.cat\/iesmarti-i-pol\/wp-json\/wp\/v2\/posts\/27078\/revisions\/27080"}],"wp:attachment":[{"href":"https:\/\/agora.xtec.cat\/iesmarti-i-pol\/wp-json\/wp\/v2\/media?parent=27078"}],"wp:term":[{"taxonomy":"category","embeddable":true,"href":"https:\/\/agora.xtec.cat\/iesmarti-i-pol\/wp-json\/wp\/v2\/categories?post=27078"},{"taxonomy":"post_tag","embeddable":true,"href":"https:\/\/agora.xtec.cat\/iesmarti-i-pol\/wp-json\/wp\/v2\/tags?post=27078"}],"curies":[{"name":"wp","href":"https:\/\/api.w.org\/{rel}","templated":true}]}}