{"id":26800,"date":"2026-01-14T12:09:51","date_gmt":"2026-01-14T11:09:51","guid":{"rendered":"https:\/\/agora.xtec.cat\/iesmarti-i-pol\/?p=26800"},"modified":"2026-02-18T12:02:33","modified_gmt":"2026-02-18T11:02:33","slug":"proves-geso-2","status":"publish","type":"post","link":"https:\/\/agora.xtec.cat\/iesmarti-i-pol\/general\/proves-geso-2\/","title":{"rendered":"Proves GESO"},"content":{"rendered":"<h6 id=\"pageTitle\" class=\"ms-core-pageTitle\"><a href=\"https:\/\/agora.xtec.cat\/iesmarti-i-pol\/wp-content\/uploads\/usu1292\/2025\/01\/ara.png\"><img loading=\"lazy\" decoding=\"async\" class=\"wp-image-28625 alignnone\" src=\"https:\/\/agora.xtec.cat\/iesmarti-i-pol\/wp-content\/uploads\/usu1292\/2025\/01\/ara.png\" alt=\"\" width=\"171\" height=\"157\" srcset=\"https:\/\/agora.xtec.cat\/iesmarti-i-pol\/wp-content\/uploads\/usu1292\/2025\/01\/ara.png 360w, https:\/\/agora.xtec.cat\/iesmarti-i-pol\/wp-content\/uploads\/usu1292\/2025\/01\/ara-300x276.png 300w\" sizes=\"auto, (max-width: 171px) 100vw, 171px\" \/><\/a><\/h6>\n<p>&nbsp;<\/p>\n<h6 id=\"pageTitle\" class=\"ms-core-pageTitle\"><span id=\"DeltaPlaceHolderPageTitleInTitleArea\">Prova per obtenir el graduat en ESO\u00a0<\/span><\/h6>\n<p>Cada any es convoca la prova per a l&#8217;obtenci\u00f3 del t\u00edtol de graduat o graduada en educaci\u00f3 secund\u00e0ria obligat\u00f2ria (GESO), per als alumnes que no l&#8217;hagin obtingut en finalitzar l&#8217;etapa. Per poder-s\u2019hi presentar l\u2019alumne o alumna ha d\u2019haver finalitzat l\u2019etapa durant un dels dos cursos anteriors al qual es presenti a la prova.<\/p>\n<p>Els interessats han de sol\u00b7licitar la participaci\u00f3 en la prova durant els deu primers dies lectius del mes de febrer, a la secretaria del centre on van estar matriculats de quart d&#8217;ESO o de l&#8217;\u00faltim curs fet de l&#8217;ESO per \u00faltima vegada en el sup\u00f2sit de l&#8217;alumnat amb un expedient obert d&#8217;homologaci\u00f3.<\/p>\n<p>La documentaci\u00f3 que cal presentar \u00e9s aquest impr\u00e8s de sol\u00b7licitud: <a href=\"https:\/\/documents.espai.educacio.gencat.cat\/FormularisModels\/CentresGestioAcademica\/A665.pdf\">enlla\u00e7<\/a><\/p>\n<p><b>Alumnat que pot presentar-s&#8217;hi<\/b><\/p>\n<p>Els alumnes han de complir els dos requisits seg\u00fcents per poder presentar-se a aquesta prova l\u2019any 2026:<\/p>\n<p>1. T\u200benir almenys 18 anys o complir-los dins de l&#8217;any 2026. L\u2019edat requerida es podr\u00e0 rebaixar fins als setze anys sempre que l\u2019alumne o alumna compleixi alguna de les condicions seg\u00fcents:<\/p>\n<blockquote><p>\u00a0&#8211; Tenir un contracte laboral que l\u2019impedeixi assistir al centre en r\u00e8gim ordinari.<\/p>\n<p>&#8211; Trobar-se en proc\u00e9s d&#8217;obtenci\u00f3 d&#8217;un perm\u00eds de treball.<\/p>\n<p>&#8211;\u00a0Ser esportista d&#8217;alt rendiment. En aquest cas, caldr\u00e0 presentar una certifica\u200bci\u00f3 del Consell Catal\u00e0 de l\u2019Esport que acrediti que aquests esportistes figuren en el programa de tecnificaci\u00f3 (ARC) de la federaci\u00f3 catalana corresponent.<\/p>\n<p>&#8211; Tenir un exp\u200bedient d\u2019homologaci\u00f3 obert d\u2019estudis estrangers al t\u00edtol de GESO.<\/p><\/blockquote>\n<p>2. Haver finalitzat l\u2019ESO l\u2019any 2024 o 2025 sense haver obtingut el t\u00edtol o haver finalitzat l\u2019equivalent del quart curs de l\u2019educaci\u00f3 secund\u00e0ria obligat\u00f2ria en un sistema educatiu estranger amb mat\u00e8ries amb avaluaci\u00f3 negativa en cursos anteriors.<\/p>\n<p>De manera excepcional, tamb\u00e9 s&#8217;hi poden acollir alumnes amb informe de reconeixement de necessitats educatives especials, em\u00e8s per l&#8217;equip d&#8217;assessorament psicopedag\u00f2gic (EAP), per als quals es va elaborar un pla de suport individualitzat durant el per\u00edode compr\u00e8s entre els cursos 2017-2018 i 2022-2023.<\/p>\n<p>En aplicaci\u00f3 d\u2019aquests requisits, queden exclosos de la prova els alumnes inscrits per repetir quart d\u2019ESO en el present curs 2025-2026.<\/p>\n<p>D\u2019altra banda, els alumnes que estan matriculats en ensenyaments d&#8217;adults o a l&#8217;Institut Obert de Catalunya hi poden conc\u00f3rrer, sempre que compleixin els requisits abans esmentats.<\/p>\n<p><strong>Calendari<\/strong><\/p>\n<table style=\"border-collapse: collapse; width: 52.7874%; height: 304px;\">\n<tbody>\n<tr style=\"height: 32px;\">\n<td style=\"width: 57.5673%; height: 32px;\"><strong>TASQUES<\/strong><\/td>\n<td style=\"width: 26.0686%; height: 32px;\"><strong>DATES<\/strong><\/td>\n<\/tr>\n<tr style=\"height: 48px;\">\n<td style=\"width: 57.5673%; height: 48px;\">Termini de presentaci\u00f3 de <a href=\"https:\/\/documents.espai.educacio.gencat.cat\/FormularisModels\/CentresGestioAcademica\/A665.pdf\" target=\"_blank\" rel=\"noopener\">sol\u00b7licituds d&#8217;inscripci\u00f3<\/a> (s&#8217;ha de presentar a la secretaria del centre on la persona sol\u00b7licitant va estar matriculada de 4t d&#8217;ESO per \u00faltima vegada)<\/td>\n<td style=\"width: 26.0686%; height: 48px;\">Entre el 2 i el 13 de febrer de 2026<\/td>\n<\/tr>\n<tr>\n<td style=\"width: 57.5673%;\"><a href=\"https:\/\/drive.google.com\/file\/d\/1jtpjy2gKa9KA3Y-J00O-uea1mSe-EYXy\/view?usp=sharing\" target=\"_blank\" rel=\"noopener\">Llistat alumnat adm\u00e8s<\/a><\/td>\n<td style=\"width: 26.0686%;\">18 de febrer<\/td>\n<\/tr>\n<tr style=\"height: 48px;\">\n<td style=\"width: 57.5673%; height: 48px;\">Termini de presentaci\u00f3 de reclamacions a la relaci\u00f3 d&#8217;admesos i exclosos<\/td>\n<td style=\"width: 26.0686%; height: 48px;\">Del 3 al 5 de mar\u00e7<\/td>\n<\/tr>\n<tr style=\"height: 48px;\">\n<td style=\"width: 57.5673%; height: 48px;\">Realitzaci\u00f3 de la prova (cal portar l&#8217;original del DNI, targeta de resid\u00e8ncia, passaport o qualsevol altre document identificatiu oficial en vigor)<\/td>\n<td style=\"width: 26.0686%; height: 48px;\">Durant el mes de mar\u00e7<\/td>\n<\/tr>\n<tr style=\"height: 64px;\">\n<td style=\"width: 57.5673%; height: 64px;\">Relaci\u00f3 d&#8217;alumnat presentat i de les qualificacions obtingudes<\/td>\n<td style=\"width: 26.0686%; height: 64px;\">Deu dies lectius seg\u00fcents a la realitzaci\u00f3 de la prova<\/td>\n<\/tr>\n<\/tbody>\n<\/table>\n<p><strong>Normativa<\/strong><\/p>\n<p><a title=\"Ves al DOGC\" href=\"https:\/\/dogc.gencat.cat\/ca\/document-del-dogc\/?documentId=991146\" target=\"_blank\" rel=\"noopener\">Resoluci\u00f3\u00a0EDU\/2730\/2024<\/a>, de 16 de juliol, per la qual es regula la convocat\u00f2ria anual de la prova per a l&#8217;obtenci\u00f3 del t\u00edtol de graduat o graduada en educaci\u00f3 secund\u00e0ria obligat\u00f2ria per a l&#8217;alumnat que no l&#8217;hagi obtingut en finalitzar l&#8217;etapa esmentada.\u200b\u200b\u200b<\/p>\n<p><a title=\"Ves al web\" href=\"https:\/\/portaljuridic.gencat.cat\/eli\/es-ct\/d\/2022\/09\/27\/175\" target=\"_blank\" rel=\"noopener\" data-cke-saved-href=\"https:\/\/portaljuridic.gencat.cat\/eli\/es-ct\/d\/2022\/09\/27\/175\">Decret 175\/2022<\/a>, de 27 de setembre, d&#8217;ordenaci\u00f3 dels ensenyaments de l&#8217;educaci\u00f3 b\u00e0sica.\u200b<\/p>\n<p><em>Contingut de les proves:\u00a0<a href=\"https:\/\/educacio.gencat.cat\/ca\/serveis-tramits\/proves\/proves-lliures-obtencio-titols\/obtencio-geso-mes-18-anys\/contingut-proves\/\" target=\"_blank\" rel=\"noopener\">enlla\u00e7<\/a><\/em><\/p>\n<h5><a href=\"https:\/\/educacio.gencat.cat\/ca\/serveis-tramits\/proves\/proves-lliures-obtencio-titols\/obtencio-titol-eso\/index.html\" target=\"_blank\" rel=\"noopener\">M\u00e9s informaci\u00f3<\/a><\/h5>\n","protected":false},"excerpt":{"rendered":"<p>Es convoca la prova per a l&#8217;obtenci\u00f3 del t\u00edtol de graduat o graduada en educaci\u00f3 secund\u00e0ria obligat\u00f2ria (GESO), per als alumnes que no l&#8217;hagin obtingut<\/p>\n","protected":false},"author":81,"featured_media":28625,"comment_status":"open","ping_status":"closed","sticky":true,"template":"","format":"standard","meta":{"_bbp_topic_count":0,"_bbp_reply_count":0,"_bbp_total_topic_count":0,"_bbp_total_reply_count":0,"_bbp_voice_count":0,"_bbp_anonymous_reply_count":0,"_bbp_topic_count_hidden":0,"_bbp_reply_count_hidden":0,"_bbp_forum_subforum_count":0,"site-sidebar-layout":"default","site-content-layout":"","ast-site-content-layout":"default","site-content-style":"default","site-sidebar-style":"default","ast-global-header-display":"","ast-banner-title-visibility":"","ast-main-header-display":"","ast-hfb-above-header-display":"","ast-hfb-below-header-display":"","ast-hfb-mobile-header-display":"","site-post-title":"","ast-breadcrumbs-content":"","ast-featured-img":"","footer-sml-layout":"","theme-transparent-header-meta":"default","adv-header-id-meta":"","stick-header-meta":"","header-above-stick-meta":"","header-main-stick-meta":"","header-below-stick-meta":"","astra-migrate-meta-layouts":"set","ast-page-background-enabled":"default","ast-page-background-meta":{"desktop":{"background-color":"var(--ast-global-color-4)","background-image":"","background-repeat":"repeat","background-position":"center center","background-size":"auto","background-attachment":"scroll","background-type":"","background-media":"","overlay-type":"","overlay-color":"","overlay-opacity":"","overlay-gradient":""},"tablet":{"background-color":"","background-image":"","background-repeat":"repeat","background-position":"center center","background-size":"auto","background-attachment":"scroll","background-type":"","background-media":"","overlay-type":"","overlay-color":"","overlay-opacity":"","overlay-gradient":""},"mobile":{"background-color":"","background-image":"","background-repeat":"repeat","background-position":"center center","background-size":"auto","background-attachment":"scroll","background-type":"","background-media":"","overlay-type":"","overlay-color":"","overlay-opacity":"","overlay-gradient":""}},"ast-content-background-meta":{"desktop":{"background-color":"var(--ast-global-color-5)","background-image":"","background-repeat":"repeat","background-position":"center center","background-size":"auto","background-attachment":"scroll","background-type":"","background-media":"","overlay-type":"","overlay-color":"","overlay-opacity":"","overlay-gradient":""},"tablet":{"background-color":"var(--ast-global-color-5)","background-image":"","background-repeat":"repeat","background-position":"center center","background-size":"auto","background-attachment":"scroll","background-type":"","background-media":"","overlay-type":"","overlay-color":"","overlay-opacity":"","overlay-gradient":""},"mobile":{"background-color":"var(--ast-global-color-5)","background-image":"","background-repeat":"repeat","background-position":"center center","background-size":"auto","background-attachment":"scroll","background-type":"","background-media":"","overlay-type":"","overlay-color":"","overlay-opacity":"","overlay-gradient":""}},"footnotes":""},"categories":[347,351],"tags":[1177,1178],"class_list":["post-26800","post","type-post","status-publish","format-standard","has-post-thumbnail","hentry","category-general","category-portada","tag-geso","tag-proves"],"post_mailing_queue_ids":[],"_links":{"self":[{"href":"https:\/\/agora.xtec.cat\/iesmarti-i-pol\/wp-json\/wp\/v2\/posts\/26800","targetHints":{"allow":["GET"]}}],"collection":[{"href":"https:\/\/agora.xtec.cat\/iesmarti-i-pol\/wp-json\/wp\/v2\/posts"}],"about":[{"href":"https:\/\/agora.xtec.cat\/iesmarti-i-pol\/wp-json\/wp\/v2\/types\/post"}],"author":[{"embeddable":true,"href":"https:\/\/agora.xtec.cat\/iesmarti-i-pol\/wp-json\/wp\/v2\/users\/81"}],"replies":[{"embeddable":true,"href":"https:\/\/agora.xtec.cat\/iesmarti-i-pol\/wp-json\/wp\/v2\/comments?post=26800"}],"version-history":[{"count":6,"href":"https:\/\/agora.xtec.cat\/iesmarti-i-pol\/wp-json\/wp\/v2\/posts\/26800\/revisions"}],"predecessor-version":[{"id":28910,"href":"https:\/\/agora.xtec.cat\/iesmarti-i-pol\/wp-json\/wp\/v2\/posts\/26800\/revisions\/28910"}],"wp:featuredmedia":[{"embeddable":true,"href":"https:\/\/agora.xtec.cat\/iesmarti-i-pol\/wp-json\/wp\/v2\/media\/28625"}],"wp:attachment":[{"href":"https:\/\/agora.xtec.cat\/iesmarti-i-pol\/wp-json\/wp\/v2\/media?parent=26800"}],"wp:term":[{"taxonomy":"category","embeddable":true,"href":"https:\/\/agora.xtec.cat\/iesmarti-i-pol\/wp-json\/wp\/v2\/categories?post=26800"},{"taxonomy":"post_tag","embeddable":true,"href":"https:\/\/agora.xtec.cat\/iesmarti-i-pol\/wp-json\/wp\/v2\/tags?post=26800"}],"curies":[{"name":"wp","href":"https:\/\/api.w.org\/{rel}","templated":true}]}}