{"id":26558,"date":"2024-11-26T16:05:43","date_gmt":"2024-11-26T15:05:43","guid":{"rendered":"https:\/\/agora.xtec.cat\/iesmarti-i-pol\/?p=26558"},"modified":"2024-12-09T18:12:34","modified_gmt":"2024-12-09T17:12:34","slug":"1r-premi-estatal-a-la-naboj-junior","status":"publish","type":"post","link":"https:\/\/agora.xtec.cat\/iesmarti-i-pol\/general\/1r-premi-estatal-a-la-naboj-junior\/","title":{"rendered":"1r premi estatal a la N\u00e1boj junior!"},"content":{"rendered":"<p>Divendres 22 de novembre sis grups de quatre persones de 3r d&#8217;ESO es va presentar per segon cop a la competici\u00f3 matem\u00e0tica europea N\u00e1boj junior, organitzada des de Pol\u00f2nia. Durant tres hores van rebre diferents problemes i reptes m<a href=\"https:\/\/agora.xtec.cat\/iesmarti-i-pol\/wp-content\/uploads\/usu1292\/2024\/11\/naboj.png\"><img loading=\"lazy\" decoding=\"async\" class=\"size-medium wp-image-26561 alignleft\" src=\"https:\/\/agora.xtec.cat\/iesmarti-i-pol\/wp-content\/uploads\/usu1292\/2024\/11\/naboj-300x160.png\" alt=\"\" width=\"300\" height=\"160\" srcset=\"https:\/\/agora.xtec.cat\/iesmarti-i-pol\/wp-content\/uploads\/usu1292\/2024\/11\/naboj-300x160.png 300w, https:\/\/agora.xtec.cat\/iesmarti-i-pol\/wp-content\/uploads\/usu1292\/2024\/11\/naboj.png 307w\" sizes=\"auto, (max-width: 300px) 100vw, 300px\" \/><\/a>atem\u00e0tics que havien de resoldre entre l&#8217;equip.<\/p>\n<p>Aquest any, el grup de l&#8217;\u00c1ngela, l&#8217;Hugo, el Xavi i la Carla ha quedat<strong> primer a tota Espanya<\/strong> i 24\u00e8 grup a nivell internacional. <strong>Enhorabona<\/strong> a tots els equips i, en especial, aquest equip per haver estat els primers a nivell estatal!<\/p>\n<p>#N\u00e1bojjunior<\/p>\n<p><a href=\"https:\/\/agora.xtec.cat\/iesmarti-i-pol\/wp-content\/uploads\/usu1292\/2024\/11\/mod.jpeg\"><img loading=\"lazy\" decoding=\"async\" class=\"alignnone wp-image-26559\" src=\"https:\/\/agora.xtec.cat\/iesmarti-i-pol\/wp-content\/uploads\/usu1292\/2024\/11\/mod-300x280.jpeg\" alt=\"\" width=\"257\" height=\"240\" srcset=\"https:\/\/agora.xtec.cat\/iesmarti-i-pol\/wp-content\/uploads\/usu1292\/2024\/11\/mod-300x280.jpeg 300w, https:\/\/agora.xtec.cat\/iesmarti-i-pol\/wp-content\/uploads\/usu1292\/2024\/11\/mod-768x718.jpeg 768w, https:\/\/agora.xtec.cat\/iesmarti-i-pol\/wp-content\/uploads\/usu1292\/2024\/11\/mod.jpeg 962w\" sizes=\"auto, (max-width: 257px) 100vw, 257px\" \/><\/a> <a href=\"https:\/\/agora.xtec.cat\/iesmarti-i-pol\/wp-content\/uploads\/usu1292\/2024\/11\/WhatsApp-Image-2024-11-22-at-10.06.01.jpeg\"><img loading=\"lazy\" decoding=\"async\" class=\"alignnone wp-image-26560\" src=\"https:\/\/agora.xtec.cat\/iesmarti-i-pol\/wp-content\/uploads\/usu1292\/2024\/11\/WhatsApp-Image-2024-11-22-at-10.06.01-300x169.jpeg\" alt=\"\" width=\"421\" height=\"237\" srcset=\"https:\/\/agora.xtec.cat\/iesmarti-i-pol\/wp-content\/uploads\/usu1292\/2024\/11\/WhatsApp-Image-2024-11-22-at-10.06.01-300x169.jpeg 300w, https:\/\/agora.xtec.cat\/iesmarti-i-pol\/wp-content\/uploads\/usu1292\/2024\/11\/WhatsApp-Image-2024-11-22-at-10.06.01-1024x576.jpeg 1024w, https:\/\/agora.xtec.cat\/iesmarti-i-pol\/wp-content\/uploads\/usu1292\/2024\/11\/WhatsApp-Image-2024-11-22-at-10.06.01-768x432.jpeg 768w, https:\/\/agora.xtec.cat\/iesmarti-i-pol\/wp-content\/uploads\/usu1292\/2024\/11\/WhatsApp-Image-2024-11-22-at-10.06.01-1536x864.jpeg 1536w, https:\/\/agora.xtec.cat\/iesmarti-i-pol\/wp-content\/uploads\/usu1292\/2024\/11\/WhatsApp-Image-2024-11-22-at-10.06.01.jpeg 1599w\" sizes=\"auto, (max-width: 421px) 100vw, 421px\" \/><\/a><\/p>\n","protected":false},"excerpt":{"rendered":"<p>Divendres 22 de novembre sis grups de quatre persones de 3r d&#8217;ESO es va presentar per segon cop a la competici\u00f3 matem\u00e0tica europea N\u00e1boj junior, organitzada des de Pol\u00f2nia. Durant tres hores van rebre diferents problemes i reptes matem\u00e0tics que havien de resoldre entre l&#8217;equip. Aquest any, el grup de l&#8217;\u00c1ngela, l&#8217;Hugo, el Xavi i [&hellip;]<\/p>\n","protected":false},"author":1,"featured_media":26561,"comment_status":"open","ping_status":"closed","sticky":false,"template":"","format":"standard","meta":{"_bbp_topic_count":0,"_bbp_reply_count":0,"_bbp_total_topic_count":0,"_bbp_total_reply_count":0,"_bbp_voice_count":0,"_bbp_anonymous_reply_count":0,"_bbp_topic_count_hidden":0,"_bbp_reply_count_hidden":0,"_bbp_forum_subforum_count":0,"site-sidebar-layout":"default","site-content-layout":"","ast-site-content-layout":"","site-content-style":"default","site-sidebar-style":"default","ast-global-header-display":"","ast-banner-title-visibility":"","ast-main-header-display":"","ast-hfb-above-header-display":"","ast-hfb-below-header-display":"","ast-hfb-mobile-header-display":"","site-post-title":"","ast-breadcrumbs-content":"","ast-featured-img":"","footer-sml-layout":"","theme-transparent-header-meta":"","adv-header-id-meta":"","stick-header-meta":"","header-above-stick-meta":"","header-main-stick-meta":"","header-below-stick-meta":"","astra-migrate-meta-layouts":"default","ast-page-background-enabled":"default","ast-page-background-meta":{"desktop":{"background-color":"var(--ast-global-color-4)","background-image":"","background-repeat":"repeat","background-position":"center center","background-size":"auto","background-attachment":"scroll","background-type":"","background-media":"","overlay-type":"","overlay-color":"","overlay-opacity":"","overlay-gradient":""},"tablet":{"background-color":"","background-image":"","background-repeat":"repeat","background-position":"center center","background-size":"auto","background-attachment":"scroll","background-type":"","background-media":"","overlay-type":"","overlay-color":"","overlay-opacity":"","overlay-gradient":""},"mobile":{"background-color":"","background-image":"","background-repeat":"repeat","background-position":"center center","background-size":"auto","background-attachment":"scroll","background-type":"","background-media":"","overlay-type":"","overlay-color":"","overlay-opacity":"","overlay-gradient":""}},"ast-content-background-meta":{"desktop":{"background-color":"var(--ast-global-color-5)","background-image":"","background-repeat":"repeat","background-position":"center center","background-size":"auto","background-attachment":"scroll","background-type":"","background-media":"","overlay-type":"","overlay-color":"","overlay-opacity":"","overlay-gradient":""},"tablet":{"background-color":"var(--ast-global-color-5)","background-image":"","background-repeat":"repeat","background-position":"center center","background-size":"auto","background-attachment":"scroll","background-type":"","background-media":"","overlay-type":"","overlay-color":"","overlay-opacity":"","overlay-gradient":""},"mobile":{"background-color":"var(--ast-global-color-5)","background-image":"","background-repeat":"repeat","background-position":"center center","background-size":"auto","background-attachment":"scroll","background-type":"","background-media":"","overlay-type":"","overlay-color":"","overlay-opacity":"","overlay-gradient":""}},"footnotes":""},"categories":[1171,597,347,639,351],"tags":[],"class_list":["post-26558","post","type-post","status-publish","format-standard","has-post-thumbnail","hentry","category-activitats-del-curs-2024-2025","category-eso-3-ca","category-general","category-matematiques-i-economia-ca","category-portada"],"post_mailing_queue_ids":[],"_links":{"self":[{"href":"https:\/\/agora.xtec.cat\/iesmarti-i-pol\/wp-json\/wp\/v2\/posts\/26558","targetHints":{"allow":["GET"]}}],"collection":[{"href":"https:\/\/agora.xtec.cat\/iesmarti-i-pol\/wp-json\/wp\/v2\/posts"}],"about":[{"href":"https:\/\/agora.xtec.cat\/iesmarti-i-pol\/wp-json\/wp\/v2\/types\/post"}],"author":[{"embeddable":true,"href":"https:\/\/agora.xtec.cat\/iesmarti-i-pol\/wp-json\/wp\/v2\/users\/1"}],"replies":[{"embeddable":true,"href":"https:\/\/agora.xtec.cat\/iesmarti-i-pol\/wp-json\/wp\/v2\/comments?post=26558"}],"version-history":[{"count":1,"href":"https:\/\/agora.xtec.cat\/iesmarti-i-pol\/wp-json\/wp\/v2\/posts\/26558\/revisions"}],"predecessor-version":[{"id":26562,"href":"https:\/\/agora.xtec.cat\/iesmarti-i-pol\/wp-json\/wp\/v2\/posts\/26558\/revisions\/26562"}],"wp:featuredmedia":[{"embeddable":true,"href":"https:\/\/agora.xtec.cat\/iesmarti-i-pol\/wp-json\/wp\/v2\/media\/26561"}],"wp:attachment":[{"href":"https:\/\/agora.xtec.cat\/iesmarti-i-pol\/wp-json\/wp\/v2\/media?parent=26558"}],"wp:term":[{"taxonomy":"category","embeddable":true,"href":"https:\/\/agora.xtec.cat\/iesmarti-i-pol\/wp-json\/wp\/v2\/categories?post=26558"},{"taxonomy":"post_tag","embeddable":true,"href":"https:\/\/agora.xtec.cat\/iesmarti-i-pol\/wp-json\/wp\/v2\/tags?post=26558"}],"curies":[{"name":"wp","href":"https:\/\/api.w.org\/{rel}","templated":true}]}}