{"id":25940,"date":"2024-06-16T12:47:35","date_gmt":"2024-06-16T10:47:35","guid":{"rendered":"https:\/\/agora.xtec.cat\/iesmarti-i-pol\/?p=25940"},"modified":"2025-02-17T13:52:24","modified_gmt":"2025-02-17T12:52:24","slug":"tradicions-catalanes-al-treball-de-sintesi-de-3r","status":"publish","type":"post","link":"https:\/\/agora.xtec.cat\/iesmarti-i-pol\/general\/tradicions-catalanes-al-treball-de-sintesi-de-3r\/","title":{"rendered":"Tradicions catalanes al treball de s\u00edntesi de 3r"},"content":{"rendered":"<p>El treball de s\u00edntesi de 3r d&#8217;ESO ha estat sobre tradicions catalanes. L&#8217;alumnat ha hagut de preparar un programa de festa especial per a la Cornecat, unes festes que es farien a la ciutat al mes de Cornell\u00e0 per recon\u00e8ixer i donar valor a les tradicions catalanes.<\/p>\n<p>Gr\u00e0cies a ser centre ULAE (Usos ling\u00fc\u00edstics en l&#8217;\u00e0mbit educatiu), s&#8217;han pogut fer dos tallers de dinamitzaci\u00f3 de la cultura catalana en catal\u00e0. El primer va ser amb els Liles, els Castellers de la ciutat de Cornell\u00e0. Ens van explicar primer de tot una mica el m\u00f3n casteller i, tot seguit, vam poder practicar el primer pilar i com fer una pinya entre tots. Va ser emocionant poder pujar un sobre l&#8217;altre i poder realitzar dues estructures petites.<\/p>\n<p>El segon taller va ser amb l&#8217;Associaci\u00f3 Sardanista de Cornella, amb la part dels Bastoners de Cornell\u00e0. Amb un taller de 45 minuts tots els grups van acabant ballant la can\u00e7\u00f3 coneguda CotixCoti dels The tyets amb bastons a partir de 3 combinacions. A m\u00e9s a m\u00e9s, algunes alumnes de 4t es van animar i van practicar passos m\u00e9s dif\u00edcils que ens van poder compartir al final de cada taller.<\/p>\n<p>En aquest treball ens hem endinsat en moltes tradicions nostres (sardanes, correfoc, cercaviles, gegants, capgrossos, nans, trabucaires, balls de cintes, de gitanes, puntaires, bitlles catalanes, entre d&#8217;altres) i hem pogut practicar de primera m\u00e0 els castells i el ball de bastons. Per animar tota la festa, tamb\u00e9 hem elaborat una playlist amb 15 can\u00e7ons en catal\u00e0 per al concert de les festes!<\/p>\n<p>#encatal\u00e0<\/p>\n<p>&nbsp;<\/p>\n<table style=\"border-collapse: collapse; width: 79.1272%; height: 646px;\">\n<tbody>\n<tr>\n<td style=\"width: 44.6578%;\"><a href=\"https:\/\/agora.xtec.cat\/iesmarti-i-pol\/wp-content\/uploads\/usu1292\/2024\/06\/GP9S6YKXEAAEDwj.jpg\"><img loading=\"lazy\" decoding=\"async\" class=\"alignnone size-medium wp-image-25943\" src=\"https:\/\/agora.xtec.cat\/iesmarti-i-pol\/wp-content\/uploads\/usu1292\/2024\/06\/GP9S6YKXEAAEDwj-300x225.jpg\" alt=\"\" width=\"300\" height=\"225\" srcset=\"https:\/\/agora.xtec.cat\/iesmarti-i-pol\/wp-content\/uploads\/usu1292\/2024\/06\/GP9S6YKXEAAEDwj-300x225.jpg 300w, https:\/\/agora.xtec.cat\/iesmarti-i-pol\/wp-content\/uploads\/usu1292\/2024\/06\/GP9S6YKXEAAEDwj-1024x768.jpg 1024w, https:\/\/agora.xtec.cat\/iesmarti-i-pol\/wp-content\/uploads\/usu1292\/2024\/06\/GP9S6YKXEAAEDwj-768x576.jpg 768w, https:\/\/agora.xtec.cat\/iesmarti-i-pol\/wp-content\/uploads\/usu1292\/2024\/06\/GP9S6YKXEAAEDwj-1536x1152.jpg 1536w, https:\/\/agora.xtec.cat\/iesmarti-i-pol\/wp-content\/uploads\/usu1292\/2024\/06\/GP9S6YKXEAAEDwj-200x150.jpg 200w, https:\/\/agora.xtec.cat\/iesmarti-i-pol\/wp-content\/uploads\/usu1292\/2024\/06\/GP9S6YKXEAAEDwj.jpg 2048w\" sizes=\"auto, (max-width: 300px) 100vw, 300px\" \/><\/a><\/td>\n<td style=\"width: 47.8125%;\"><a href=\"https:\/\/agora.xtec.cat\/iesmarti-i-pol\/wp-content\/uploads\/usu1292\/2024\/06\/GP9S6EeWcAAoOSl.jpg\"><img loading=\"lazy\" decoding=\"async\" class=\"alignnone size-medium wp-image-25944\" src=\"https:\/\/agora.xtec.cat\/iesmarti-i-pol\/wp-content\/uploads\/usu1292\/2024\/06\/GP9S6EeWcAAoOSl-225x300.jpg\" alt=\"\" width=\"225\" height=\"300\" srcset=\"https:\/\/agora.xtec.cat\/iesmarti-i-pol\/wp-content\/uploads\/usu1292\/2024\/06\/GP9S6EeWcAAoOSl-225x300.jpg 225w, https:\/\/agora.xtec.cat\/iesmarti-i-pol\/wp-content\/uploads\/usu1292\/2024\/06\/GP9S6EeWcAAoOSl-768x1024.jpg 768w, https:\/\/agora.xtec.cat\/iesmarti-i-pol\/wp-content\/uploads\/usu1292\/2024\/06\/GP9S6EeWcAAoOSl-1152x1536.jpg 1152w, https:\/\/agora.xtec.cat\/iesmarti-i-pol\/wp-content\/uploads\/usu1292\/2024\/06\/GP9S6EeWcAAoOSl.jpg 1200w\" sizes=\"auto, (max-width: 225px) 100vw, 225px\" \/><\/a><\/td>\n<\/tr>\n<tr>\n<td style=\"width: 44.6578%;\"><a href=\"https:\/\/agora.xtec.cat\/iesmarti-i-pol\/wp-content\/uploads\/usu1292\/2024\/06\/34d.jpg\"><img loading=\"lazy\" decoding=\"async\" class=\"alignnone size-medium wp-image-25941\" src=\"https:\/\/agora.xtec.cat\/iesmarti-i-pol\/wp-content\/uploads\/usu1292\/2024\/06\/34d-225x300.jpg\" alt=\"\" width=\"225\" height=\"300\" srcset=\"https:\/\/agora.xtec.cat\/iesmarti-i-pol\/wp-content\/uploads\/usu1292\/2024\/06\/34d-225x300.jpg 225w, https:\/\/agora.xtec.cat\/iesmarti-i-pol\/wp-content\/uploads\/usu1292\/2024\/06\/34d-768x1024.jpg 768w, https:\/\/agora.xtec.cat\/iesmarti-i-pol\/wp-content\/uploads\/usu1292\/2024\/06\/34d-1152x1536.jpg 1152w, https:\/\/agora.xtec.cat\/iesmarti-i-pol\/wp-content\/uploads\/usu1292\/2024\/06\/34d.jpg 1200w\" sizes=\"auto, (max-width: 225px) 100vw, 225px\" \/><\/a><\/td>\n<td style=\"width: 47.8125%;\"><a href=\"https:\/\/agora.xtec.cat\/iesmarti-i-pol\/wp-content\/uploads\/usu1292\/2024\/06\/1222.jpg\"><img loading=\"lazy\" decoding=\"async\" class=\"alignnone size-medium wp-image-25942\" src=\"https:\/\/agora.xtec.cat\/iesmarti-i-pol\/wp-content\/uploads\/usu1292\/2024\/06\/1222-300x225.jpg\" alt=\"\" width=\"300\" height=\"225\" srcset=\"https:\/\/agora.xtec.cat\/iesmarti-i-pol\/wp-content\/uploads\/usu1292\/2024\/06\/1222-300x225.jpg 300w, https:\/\/agora.xtec.cat\/iesmarti-i-pol\/wp-content\/uploads\/usu1292\/2024\/06\/1222-1024x768.jpg 1024w, https:\/\/agora.xtec.cat\/iesmarti-i-pol\/wp-content\/uploads\/usu1292\/2024\/06\/1222-768x576.jpg 768w, https:\/\/agora.xtec.cat\/iesmarti-i-pol\/wp-content\/uploads\/usu1292\/2024\/06\/1222-1536x1152.jpg 1536w, https:\/\/agora.xtec.cat\/iesmarti-i-pol\/wp-content\/uploads\/usu1292\/2024\/06\/1222-200x150.jpg 200w, https:\/\/agora.xtec.cat\/iesmarti-i-pol\/wp-content\/uploads\/usu1292\/2024\/06\/1222.jpg 2000w\" sizes=\"auto, (max-width: 300px) 100vw, 300px\" \/><\/a><\/td>\n<\/tr>\n<\/tbody>\n<\/table>\n<p>&nbsp;<\/p>\n","protected":false},"excerpt":{"rendered":"<p>El treball de s\u00edntesi de 3r d&#8217;ESO ha estat sobre tradicions catalanes. L&#8217;alumnat ha hagut de preparar un programa de festa especial per a la Cornecat, unes festes que es farien a la ciutat al mes de Cornell\u00e0 per recon\u00e8ixer i donar valor a les tradicions catalanes. Gr\u00e0cies a ser centre ULAE (Usos ling\u00fc\u00edstics en [&hellip;]<\/p>\n","protected":false},"author":1,"featured_media":25944,"comment_status":"open","ping_status":"closed","sticky":false,"template":"","format":"standard","meta":{"_bbp_topic_count":0,"_bbp_reply_count":0,"_bbp_total_topic_count":0,"_bbp_total_reply_count":0,"_bbp_voice_count":0,"_bbp_anonymous_reply_count":0,"_bbp_topic_count_hidden":0,"_bbp_reply_count_hidden":0,"_bbp_forum_subforum_count":0,"site-sidebar-layout":"default","site-content-layout":"","ast-site-content-layout":"","site-content-style":"default","site-sidebar-style":"default","ast-global-header-display":"","ast-banner-title-visibility":"","ast-main-header-display":"","ast-hfb-above-header-display":"","ast-hfb-below-header-display":"","ast-hfb-mobile-header-display":"","site-post-title":"","ast-breadcrumbs-content":"","ast-featured-img":"","footer-sml-layout":"","theme-transparent-header-meta":"","adv-header-id-meta":"","stick-header-meta":"","header-above-stick-meta":"","header-main-stick-meta":"","header-below-stick-meta":"","astra-migrate-meta-layouts":"default","ast-page-background-enabled":"default","ast-page-background-meta":{"desktop":{"background-color":"var(--ast-global-color-4)","background-image":"","background-repeat":"repeat","background-position":"center center","background-size":"auto","background-attachment":"scroll","background-type":"","background-media":"","overlay-type":"","overlay-color":"","overlay-opacity":"","overlay-gradient":""},"tablet":{"background-color":"","background-image":"","background-repeat":"repeat","background-position":"center center","background-size":"auto","background-attachment":"scroll","background-type":"","background-media":"","overlay-type":"","overlay-color":"","overlay-opacity":"","overlay-gradient":""},"mobile":{"background-color":"","background-image":"","background-repeat":"repeat","background-position":"center center","background-size":"auto","background-attachment":"scroll","background-type":"","background-media":"","overlay-type":"","overlay-color":"","overlay-opacity":"","overlay-gradient":""}},"ast-content-background-meta":{"desktop":{"background-color":"var(--ast-global-color-5)","background-image":"","background-repeat":"repeat","background-position":"center center","background-size":"auto","background-attachment":"scroll","background-type":"","background-media":"","overlay-type":"","overlay-color":"","overlay-opacity":"","overlay-gradient":""},"tablet":{"background-color":"var(--ast-global-color-5)","background-image":"","background-repeat":"repeat","background-position":"center center","background-size":"auto","background-attachment":"scroll","background-type":"","background-media":"","overlay-type":"","overlay-color":"","overlay-opacity":"","overlay-gradient":""},"mobile":{"background-color":"var(--ast-global-color-5)","background-image":"","background-repeat":"repeat","background-position":"center center","background-size":"auto","background-attachment":"scroll","background-type":"","background-media":"","overlay-type":"","overlay-color":"","overlay-opacity":"","overlay-gradient":""}},"footnotes":""},"categories":[1155,597,347,351,950],"tags":[],"class_list":["post-25940","post","type-post","status-publish","format-standard","has-post-thumbnail","hentry","category-activitats-del-curs-2023-2024","category-eso-3-ca","category-general","category-portada","category-projectes"],"post_mailing_queue_ids":[],"_links":{"self":[{"href":"https:\/\/agora.xtec.cat\/iesmarti-i-pol\/wp-json\/wp\/v2\/posts\/25940","targetHints":{"allow":["GET"]}}],"collection":[{"href":"https:\/\/agora.xtec.cat\/iesmarti-i-pol\/wp-json\/wp\/v2\/posts"}],"about":[{"href":"https:\/\/agora.xtec.cat\/iesmarti-i-pol\/wp-json\/wp\/v2\/types\/post"}],"author":[{"embeddable":true,"href":"https:\/\/agora.xtec.cat\/iesmarti-i-pol\/wp-json\/wp\/v2\/users\/1"}],"replies":[{"embeddable":true,"href":"https:\/\/agora.xtec.cat\/iesmarti-i-pol\/wp-json\/wp\/v2\/comments?post=25940"}],"version-history":[{"count":4,"href":"https:\/\/agora.xtec.cat\/iesmarti-i-pol\/wp-json\/wp\/v2\/posts\/25940\/revisions"}],"predecessor-version":[{"id":27008,"href":"https:\/\/agora.xtec.cat\/iesmarti-i-pol\/wp-json\/wp\/v2\/posts\/25940\/revisions\/27008"}],"wp:featuredmedia":[{"embeddable":true,"href":"https:\/\/agora.xtec.cat\/iesmarti-i-pol\/wp-json\/wp\/v2\/media\/25944"}],"wp:attachment":[{"href":"https:\/\/agora.xtec.cat\/iesmarti-i-pol\/wp-json\/wp\/v2\/media?parent=25940"}],"wp:term":[{"taxonomy":"category","embeddable":true,"href":"https:\/\/agora.xtec.cat\/iesmarti-i-pol\/wp-json\/wp\/v2\/categories?post=25940"},{"taxonomy":"post_tag","embeddable":true,"href":"https:\/\/agora.xtec.cat\/iesmarti-i-pol\/wp-json\/wp\/v2\/tags?post=25940"}],"curies":[{"name":"wp","href":"https:\/\/api.w.org\/{rel}","templated":true}]}}