{"id":25479,"date":"2024-03-28T19:20:47","date_gmt":"2024-03-28T18:20:47","guid":{"rendered":"https:\/\/agora.xtec.cat\/iesmarti-i-pol\/?p=25479"},"modified":"2025-02-17T13:36:45","modified_gmt":"2025-02-17T12:36:45","slug":"lescriptor-jordi-folck-ens-visita","status":"publish","type":"post","link":"https:\/\/agora.xtec.cat\/iesmarti-i-pol\/general\/lescriptor-jordi-folck-ens-visita\/","title":{"rendered":"L&#8217;escriptor Jordi Folck ens visita"},"content":{"rendered":"<p><a href=\"https:\/\/agora.xtec.cat\/iesmarti-i-pol\/wp-content\/uploads\/usu1292\/2024\/03\/jordifolck-1-scaled.jpg\"><img loading=\"lazy\" decoding=\"async\" class=\"alignnone  wp-image-25480\" src=\"https:\/\/agora.xtec.cat\/iesmarti-i-pol\/wp-content\/uploads\/usu1292\/2024\/03\/jordifolck-1-300x169.jpg\" alt=\"\" width=\"416\" height=\"234\" srcset=\"https:\/\/agora.xtec.cat\/iesmarti-i-pol\/wp-content\/uploads\/usu1292\/2024\/03\/jordifolck-1-300x169.jpg 300w, https:\/\/agora.xtec.cat\/iesmarti-i-pol\/wp-content\/uploads\/usu1292\/2024\/03\/jordifolck-1-1024x576.jpg 1024w, https:\/\/agora.xtec.cat\/iesmarti-i-pol\/wp-content\/uploads\/usu1292\/2024\/03\/jordifolck-1-768x432.jpg 768w, https:\/\/agora.xtec.cat\/iesmarti-i-pol\/wp-content\/uploads\/usu1292\/2024\/03\/jordifolck-1-1536x864.jpg 1536w, https:\/\/agora.xtec.cat\/iesmarti-i-pol\/wp-content\/uploads\/usu1292\/2024\/03\/jordifolck-1-2048x1152.jpg 2048w\" sizes=\"auto, (max-width: 416px) 100vw, 416px\" \/><\/a><\/p>\n<p style=\"text-align: justify;\">El dimecres 20 de mar\u00e7 ens visita l&#8217;escriptor Jordi Folck. Va realitzar dues xerrades a la sala polivalent, perqu\u00e8 tot l&#8217;alumnat de 1r d&#8217;ESO pogu\u00e9s escoltar-lo. Tots i totes les alumnes de primer d&#8217;ESO havien llegit\u00a0 pr\u00e8viament el llibre d&#8217;Edoll. Molts estaven for\u00e7a\u00a0 il\u00b7lusionats amb la pres\u00e8ncia de l&#8217;escriptor i que els pogu\u00e9s signar el seu llibre. La xerrada va ser una mica diferent entre el primer grup , que va parlar m\u00e9s sobre la import\u00e0ncia de la lectura i que la submissi\u00f3 als aparells electr\u00f2nics, concretament els m\u00f2bils, fa tornar a les persones, sobretot als adolescents, \u00e9ssers sense creativitat i en generals alienats i m\u00e9s ximples.\u00a0 El segon grup es va centrar m\u00e9s amb la intel\u00b7lig\u00e8ncia artificial i els seus perills; a m\u00e9s de tractar m\u00e9s el llibre Edoll.<\/p>\n<p style=\"text-align: justify;\">\u00c9s un privilegi per l&#8217;alumnat el fet que llegeixi un llibre i pugui fer preguntes, suggeriments amb la persona que l&#8217;ha creat. Aquestes xerrades amb els escriptors s\u00f3n del tot motivadores per augmentar el gust de la lectura.<\/p>\n","protected":false},"excerpt":{"rendered":"<p>El dimecres 20 de mar\u00e7 ens visita l&#8217;escriptor Jordi Folck. Va realitzar dues xerrades a la sala polivalent, perqu\u00e8 tot l&#8217;alumnat de 1r d&#8217;ESO pogu\u00e9s escoltar-lo. Tots i totes les alumnes de primer d&#8217;ESO havien llegit\u00a0 pr\u00e8viament el llibre d&#8217;Edoll. Molts estaven for\u00e7a\u00a0 il\u00b7lusionats amb la pres\u00e8ncia de l&#8217;escriptor i que els pogu\u00e9s signar el [&hellip;]<\/p>\n","protected":false},"author":1,"featured_media":25480,"comment_status":"open","ping_status":"closed","sticky":false,"template":"","format":"standard","meta":{"_bbp_topic_count":0,"_bbp_reply_count":0,"_bbp_total_topic_count":0,"_bbp_total_reply_count":0,"_bbp_voice_count":0,"_bbp_anonymous_reply_count":0,"_bbp_topic_count_hidden":0,"_bbp_reply_count_hidden":0,"_bbp_forum_subforum_count":0,"site-sidebar-layout":"default","site-content-layout":"","ast-site-content-layout":"","site-content-style":"default","site-sidebar-style":"default","ast-global-header-display":"","ast-banner-title-visibility":"","ast-main-header-display":"","ast-hfb-above-header-display":"","ast-hfb-below-header-display":"","ast-hfb-mobile-header-display":"","site-post-title":"","ast-breadcrumbs-content":"","ast-featured-img":"","footer-sml-layout":"","theme-transparent-header-meta":"","adv-header-id-meta":"","stick-header-meta":"","header-above-stick-meta":"","header-main-stick-meta":"","header-below-stick-meta":"","astra-migrate-meta-layouts":"default","ast-page-background-enabled":"default","ast-page-background-meta":{"desktop":{"background-color":"var(--ast-global-color-4)","background-image":"","background-repeat":"repeat","background-position":"center center","background-size":"auto","background-attachment":"scroll","background-type":"","background-media":"","overlay-type":"","overlay-color":"","overlay-opacity":"","overlay-gradient":""},"tablet":{"background-color":"","background-image":"","background-repeat":"repeat","background-position":"center center","background-size":"auto","background-attachment":"scroll","background-type":"","background-media":"","overlay-type":"","overlay-color":"","overlay-opacity":"","overlay-gradient":""},"mobile":{"background-color":"","background-image":"","background-repeat":"repeat","background-position":"center center","background-size":"auto","background-attachment":"scroll","background-type":"","background-media":"","overlay-type":"","overlay-color":"","overlay-opacity":"","overlay-gradient":""}},"ast-content-background-meta":{"desktop":{"background-color":"var(--ast-global-color-5)","background-image":"","background-repeat":"repeat","background-position":"center center","background-size":"auto","background-attachment":"scroll","background-type":"","background-media":"","overlay-type":"","overlay-color":"","overlay-opacity":"","overlay-gradient":""},"tablet":{"background-color":"var(--ast-global-color-5)","background-image":"","background-repeat":"repeat","background-position":"center center","background-size":"auto","background-attachment":"scroll","background-type":"","background-media":"","overlay-type":"","overlay-color":"","overlay-opacity":"","overlay-gradient":""},"mobile":{"background-color":"var(--ast-global-color-5)","background-image":"","background-repeat":"repeat","background-position":"center center","background-size":"auto","background-attachment":"scroll","background-type":"","background-media":"","overlay-type":"","overlay-color":"","overlay-opacity":"","overlay-gradient":""}},"footnotes":""},"categories":[587,347,351],"tags":[241,287,1166,243],"class_list":["post-25479","post","type-post","status-publish","format-standard","has-post-thumbnail","hentry","category-biblioteca-pere-morros-ca","category-general","category-portada","tag-biblioteca-pere-morros","tag-escriptors","tag-jordi-folck","tag-lectura"],"post_mailing_queue_ids":[],"_links":{"self":[{"href":"https:\/\/agora.xtec.cat\/iesmarti-i-pol\/wp-json\/wp\/v2\/posts\/25479","targetHints":{"allow":["GET"]}}],"collection":[{"href":"https:\/\/agora.xtec.cat\/iesmarti-i-pol\/wp-json\/wp\/v2\/posts"}],"about":[{"href":"https:\/\/agora.xtec.cat\/iesmarti-i-pol\/wp-json\/wp\/v2\/types\/post"}],"author":[{"embeddable":true,"href":"https:\/\/agora.xtec.cat\/iesmarti-i-pol\/wp-json\/wp\/v2\/users\/1"}],"replies":[{"embeddable":true,"href":"https:\/\/agora.xtec.cat\/iesmarti-i-pol\/wp-json\/wp\/v2\/comments?post=25479"}],"version-history":[{"count":3,"href":"https:\/\/agora.xtec.cat\/iesmarti-i-pol\/wp-json\/wp\/v2\/posts\/25479\/revisions"}],"predecessor-version":[{"id":26965,"href":"https:\/\/agora.xtec.cat\/iesmarti-i-pol\/wp-json\/wp\/v2\/posts\/25479\/revisions\/26965"}],"wp:featuredmedia":[{"embeddable":true,"href":"https:\/\/agora.xtec.cat\/iesmarti-i-pol\/wp-json\/wp\/v2\/media\/25480"}],"wp:attachment":[{"href":"https:\/\/agora.xtec.cat\/iesmarti-i-pol\/wp-json\/wp\/v2\/media?parent=25479"}],"wp:term":[{"taxonomy":"category","embeddable":true,"href":"https:\/\/agora.xtec.cat\/iesmarti-i-pol\/wp-json\/wp\/v2\/categories?post=25479"},{"taxonomy":"post_tag","embeddable":true,"href":"https:\/\/agora.xtec.cat\/iesmarti-i-pol\/wp-json\/wp\/v2\/tags?post=25479"}],"curies":[{"name":"wp","href":"https:\/\/api.w.org\/{rel}","templated":true}]}}