{"id":2487,"date":"2010-05-13T00:00:00","date_gmt":"2010-05-13T00:00:00","guid":{"rendered":"http:\/\/mmpol.cat\/home2\/mmpolcat\/wordpress\/?p=434"},"modified":"2021-03-05T19:40:43","modified_gmt":"2021-03-05T18:40:43","slug":"mem-hista-2010","status":"publish","type":"post","link":"https:\/\/agora.xtec.cat\/iesmarti-i-pol\/portada\/mem-hista-2010\/","title":{"rendered":"Mem\u00f2ria hist\u00f2rica (2010)"},"content":{"rendered":"<table border=\"0\" cellpadding=\"1\" cellspacing=\"1\" style=\"width: 286px; height: 14px\" width=\"286\">\n<tbody>\n<tr>\n<td> \t\t\t\t<span style=\"color: #333399\"><font color=\"#333399\">El passat dia 7 de maig ens va visitar el Consell dels Savis del Museu d&#8217;Hist\u00f2ria de Catalunya&#8230;<\/font><\/span><\/td>\n<\/tr>\n<\/tbody>\n<\/table>\n<p>  <!--more-->  <\/p>\n<table border=\"0\" cellpadding=\"1\" cellspacing=\"1\" style=\"width: 534px; height: 64px\" width=\"534\">\n<tbody>\n<tr>\n<td> \t\t\t\t<span style=\"font-size: xx-small\"><span style=\"color: #0000cc\"><img loading=\"lazy\" decoding=\"async\" alt=\"\" height=\"15\" src=\"\/iesmarti-i-pol\/images\/stories\/espai.gif\" width=\"15\" \/><\/span><\/span><\/td>\n<td> \t\t\t\t<span style=\"font-size: xx-small\"><span style=\"color: #0000cc\"><font color=\"#0000cc\" size=\"1\">El passat dia 7 de maig ens va visitar el Consell dels Savis del Museu d&#8217;Hist\u00f2ria de Catalunya. \u00c9s ja el quart curs que desenvolupem aquesta activitat dirigida a l&#8217;alumnat de 2n de Batxillerat per tal de treballar la hist\u00f2ria oral referent a la II Rep\u00fablica, la Guerra Civil, el franquisme i la transici\u00f3. La xerrada s&#8217;emmarca en la programaci\u00f3 anual de l&#8217;assignatura d&#8217;Hist\u00f2ria.<br \/> \t\t\t\tA trav\u00e9s de preguntes pr\u00e8viament elaborades per l&#8217;alumnat, les persones que formen el Consell van donar una \u00e0mplia visi\u00f3 del que van ser les seves viv\u00e8ncies dins del que ha estat la recent hist\u00f2ria de Catalunya i Espanya.<br \/> \t\t\t\tMoltes gr\u00e0cies i a continuar ambs aquests \u00e0nims!!!!!.<br \/> \t\t\t\t<\/font><\/span><\/span><\/td>\n<\/tr>\n<tr>\n<td> \t\t\t\t<span style=\"font-size: xx-small\"><span style=\"color: #0000cc\">&nbsp;<\/span><\/span><\/td>\n<td style=\"text-align: center\"> \t\t\t\t<span style=\"font-size: xx-small\"><span style=\"color: #0000cc\"><font color=\"#0000ff\" size=\"1\"><a href=\"http:\/\/picasaweb.google.es\/albumsmmp\/100507MemoriaHistorica?authkey=Gv1sRgCMLJk5GY2LOMkAE&amp;feat=email#slideshow\" target=\"_blank\" rel=\"noopener noreferrer\">fotografies de l&#8217;activitat<\/a><\/font><\/span><\/span><\/td>\n<\/tr>\n<\/tbody>\n<\/table>\n","protected":false},"excerpt":{"rendered":"<p>El passat dia 7 de maig ens va visitar el Consell dels Savis del Museu d&#8217;Hist\u00f2ria de Catalunya&#8230;<\/p>\n","protected":false},"author":1,"featured_media":0,"comment_status":"open","ping_status":"open","sticky":false,"template":"","format":"standard","meta":{"_bbp_topic_count":0,"_bbp_reply_count":0,"_bbp_total_topic_count":0,"_bbp_total_reply_count":0,"_bbp_voice_count":0,"_bbp_anonymous_reply_count":0,"_bbp_topic_count_hidden":0,"_bbp_reply_count_hidden":0,"_bbp_forum_subforum_count":0,"site-sidebar-layout":"default","site-content-layout":"","ast-site-content-layout":"","site-content-style":"default","site-sidebar-style":"default","ast-global-header-display":"","ast-banner-title-visibility":"","ast-main-header-display":"","ast-hfb-above-header-display":"","ast-hfb-below-header-display":"","ast-hfb-mobile-header-display":"","site-post-title":"","ast-breadcrumbs-content":"","ast-featured-img":"","footer-sml-layout":"","theme-transparent-header-meta":"","adv-header-id-meta":"","stick-header-meta":"","header-above-stick-meta":"","header-main-stick-meta":"","header-below-stick-meta":"","astra-migrate-meta-layouts":"default","ast-page-background-enabled":"default","ast-page-background-meta":{"desktop":{"background-color":"var(--ast-global-color-4)","background-image":"","background-repeat":"repeat","background-position":"center center","background-size":"auto","background-attachment":"scroll","background-type":"","background-media":"","overlay-type":"","overlay-color":"","overlay-opacity":"","overlay-gradient":""},"tablet":{"background-color":"","background-image":"","background-repeat":"repeat","background-position":"center center","background-size":"auto","background-attachment":"scroll","background-type":"","background-media":"","overlay-type":"","overlay-color":"","overlay-opacity":"","overlay-gradient":""},"mobile":{"background-color":"","background-image":"","background-repeat":"repeat","background-position":"center center","background-size":"auto","background-attachment":"scroll","background-type":"","background-media":"","overlay-type":"","overlay-color":"","overlay-opacity":"","overlay-gradient":""}},"ast-content-background-meta":{"desktop":{"background-color":"var(--ast-global-color-5)","background-image":"","background-repeat":"repeat","background-position":"center center","background-size":"auto","background-attachment":"scroll","background-type":"","background-media":"","overlay-type":"","overlay-color":"","overlay-opacity":"","overlay-gradient":""},"tablet":{"background-color":"var(--ast-global-color-5)","background-image":"","background-repeat":"repeat","background-position":"center center","background-size":"auto","background-attachment":"scroll","background-type":"","background-media":"","overlay-type":"","overlay-color":"","overlay-opacity":"","overlay-gradient":""},"mobile":{"background-color":"var(--ast-global-color-5)","background-image":"","background-repeat":"repeat","background-position":"center center","background-size":"auto","background-attachment":"scroll","background-type":"","background-media":"","overlay-type":"","overlay-color":"","overlay-opacity":"","overlay-gradient":""}},"footnotes":""},"categories":[351],"tags":[],"class_list":["post-2487","post","type-post","status-publish","format-standard","hentry","category-portada"],"post_mailing_queue_ids":[],"_links":{"self":[{"href":"https:\/\/agora.xtec.cat\/iesmarti-i-pol\/wp-json\/wp\/v2\/posts\/2487","targetHints":{"allow":["GET"]}}],"collection":[{"href":"https:\/\/agora.xtec.cat\/iesmarti-i-pol\/wp-json\/wp\/v2\/posts"}],"about":[{"href":"https:\/\/agora.xtec.cat\/iesmarti-i-pol\/wp-json\/wp\/v2\/types\/post"}],"author":[{"embeddable":true,"href":"https:\/\/agora.xtec.cat\/iesmarti-i-pol\/wp-json\/wp\/v2\/users\/1"}],"replies":[{"embeddable":true,"href":"https:\/\/agora.xtec.cat\/iesmarti-i-pol\/wp-json\/wp\/v2\/comments?post=2487"}],"version-history":[{"count":1,"href":"https:\/\/agora.xtec.cat\/iesmarti-i-pol\/wp-json\/wp\/v2\/posts\/2487\/revisions"}],"predecessor-version":[{"id":19143,"href":"https:\/\/agora.xtec.cat\/iesmarti-i-pol\/wp-json\/wp\/v2\/posts\/2487\/revisions\/19143"}],"wp:attachment":[{"href":"https:\/\/agora.xtec.cat\/iesmarti-i-pol\/wp-json\/wp\/v2\/media?parent=2487"}],"wp:term":[{"taxonomy":"category","embeddable":true,"href":"https:\/\/agora.xtec.cat\/iesmarti-i-pol\/wp-json\/wp\/v2\/categories?post=2487"},{"taxonomy":"post_tag","embeddable":true,"href":"https:\/\/agora.xtec.cat\/iesmarti-i-pol\/wp-json\/wp\/v2\/tags?post=2487"}],"curies":[{"name":"wp","href":"https:\/\/api.w.org\/{rel}","templated":true}]}}