{"id":24664,"date":"2023-11-19T19:03:02","date_gmt":"2023-11-19T18:03:02","guid":{"rendered":"https:\/\/agora.xtec.cat\/iesmarti-i-pol\/?p=24664"},"modified":"2023-11-19T19:04:01","modified_gmt":"2023-11-19T18:04:01","slug":"aixi-va-anar-la-setmana-de-la-ciencia","status":"publish","type":"post","link":"https:\/\/agora.xtec.cat\/iesmarti-i-pol\/general\/aixi-va-anar-la-setmana-de-la-ciencia\/","title":{"rendered":"Aix\u00ed va anar la Setmana de la Ci\u00e8ncia"},"content":{"rendered":"<p>En motiu de la Setmana de la Ci\u00e8ncia, i seguint moltes activitats de Fundaci\u00f3 i Recerca, hem celebrat al centre tota una setmana dedicada a la ci\u00e8ncies amb moltes activitats diferents. Aquest any estava dedica a la sostenibilitat i el reciclatge.<\/p>\n<table style=\"border-collapse: collapse; width: 100%;\">\n<tbody>\n<tr>\n<td style=\"width: 54.3931%;\"><a href=\"https:\/\/agora.xtec.cat\/iesmarti-i-pol\/wp-content\/uploads\/usu1292\/2023\/11\/F_J5CIRXoAAqzUJ.jpg\"><img loading=\"lazy\" decoding=\"async\" class=\"alignnone size-full wp-image-24665\" src=\"https:\/\/agora.xtec.cat\/iesmarti-i-pol\/wp-content\/uploads\/usu1292\/2023\/11\/F_J5CIRXoAAqzUJ.jpg\" alt=\"\" width=\"768\" height=\"1024\" srcset=\"https:\/\/agora.xtec.cat\/iesmarti-i-pol\/wp-content\/uploads\/usu1292\/2023\/11\/F_J5CIRXoAAqzUJ.jpg 768w, https:\/\/agora.xtec.cat\/iesmarti-i-pol\/wp-content\/uploads\/usu1292\/2023\/11\/F_J5CIRXoAAqzUJ-225x300.jpg 225w\" sizes=\"auto, (max-width: 768px) 100vw, 768px\" \/><\/a><\/td>\n<td style=\"width: 45.6069%;\"><strong>Fira Cient\u00edfica<\/strong><\/p>\n<p>El divendres s&#8217;ha fet una fira per mostrar alguns dels experiments i votar quin ens agrada m\u00e9s de l&#8217;alumnat de 1r i de 2n d&#8217;ESO. Hem pogut veure els cl\u00e0ssics volcans, experiments amb coca-cola o d&#8217;altres totalment originals!<\/td>\n<\/tr>\n<tr>\n<td style=\"width: 54.3931%;\"><strong>Manniquin Challenge<\/strong><\/p>\n<p>L&#8217;alumnat de 1r ens ensenyen les normes del laboratori a trav\u00e9s d&#8217;un manniquin challenge per aprendre tot all\u00f2 que est\u00e0 b\u00e9 i all\u00f2 que no tant!<\/td>\n<td style=\"width: 45.6069%;\"><div style=\"width: 848px;\" class=\"wp-video\"><!--[if lt IE 9]><script>document.createElement('video');<\/script><![endif]-->\n<video class=\"wp-video-shortcode\" id=\"video-24664-1\" width=\"848\" height=\"480\" preload=\"metadata\" controls=\"controls\"><source type=\"video\/mp4\" src=\"https:\/\/agora.xtec.cat\/iesmarti-i-pol\/wp-content\/uploads\/usu1292\/2023\/11\/WhatsApp-Video-2023-11-14-at-16.09.021.mp4?_=1\" \/><a href=\"https:\/\/agora.xtec.cat\/iesmarti-i-pol\/wp-content\/uploads\/usu1292\/2023\/11\/WhatsApp-Video-2023-11-14-at-16.09.021.mp4\">https:\/\/agora.xtec.cat\/iesmarti-i-pol\/wp-content\/uploads\/usu1292\/2023\/11\/WhatsApp-Video-2023-11-14-at-16.09.021.mp4<\/a><\/video><\/div><\/td>\n<\/tr>\n<tr>\n<td style=\"width: 54.3931%;\"><a href=\"https:\/\/agora.xtec.cat\/iesmarti-i-pol\/wp-content\/uploads\/usu1292\/2023\/11\/F-0KcKIWcAA8HNR.jpg\"><img loading=\"lazy\" decoding=\"async\" class=\"alignnone size-large wp-image-24667\" src=\"https:\/\/agora.xtec.cat\/iesmarti-i-pol\/wp-content\/uploads\/usu1292\/2023\/11\/F-0KcKIWcAA8HNR-1024x768.jpg\" alt=\"\" width=\"1024\" height=\"768\" srcset=\"https:\/\/agora.xtec.cat\/iesmarti-i-pol\/wp-content\/uploads\/usu1292\/2023\/11\/F-0KcKIWcAA8HNR-1024x768.jpg 1024w, https:\/\/agora.xtec.cat\/iesmarti-i-pol\/wp-content\/uploads\/usu1292\/2023\/11\/F-0KcKIWcAA8HNR-300x225.jpg 300w, https:\/\/agora.xtec.cat\/iesmarti-i-pol\/wp-content\/uploads\/usu1292\/2023\/11\/F-0KcKIWcAA8HNR-768x576.jpg 768w, https:\/\/agora.xtec.cat\/iesmarti-i-pol\/wp-content\/uploads\/usu1292\/2023\/11\/F-0KcKIWcAA8HNR-1536x1152.jpg 1536w, https:\/\/agora.xtec.cat\/iesmarti-i-pol\/wp-content\/uploads\/usu1292\/2023\/11\/F-0KcKIWcAA8HNR-200x150.jpg 200w, https:\/\/agora.xtec.cat\/iesmarti-i-pol\/wp-content\/uploads\/usu1292\/2023\/11\/F-0KcKIWcAA8HNR.jpg 2048w\" sizes=\"auto, (max-width: 1024px) 100vw, 1024px\" \/><\/a><\/td>\n<td style=\"width: 45.6069%;\"><strong>Xerrada de la Marat\u00f3<\/strong><\/p>\n<p>Coincidint amb La Marat\u00f3, alumnes de 3r i de cicles va participar a la xerrada sobre La Marat\u00f3 d&#8217;enguany, dedicada a les malalties sexuals i la prevenci\u00f3.<\/td>\n<\/tr>\n<tr>\n<td style=\"width: 54.3931%;\"><strong>Escape room Laboratori forense<\/strong><\/p>\n<p>L&#8217;alumnat de 4t ha participat en una escape room feta pel professorat de ci\u00e8ncies per descobrir el possible assass\u00ed a partir de les proves cient\u00edfiques, talment com un laboratori forense<\/td>\n<td style=\"width: 45.6069%;\"><a href=\"https:\/\/agora.xtec.cat\/iesmarti-i-pol\/wp-content\/uploads\/usu1292\/2023\/11\/F-6xKZsWQAA8oRq.jpg\"><img loading=\"lazy\" decoding=\"async\" class=\"alignnone size-large wp-image-24668\" src=\"https:\/\/agora.xtec.cat\/iesmarti-i-pol\/wp-content\/uploads\/usu1292\/2023\/11\/F-6xKZsWQAA8oRq-1024x1024.jpg\" alt=\"\" width=\"1024\" height=\"1024\" srcset=\"https:\/\/agora.xtec.cat\/iesmarti-i-pol\/wp-content\/uploads\/usu1292\/2023\/11\/F-6xKZsWQAA8oRq-1024x1024.jpg 1024w, https:\/\/agora.xtec.cat\/iesmarti-i-pol\/wp-content\/uploads\/usu1292\/2023\/11\/F-6xKZsWQAA8oRq-300x300.jpg 300w, https:\/\/agora.xtec.cat\/iesmarti-i-pol\/wp-content\/uploads\/usu1292\/2023\/11\/F-6xKZsWQAA8oRq-150x150.jpg 150w, https:\/\/agora.xtec.cat\/iesmarti-i-pol\/wp-content\/uploads\/usu1292\/2023\/11\/F-6xKZsWQAA8oRq-768x768.jpg 768w, https:\/\/agora.xtec.cat\/iesmarti-i-pol\/wp-content\/uploads\/usu1292\/2023\/11\/F-6xKZsWQAA8oRq.jpg 1080w\" sizes=\"auto, (max-width: 1024px) 100vw, 1024px\" \/><\/a><\/td>\n<\/tr>\n<tr>\n<td style=\"width: 100%;\" colspan=\"2\"><strong>Contes, enigmes i can\u00e7ons cient\u00edfics<\/strong><\/p>\n<p>A l&#8217;hora de lectura ens hem apropat a les ci\u00e8ncies amb contes cient\u00edfics que han acabat creant els alumnes, amb enigmes i jerogl\u00edfics o b\u00e9 amb can\u00e7ons plenes de referents cient\u00edfics, on les estrelles de l&#8217;univers es converteixen en desitjos<\/td>\n<\/tr>\n<\/tbody>\n<\/table>\n","protected":false},"excerpt":{"rendered":"<p>En motiu de la Setmana de la Ci\u00e8ncia, i seguint moltes activitats de Fundaci\u00f3 i Recerca, hem celebrat al centre tota una setmana dedicada a la ci\u00e8ncies amb moltes activitats diferents. Aquest any estava dedica a la sostenibilitat i el reciclatge. Fira Cient\u00edfica El divendres s&#8217;ha fet una fira per mostrar alguns dels experiments i [&hellip;]<\/p>\n","protected":false},"author":1,"featured_media":24665,"comment_status":"open","ping_status":"closed","sticky":false,"template":"","format":"standard","meta":{"_bbp_topic_count":0,"_bbp_reply_count":0,"_bbp_total_topic_count":0,"_bbp_total_reply_count":0,"_bbp_voice_count":0,"_bbp_anonymous_reply_count":0,"_bbp_topic_count_hidden":0,"_bbp_reply_count_hidden":0,"_bbp_forum_subforum_count":0,"site-sidebar-layout":"default","site-content-layout":"","ast-site-content-layout":"","site-content-style":"default","site-sidebar-style":"default","ast-global-header-display":"","ast-banner-title-visibility":"","ast-main-header-display":"","ast-hfb-above-header-display":"","ast-hfb-below-header-display":"","ast-hfb-mobile-header-display":"","site-post-title":"","ast-breadcrumbs-content":"","ast-featured-img":"","footer-sml-layout":"","theme-transparent-header-meta":"","adv-header-id-meta":"","stick-header-meta":"","header-above-stick-meta":"","header-main-stick-meta":"","header-below-stick-meta":"","astra-migrate-meta-layouts":"default","ast-page-background-enabled":"default","ast-page-background-meta":{"desktop":{"background-color":"var(--ast-global-color-4)","background-image":"","background-repeat":"repeat","background-position":"center center","background-size":"auto","background-attachment":"scroll","background-type":"","background-media":"","overlay-type":"","overlay-color":"","overlay-opacity":"","overlay-gradient":""},"tablet":{"background-color":"","background-image":"","background-repeat":"repeat","background-position":"center center","background-size":"auto","background-attachment":"scroll","background-type":"","background-media":"","overlay-type":"","overlay-color":"","overlay-opacity":"","overlay-gradient":""},"mobile":{"background-color":"","background-image":"","background-repeat":"repeat","background-position":"center center","background-size":"auto","background-attachment":"scroll","background-type":"","background-media":"","overlay-type":"","overlay-color":"","overlay-opacity":"","overlay-gradient":""}},"ast-content-background-meta":{"desktop":{"background-color":"var(--ast-global-color-5)","background-image":"","background-repeat":"repeat","background-position":"center center","background-size":"auto","background-attachment":"scroll","background-type":"","background-media":"","overlay-type":"","overlay-color":"","overlay-opacity":"","overlay-gradient":""},"tablet":{"background-color":"var(--ast-global-color-5)","background-image":"","background-repeat":"repeat","background-position":"center center","background-size":"auto","background-attachment":"scroll","background-type":"","background-media":"","overlay-type":"","overlay-color":"","overlay-opacity":"","overlay-gradient":""},"mobile":{"background-color":"var(--ast-global-color-5)","background-image":"","background-repeat":"repeat","background-position":"center center","background-size":"auto","background-attachment":"scroll","background-type":"","background-media":"","overlay-type":"","overlay-color":"","overlay-opacity":"","overlay-gradient":""}},"footnotes":""},"categories":[1155,952,347,351,1123,1042],"tags":[],"class_list":["post-24664","post","type-post","status-publish","format-standard","has-post-thumbnail","hentry","category-activitats-del-curs-2023-2024","category-escola-verda","category-general","category-portada","category-sosteniblitat","category-steam"],"post_mailing_queue_ids":[],"_links":{"self":[{"href":"https:\/\/agora.xtec.cat\/iesmarti-i-pol\/wp-json\/wp\/v2\/posts\/24664","targetHints":{"allow":["GET"]}}],"collection":[{"href":"https:\/\/agora.xtec.cat\/iesmarti-i-pol\/wp-json\/wp\/v2\/posts"}],"about":[{"href":"https:\/\/agora.xtec.cat\/iesmarti-i-pol\/wp-json\/wp\/v2\/types\/post"}],"author":[{"embeddable":true,"href":"https:\/\/agora.xtec.cat\/iesmarti-i-pol\/wp-json\/wp\/v2\/users\/1"}],"replies":[{"embeddable":true,"href":"https:\/\/agora.xtec.cat\/iesmarti-i-pol\/wp-json\/wp\/v2\/comments?post=24664"}],"version-history":[{"count":3,"href":"https:\/\/agora.xtec.cat\/iesmarti-i-pol\/wp-json\/wp\/v2\/posts\/24664\/revisions"}],"predecessor-version":[{"id":24680,"href":"https:\/\/agora.xtec.cat\/iesmarti-i-pol\/wp-json\/wp\/v2\/posts\/24664\/revisions\/24680"}],"wp:featuredmedia":[{"embeddable":true,"href":"https:\/\/agora.xtec.cat\/iesmarti-i-pol\/wp-json\/wp\/v2\/media\/24665"}],"wp:attachment":[{"href":"https:\/\/agora.xtec.cat\/iesmarti-i-pol\/wp-json\/wp\/v2\/media?parent=24664"}],"wp:term":[{"taxonomy":"category","embeddable":true,"href":"https:\/\/agora.xtec.cat\/iesmarti-i-pol\/wp-json\/wp\/v2\/categories?post=24664"},{"taxonomy":"post_tag","embeddable":true,"href":"https:\/\/agora.xtec.cat\/iesmarti-i-pol\/wp-json\/wp\/v2\/tags?post=24664"}],"curies":[{"name":"wp","href":"https:\/\/api.w.org\/{rel}","templated":true}]}}