{"id":2456,"date":"2009-12-15T00:00:00","date_gmt":"2009-12-15T00:00:00","guid":{"rendered":"http:\/\/mmpol.cat\/home2\/mmpolcat\/wordpress\/?p=397"},"modified":"2021-03-05T19:40:46","modified_gmt":"2021-03-05T18:40:46","slug":"taller-deducacir-la-llengua-2009","status":"publish","type":"post","link":"https:\/\/agora.xtec.cat\/iesmarti-i-pol\/portada\/taller-deducacir-la-llengua-2009\/","title":{"rendered":"Taller d&#039;educaci\u00f3 per la llengua (2009)"},"content":{"rendered":"<table border=\"0\" cellpadding=\"1\" cellspacing=\"1\" style=\"width: 522px; height: 14px\" width=\"522\">\n<tbody>\n<tr>\n<td> \t\t\t\t<span style=\"color: #333399\"><font color=\"#333399\">El dijous 26 de novembre l\u2019alumnat de 2n va fer el taller d\u2019educaci\u00f3 per la llengua (TEL)\u00a9&#8230;<\/font><\/span><\/td>\n<\/tr>\n<\/tbody>\n<\/table>\n<p>  <!--more-->  <\/p>\n<table border=\"0\" cellpadding=\"1\" cellspacing=\"1\" style=\"width: 534px; height: 64px\" width=\"534\">\n<tbody>\n<tr>\n<td> \t\t\t\t<span style=\"font-size: xx-small\"><span style=\"color: #0000cc\"><img loading=\"lazy\" decoding=\"async\" alt=\"\" height=\"15\" src=\"\/iesmarti-i-pol\/images\/stories\/espai.gif\" width=\"15\" \/><\/span><\/span><\/td>\n<td> \t\t\t\t<span style=\"font-size: xx-small\"><span style=\"color: #0000cc\"><font color=\"#0000cc\" size=\"1\">El dijous 26 de novembre l\u2019alumnat de 2n va fer el taller d\u2019educaci\u00f3 per la llengua (TEL)\u00a9.<\/p>\n<p> \t\t\t\tLa necessitat de crear aquest taller sorgeix de la disminuci\u00f3 d\u2019\u00fas del catal\u00e0 entre els joves. Per a convertir el catal\u00e0 en la llengua comuna i d\u2019integraci\u00f3 i cohesi\u00f3 social, cal incidir en el com i el perqu\u00e8 de l\u2019h\u00e0bit d\u2019usar el catal\u00e0 com a llengua vehicular i d\u2019\u00fas normal en les diverses situacions de la nostra vida quotidiana.<\/p>\n<p> \t\t\t\tA qui va dirigit?<br \/> \t\t\t\tEl Taller d\u2019Educaci\u00f3 per la Llengua\u00a9 es tracta d\u2019un taller d\u2019educaci\u00f3 en valors favorables cap a la diversitat ling\u00fc\u00edstica del m\u00f3n que incideix en la necessitat de fer del catal\u00e0 la llengua comuna a casa nostra, tot valorant positivament les prop de 300 lleng\u00fces que podem escoltar als Pa\u00efsos Catalans.<\/p>\n<p> \t\t\t\tCom es fa?<br \/> \t\t\t\tEl format \u00e9s el d\u2019un taller amb un espai de debat que s\u2019acompanya de molts elements visuals, buscant la participaci\u00f3 de l\u2019alumnat per tal que aquests donin la seva opini\u00f3, valorin els arguments exposats, aprenguin noves dades sobre la diversitat ling\u00fc\u00edstica i l\u2019extinci\u00f3 de lleng\u00fces.<\/p>\n<p> \t\t\t\tQu\u00e8 s\u2019explica?<br \/> \t\t\t\tEl taller comen\u00e7a amb la relaci\u00f3 conceptual entre el valor de la diversitat biol\u00f2gica al planeta i el valor de la diversitat ling\u00fc\u00edstica, aix\u00ed exposem diferents exemples i curiositats. Un dels valors centrals en el taller \u00e9s que cada llengua \u00e9s un univers insubstitu\u00efble. Aleshores ens apropem a la nostra realitat socioling\u00fc\u00edstica i continuem amb una presentaci\u00f3 dels conceptes de diversitat, \u00fas social, biling\u00fcisme, lleng\u00fces vives i lleng\u00fces mortes, extinci\u00f3 de lleng\u00fces&#8230; Seguidament, la sessi\u00f3 s\u2019encamina cap a la promoci\u00f3 d\u2019una actitud favorable a cada llengua com a valuosa en ella mateixa. Tot plegat, centrant-nos en la llengua catalana i sense entrar en missatges pol\u00edtics.<\/p>\n<p> \t\t\t\tQuin objectiu t\u00e9?<br \/> \t\t\t\tL\u2019objectiu principal del TEL\u00a9 \u00e9s despertar la sensibilitat envers el patrimoni ling\u00fc\u00edstic de la humanitat i, per tant, tamb\u00e9 envers la llengua catalana. Aix\u00f2 implica introduir els valors ling\u00fc\u00edstics i el civisme ling\u00fc\u00edstic dins el corpus de valors que avui dia ja es transmeten dins l\u2019educaci\u00f3 formal (en paral\u00b7lel a la sostenibilitat, la igualtat de g\u00e8nere, la solidaritat\u2026). Aix\u00ed, fem especial \u00e8mfasi en la import\u00e0ncia de l\u2019\u00fas social del catal\u00e0 m\u00e9s enll\u00e0 del coneixement, tant a nivell col\u00b7lectiu com a nivell individual, promovent l\u2019\u00fas del catal\u00e0 des de l\u2019adolesc\u00e8ncia.<\/p>\n<p> \t\t\t\tL\u2019entitat Tallers per la Llengua<br \/> \t\t\t\tTallers per la Llengua \u00e9s una entitat que neix davant la necessitat de convertir el<br \/> \t\t\t\tcatal\u00e0 en la llengua de cohesi\u00f3 social de la nostra societat.<br \/> \t\t\t\t<a href=\"http:\/\/www.tallers.cat\" target=\"_blank\" rel=\"noopener noreferrer\">www.tallers.cat<\/a>; gestio@tallers.cat; Tel. <skype:span class=\"skype_v3_tb_injection\" context=\"(+34) 663 342 456\" durex=\"%DADDYWIDTH%\" durex2=\"%DADDYHEIGHT%\" freecall=\"\" fwidth=\".w16\" id=\"softomate_v3_highlight_0\" isfax=\"\" mode=\".compat\" nof=\"\" path=\"file:\/\/C:\/DOCUME~1\/-\/CONFIG~1\/Temp\/__SkypeIEToolbar_Cache\/caea264d80cf3346d48a96a3762727b1\/static\/\" skypeaction=\"call\" skypeid=\"0\" title=\"Llamar a este n\u00famero de tel\u00e9fono en Espa\u00f1a con Skype: +34663342456 \" type=\".flex\"><skype:span class=\"skype_v3_tb_imgA\" id=\"skype_v3_tb_droppart_0\" skypeaction=\"drop\" skypeid=\"0\" skypesms=\"1\" style=\"background-image: url(file:\/\/c:\/DOCUME~1\/-\/CONFIG~1\/Temp\/__SkypeIEToolbar_Cache\/caea264d80cf3346d48a96a3762727b1\/static\/inactive_a.compat.flex.w16.gif)\" title=\"Acciones de Skype\"><skype:span class=\"skype_v3_tb_imgFlag\" id=\"skype_v3_tb_img_f0\" style=\"background-image: url(file:\/\/c:\/DOCUME~1\/-\/CONFIG~1\/Temp\/__SkypeIEToolbar_Cache\/caea264d80cf3346d48a96a3762727b1\/static\/famfamfam\/ES.gif)\"><\/skype:span><\/skype:span><skype:span class=\"skype_v3_tb_imgS\" id=\"skype_v3_tb_img_s0\" style=\"background-image: url(file:\/\/c:\/DOCUME~1\/-\/CONFIG~1\/Temp\/__SkypeIEToolbar_Cache\/caea264d80cf3346d48a96a3762727b1\/static\/inactive_s.flex.compat.gif)\"><\/skype:span><skype:span class=\"skype_v3_tb_injectionIn\" id=\"skype_v3_tb_text0\" style=\"background-image: url(file:\/\/c:\/DOCUME~1\/-\/CONFIG~1\/Temp\/__SkypeIEToolbar_Cache\/caea264d80cf3346d48a96a3762727b1\/static\/inactive_m.compat.gif)\"><skype:span class=\"skype_v3_tb_innerText\" id=\"skype_v3_tb_innerText0\" style=\"background-image: url(file:\/\/c:\/DOCUME~1\/-\/CONFIG~1\/Temp\/__SkypeIEToolbar_Cache\/caea264d80cf3346d48a96a3762727b1\/static\/inactive_m.compat.gif)\">(+34) 663 342 456 <\/skype:span><\/skype:span><skype:span class=\"skype_v3_tb_imgR\" id=\"skype_v3_tb_img_r0\" style=\"background-image: url(file:\/\/c:\/DOCUME~1\/-\/CONFIG~1\/Temp\/__SkypeIEToolbar_Cache\/caea264d80cf3346d48a96a3762727b1\/static\/inactive_r.compat.gif)\"><\/skype:span><\/skype:span><skype:span class=\"skype_v3_tb_injection_print\" context=\"\" id=\"softomate_v3_print_0\">(+34) 663 342 456<\/skype:span>.<br \/> \t\t\t\t<\/font><\/span><\/span><\/td>\n<\/tr>\n<tr>\n<td> \t\t\t\t<span style=\"font-size: xx-small\"><span style=\"color: #0000cc\">&nbsp;<\/span><\/span><\/td>\n<td style=\"text-align: center\"> \t\t\t\t<span style=\"font-size: xx-small\"><span style=\"color: #0000cc\"><font color=\"#0000ff\" size=\"1\"><a href=\"http:\/\/picasaweb.google.es\/albumsmmp\/091126TallerLlengua2nESO?authkey=Gv1sRgCN-TuaLFu6y7_gE&amp;feat=email#slideshow\" target=\"_blank\" rel=\"noopener noreferrer\">fotografies de l&#8217;activitat<\/a><\/font><\/span><\/span><\/td>\n<\/tr>\n<\/tbody>\n<\/table>\n","protected":false},"excerpt":{"rendered":"<p>El dijous 26 de novembre l\u2019alumnat de 2n va fer el taller d\u2019educaci\u00f3 per la llengua (TEL)\u00a9&#8230;<\/p>\n","protected":false},"author":1,"featured_media":0,"comment_status":"open","ping_status":"open","sticky":false,"template":"","format":"standard","meta":{"_bbp_topic_count":0,"_bbp_reply_count":0,"_bbp_total_topic_count":0,"_bbp_total_reply_count":0,"_bbp_voice_count":0,"_bbp_anonymous_reply_count":0,"_bbp_topic_count_hidden":0,"_bbp_reply_count_hidden":0,"_bbp_forum_subforum_count":0,"site-sidebar-layout":"default","site-content-layout":"","ast-site-content-layout":"","site-content-style":"default","site-sidebar-style":"default","ast-global-header-display":"","ast-banner-title-visibility":"","ast-main-header-display":"","ast-hfb-above-header-display":"","ast-hfb-below-header-display":"","ast-hfb-mobile-header-display":"","site-post-title":"","ast-breadcrumbs-content":"","ast-featured-img":"","footer-sml-layout":"","theme-transparent-header-meta":"","adv-header-id-meta":"","stick-header-meta":"","header-above-stick-meta":"","header-main-stick-meta":"","header-below-stick-meta":"","astra-migrate-meta-layouts":"default","ast-page-background-enabled":"default","ast-page-background-meta":{"desktop":{"background-color":"var(--ast-global-color-4)","background-image":"","background-repeat":"repeat","background-position":"center center","background-size":"auto","background-attachment":"scroll","background-type":"","background-media":"","overlay-type":"","overlay-color":"","overlay-opacity":"","overlay-gradient":""},"tablet":{"background-color":"","background-image":"","background-repeat":"repeat","background-position":"center center","background-size":"auto","background-attachment":"scroll","background-type":"","background-media":"","overlay-type":"","overlay-color":"","overlay-opacity":"","overlay-gradient":""},"mobile":{"background-color":"","background-image":"","background-repeat":"repeat","background-position":"center center","background-size":"auto","background-attachment":"scroll","background-type":"","background-media":"","overlay-type":"","overlay-color":"","overlay-opacity":"","overlay-gradient":""}},"ast-content-background-meta":{"desktop":{"background-color":"var(--ast-global-color-5)","background-image":"","background-repeat":"repeat","background-position":"center center","background-size":"auto","background-attachment":"scroll","background-type":"","background-media":"","overlay-type":"","overlay-color":"","overlay-opacity":"","overlay-gradient":""},"tablet":{"background-color":"var(--ast-global-color-5)","background-image":"","background-repeat":"repeat","background-position":"center center","background-size":"auto","background-attachment":"scroll","background-type":"","background-media":"","overlay-type":"","overlay-color":"","overlay-opacity":"","overlay-gradient":""},"mobile":{"background-color":"var(--ast-global-color-5)","background-image":"","background-repeat":"repeat","background-position":"center center","background-size":"auto","background-attachment":"scroll","background-type":"","background-media":"","overlay-type":"","overlay-color":"","overlay-opacity":"","overlay-gradient":""}},"footnotes":""},"categories":[351],"tags":[],"class_list":["post-2456","post","type-post","status-publish","format-standard","hentry","category-portada"],"post_mailing_queue_ids":[],"_links":{"self":[{"href":"https:\/\/agora.xtec.cat\/iesmarti-i-pol\/wp-json\/wp\/v2\/posts\/2456","targetHints":{"allow":["GET"]}}],"collection":[{"href":"https:\/\/agora.xtec.cat\/iesmarti-i-pol\/wp-json\/wp\/v2\/posts"}],"about":[{"href":"https:\/\/agora.xtec.cat\/iesmarti-i-pol\/wp-json\/wp\/v2\/types\/post"}],"author":[{"embeddable":true,"href":"https:\/\/agora.xtec.cat\/iesmarti-i-pol\/wp-json\/wp\/v2\/users\/1"}],"replies":[{"embeddable":true,"href":"https:\/\/agora.xtec.cat\/iesmarti-i-pol\/wp-json\/wp\/v2\/comments?post=2456"}],"version-history":[{"count":1,"href":"https:\/\/agora.xtec.cat\/iesmarti-i-pol\/wp-json\/wp\/v2\/posts\/2456\/revisions"}],"predecessor-version":[{"id":19169,"href":"https:\/\/agora.xtec.cat\/iesmarti-i-pol\/wp-json\/wp\/v2\/posts\/2456\/revisions\/19169"}],"wp:attachment":[{"href":"https:\/\/agora.xtec.cat\/iesmarti-i-pol\/wp-json\/wp\/v2\/media?parent=2456"}],"wp:term":[{"taxonomy":"category","embeddable":true,"href":"https:\/\/agora.xtec.cat\/iesmarti-i-pol\/wp-json\/wp\/v2\/categories?post=2456"},{"taxonomy":"post_tag","embeddable":true,"href":"https:\/\/agora.xtec.cat\/iesmarti-i-pol\/wp-json\/wp\/v2\/tags?post=2456"}],"curies":[{"name":"wp","href":"https:\/\/api.w.org\/{rel}","templated":true}]}}