{"id":2444,"date":"2009-09-07T16:56:46","date_gmt":"2009-09-07T14:56:46","guid":{"rendered":"http:\/\/mmpol.cat\/home2\/mmpolcat\/wordpress\/?p=373"},"modified":"2021-03-05T19:40:48","modified_gmt":"2021-03-05T18:40:48","slug":"cicle-grau-mitjelectricitat","status":"publish","type":"post","link":"https:\/\/agora.xtec.cat\/iesmarti-i-pol\/general\/cicle-grau-mitjelectricitat\/","title":{"rendered":"Instal\u00b7lacions el\u00e8ctriques i autom\u00e0tiques"},"content":{"rendered":"<p><span style=\"font-size: 16px;\"><span style=\"font-family: Verdana;\"><span style=\"color: #800000;\"><b>Grau mitj\u00e0 d&#8217;Instal\u00b7lacions el\u00e8ctriques i autom\u00e0tiques<br \/>\n<\/b><\/span><\/span><\/span><\/p>\n<p class=\"texto\" style=\"text-align: justify;\"><span style=\"font-size: 16px;\"><span style=\"color: #800000;\"><strong>Per a qu\u00e8 et formem?<\/strong><\/span><\/span><\/p>\n<p class=\"texto\" style=\"text-align: justify;\"><span style=\"color: #333333;\">El curr\u00edculum desenvolupat pel Departament d&#8217;Ensenyament de la Generalitat de Catalunya especifica les compet\u00e8ncies que tindran els alumnes que hagin superat el cicle formatiu de grau mitj\u00e0 en instal\u00b7lacions el\u00e8ctriques i autom\u00e0tiques de la seg\u00fcent manera:<\/span><\/p>\n<p class=\"texto\" style=\"text-align: justify;\"><span style=\"color: #333333;\">&#8220;Muntar i mantenir infraestructures de telecomunicaci\u00f3 en edificis, instal\u00b7lacions el\u00e8ctriques de baixa tensi\u00f3, m\u00e0quines el\u00e8ctriques i sistemes automatitzats, aplicant normativa i reglamentaci\u00f3 vigent, protocols de qualitat, seguretat i riscos laborals, assegurant la seva funcionalitat i respecte al medi ambient.&#8221;<\/span><\/p>\n<p><!--nextpage--><\/p>\n<p><span style=\"color: #800000;\"><strong><span style=\"font-size: 16px;\">Com ens organitzem?<\/span><\/strong><\/span><\/p>\n<p style=\"text-align: justify;\"><span style=\"color: #333333;\">Aquesta formaci\u00f3 professional est\u00e0 planificada per fer-la en dos anys amb una durada de 2.000 hores, 1.683 a l&#8217;Institut i 317 en empreses (M\u00f2dul 15, convalidables segons els casos). <\/span><\/p>\n<p style=\"text-align: justify;\"><span style=\"color: #000080;\"><span style=\"font-size: 16px;\"><strong>Distribuci\u00f3 de m\u00f2duls i unitats formatives a 1r curs:<\/strong><\/span><\/span><\/p>\n<p style=\"text-align: justify;\"><span style=\"color: #333333;\"><span id=\"cke_bm_145E\" style=\"display: none;\">\u00a0<\/span><\/span><span style=\"display: none;\">\u00a0<\/span><\/p>\n<table style=\"width: 475px;\" border=\"2\" width=\"672\" cellspacing=\"2\" cellpadding=\"2\">\n<tbody>\n<tr>\n<td style=\"width: 156px; text-align: center; background-color: #660000;\"><span style=\"color: #ffffff;\"><strong>M\u00f2dul<\/strong><\/span><\/td>\n<td style=\"width: 56px; text-align: center; background-color: #660000;\"><span style=\"color: #ffffff;\"><strong>Hores setmana<\/strong><\/span><\/td>\n<td style=\"width: 213px; text-align: center; background-color: #660000;\"><span style=\"color: #ffffff;\"><strong>Unitats formatives<\/strong><\/span><\/td>\n<td style=\"text-align: center; width: 44px; background-color: #660000;\"><span style=\"color: #ffffff;\"><strong>Hores<\/strong><\/span><\/td>\n<\/tr>\n<tr>\n<td style=\"width: 156px; border-color: #ffffff; background-color: #cccccc;\" rowspan=\"3\">01. Automatismes industrials<\/td>\n<td style=\"width: 56px; border-color: #ffffff; background-color: #cccccc; text-align: center;\" rowspan=\"3\">4<\/td>\n<td style=\"width: 213px; background-color: #cccccc;\">UF1. Dibuix t\u00e8cnic aplicat als automatismes<\/td>\n<td style=\"width: 44px; background-color: #cccccc; text-align: center;\">22<\/td>\n<\/tr>\n<tr>\n<td style=\"width: 213px; background-color: #cccccc;\">UF2. Mecanitzaci\u00f3 de quadres el\u00e8ctrics<\/td>\n<td style=\"width: 44px; background-color: #cccccc; text-align: center;\">27<\/td>\n<\/tr>\n<tr>\n<td style=\"width: 213px; background-color: #cccccc;\">UF3. Automatitzaci\u00f3 el\u00e8ctrica cablada<\/td>\n<td style=\"width: 44px; background-color: #cccccc; text-align: center;\">72<\/td>\n<\/tr>\n<tr>\n<td style=\"width: 156px;\" colspan=\"1\" rowspan=\"5\">02. Instal\u00b7lacions el\u00e8ctriques interiors.<\/td>\n<td style=\"width: 56px; text-align: center;\" colspan=\"1\" rowspan=\"5\">8<\/td>\n<td style=\"width: 213px;\">UF1. Equips, dispositius, materials i eines<\/td>\n<td style=\"width: 44px; text-align: center;\">26<\/td>\n<\/tr>\n<tr>\n<td style=\"width: 213px;\">UF2. Instal\u00b7lacions el\u00e8ctriques interiors en edificis d\u2019habitatges<\/td>\n<td style=\"width: 44px; text-align: center;\">76<\/td>\n<\/tr>\n<tr>\n<td style=\"width: 213px;\">UF3. Instal\u00b7lacions el\u00e8ctriques interiors en locals, oficines i ind\u00fastries<\/td>\n<td style=\"width: 44px; text-align: center;\">80<\/td>\n<\/tr>\n<tr>\n<td style=\"width: 213px;\">UF4. Documentaci\u00f3 t\u00e8cnica de les instal\u00b7lacions el\u00e8ctriques interiors<\/td>\n<td style=\"width: 44px; text-align: center;\">38<\/td>\n<\/tr>\n<tr>\n<td style=\"width: 213px;\">UF5. Inform\u00e0tica b\u00e0sica aplicada al c\u00e0lcul i la representaci\u00f3 gr\u00e0fica d\u2019instal\u00b7lacions el\u00e8ctriques<\/td>\n<td style=\"width: 44px; text-align: center;\">33<\/td>\n<\/tr>\n<tr>\n<td style=\"width: 156px; background-color: #cccccc;\" rowspan=\"2\">06. Instal\u00b7lacions solars fotovoltaiques.<\/td>\n<td style=\"width: 56px; background-color: #cccccc; text-align: center;\" rowspan=\"2\">2<\/td>\n<td style=\"width: 213px; background-color: #cccccc;\">UF1. Muntatge d\u2019instal\u00b7lacions solars fotovoltaiques<\/td>\n<td style=\"width: 44px; background-color: #cccccc; text-align: center;\">44<\/td>\n<\/tr>\n<tr>\n<td style=\"width: 213px; background-color: #cccccc;\">UF2. Manteniment d\u2019instal\u00b7lacions solars fotovoltaiques<\/td>\n<td style=\"width: 44px; background-color: #cccccc; text-align: center;\">22<\/td>\n<\/tr>\n<tr>\n<td style=\"width: 156px;\" rowspan=\"2\">09. Electr\u00f2nica.<\/td>\n<td style=\"width: 56px; text-align: center;\" rowspan=\"2\">2<\/td>\n<td style=\"width: 213px;\">UF1. Electr\u00f2nica digital<\/td>\n<td style=\"width: 44px; text-align: center;\">26<\/td>\n<\/tr>\n<tr>\n<td style=\"width: 213px;\">UF2. Electr\u00f2nica anal\u00f2gica<\/td>\n<td style=\"width: 44px; text-align: center;\">40<\/td>\n<\/tr>\n<tr>\n<td style=\"width: 156px; background-color: #cccccc;\" rowspan=\"4\">10. Electrot\u00e8cnia.<\/td>\n<td style=\"width: 56px; background-color: #cccccc; text-align: center;\" rowspan=\"4\">5<\/td>\n<td style=\"width: 213px; background-color: #cccccc;\">UF1. Corrent continu i electromagnetisme<\/td>\n<td style=\"width: 44px; background-color: #cccccc; text-align: center;\">44<\/td>\n<\/tr>\n<tr>\n<td style=\"width: 213px; background-color: #cccccc;\">UF2. Corrent altern<\/td>\n<td style=\"width: 44px; background-color: #cccccc; text-align: center;\">44<\/td>\n<\/tr>\n<tr>\n<td style=\"width: 213px; background-color: #cccccc;\">UF3. M\u00e0quines el\u00e8ctriques<\/td>\n<td style=\"width: 44px; background-color: #cccccc; text-align: center;\">44<\/td>\n<\/tr>\n<tr>\n<td style=\"width: 213px; background-color: #cccccc;\">UF4. Seguretat en les instal\u00b7lacions electrot\u00e8cniques<\/td>\n<td style=\"width: 44px; background-color: #cccccc; text-align: center;\">22<\/td>\n<\/tr>\n<tr>\n<td style=\"width: 156px;\" rowspan=\"2\">11. Formaci\u00f3 i orientaci\u00f3 laboral.<\/td>\n<td style=\"width: 56px; text-align: center;\" rowspan=\"2\">3<\/td>\n<td style=\"width: 213px;\">UF1. Incorporaci\u00f3 al treball<\/td>\n<td style=\"width: 44px; text-align: center;\">66<\/td>\n<\/tr>\n<tr>\n<td style=\"width: 213px;\">UF2. Prevenci\u00f3 de riscos laborals<\/td>\n<td style=\"width: 44px; text-align: center;\">33<\/td>\n<\/tr>\n<\/tbody>\n<\/table>\n<p><!--nextpage--><\/p>\n<p><span style=\"color: #000080;\"><span style=\"font-size: 16px;\"><strong>Distribuci\u00f3 de m\u00f2duls i unitats formatives a 2n curs:<\/strong><\/span><\/span><\/p>\n<table style=\"width: 479px;\" border=\"2\" width=\"672\" cellspacing=\"2\" cellpadding=\"2\">\n<tbody>\n<tr>\n<td style=\"width: 156px; text-align: center; background-color: #660000;\"><span style=\"color: #ffffff;\"><strong>M\u00f2dul<\/strong><\/span><\/td>\n<td style=\"width: 78px; text-align: center; background-color: #660000;\"><s style=\"color: #ffffff;\"><strong>Hores setmana<\/strong><\/s><\/td>\n<td style=\"width: 186px; text-align: center; background-color: #660000;\"><span style=\"color: #ffffff;\"><strong>Unitats formatives<\/strong><\/span><\/td>\n<td style=\"text-align: center; width: 49px; background-color: #660000;\"><span style=\"color: #ffffff;\"><strong>Hores<\/strong><\/span><\/td>\n<\/tr>\n<tr>\n<td style=\"width: 156px; background-color: #cccccc; border-color: #ffffff;\" rowspan=\"2\">01. Automatismes industrials<\/td>\n<td style=\"width: 78px; background-color: #cccccc; border-color: #ffffff; text-align: center;\" rowspan=\"2\">3<\/td>\n<td style=\"width: 186px; background-color: #cccccc;\">UF4. Automatitzaci\u00f3 pneum\u00e0tica i electropneum\u00e0tica<\/td>\n<td style=\"width: 49px; background-color: #cccccc; text-align: center;\">33<\/td>\n<\/tr>\n<tr>\n<td style=\"width: 186px; background-color: #cccccc;\">UF5. Automatitzaci\u00f3 programable<\/td>\n<td style=\"width: 49px; background-color: #cccccc; text-align: center;\">66<\/td>\n<\/tr>\n<tr>\n<td style=\"width: 156px;\" rowspan=\"2\">03. Instal\u00b7lacions de distribuci\u00f3.<\/td>\n<td style=\"width: 78px; text-align: center;\" rowspan=\"2\">3<\/td>\n<td style=\"width: 186px;\">UF1. Centres de transformaci\u00f3 i xarxes de distribuci\u00f3 en baixa tensi\u00f3<\/td>\n<td style=\"width: 49px; text-align: center;\">40<\/td>\n<\/tr>\n<tr>\n<td style=\"width: 186px;\">UF2. Instal\u00b7lacions d\u2019enlla\u00e7<\/td>\n<td style=\"width: 49px; text-align: center;\">59<\/td>\n<\/tr>\n<tr>\n<td style=\"width: 156px; background-color: #cccccc;\" rowspan=\"2\">04. Infraestructures comunes de telecomunicaci\u00f3 en habitatges i edificis.<\/td>\n<td style=\"width: 78px; background-color: #cccccc; text-align: center;\" rowspan=\"2\">3<\/td>\n<td style=\"width: 186px; background-color: #cccccc;\">UF1. Instal\u00b7lacions d\u2019antenes<\/td>\n<td style=\"width: 49px; background-color: #cccccc; text-align: center;\">50<\/td>\n<\/tr>\n<tr>\n<td style=\"width: 186px; background-color: #cccccc;\">UF2. Instal\u00b7lacions de telefonia interior i d\u2019intercomunicaci\u00f3<\/td>\n<td style=\"width: 49px; background-color: #cccccc; text-align: center;\">49<\/td>\n<\/tr>\n<tr>\n<td style=\"width: 156px;\" rowspan=\"5\">05. Instal\u00b7lacions dom\u00f2tiques.<\/td>\n<td style=\"width: 78px; text-align: center;\" rowspan=\"5\">4<\/td>\n<td style=\"width: 186px;\">UF1. Automatitzaci\u00f3 d\u2019habitatges<\/td>\n<td style=\"width: 49px; text-align: center;\">17<\/td>\n<\/tr>\n<tr>\n<td style=\"width: 186px;\">UF2. Instal\u00b7lacions dom\u00f2tiques amb sistemes descentralitzats de bus<\/td>\n<td style=\"width: 49px; text-align: center;\">49<\/td>\n<\/tr>\n<tr>\n<td style=\"width: 186px;\">UF3. Instal\u00b7lacions dom\u00f2tiques amb aut\u00f2mats programables<\/td>\n<td style=\"width: 49px; text-align: center;\">29<\/td>\n<\/tr>\n<tr>\n<td style=\"width: 186px;\">UF4. Instal\u00b7lacions dom\u00f2tiques amb sistemes de corrents portadors<\/td>\n<td style=\"width: 49px; text-align: center;\">17<\/td>\n<\/tr>\n<tr>\n<td style=\"width: 186px;\">UF5. Instal\u00b7lacions dom\u00f2tiques amb sistemes sense fil<\/td>\n<td style=\"width: 49px; text-align: center;\">20<\/td>\n<\/tr>\n<tr>\n<td style=\"width: 156px; background-color: #cccccc;\" rowspan=\"3\">07. M\u00e0quines el\u00e8ctriques.<\/td>\n<td style=\"width: 78px; background-color: #cccccc; text-align: center;\" rowspan=\"3\">3<\/td>\n<td style=\"width: 186px; background-color: #cccccc;\">UF1. Transformadors<\/td>\n<td style=\"width: 49px; background-color: #cccccc; text-align: center;\">22<\/td>\n<\/tr>\n<tr>\n<td style=\"width: 186px; background-color: #cccccc;\">UF2. M\u00e0quines rotatives de corrent continu<\/td>\n<td style=\"width: 49px; background-color: #cccccc; text-align: center;\">33<\/td>\n<\/tr>\n<tr>\n<td style=\"width: 186px; background-color: #cccccc;\">UF3. M\u00e0quines rotatives de corrent altern<\/td>\n<td style=\"width: 49px; background-color: #cccccc; text-align: center;\">44<\/td>\n<\/tr>\n<tr>\n<td style=\"width: 156px;\" colspan=\"1\" rowspan=\"3\">08. Instal\u00b7lacions el\u00e8ctriques especials.<\/td>\n<td style=\"width: 78px; text-align: center;\" colspan=\"1\" rowspan=\"3\">4<\/td>\n<td style=\"width: 186px;\">UF1. Instal\u00b7lacions d\u2019enllumenat exterior<\/td>\n<td style=\"width: 49px; text-align: center;\">24<\/td>\n<\/tr>\n<tr>\n<td style=\"width: 186px;\">UF2. Instal\u00b7lacions de receptors i de caracter\u00edstiques especials<\/td>\n<td style=\"width: 49px; text-align: center;\">77<\/td>\n<\/tr>\n<tr>\n<td style=\"width: 186px;\">UF3. Documentaci\u00f3 t\u00e8cnica de les instal\u00b7lacions el\u00e8ctriques especials<\/td>\n<td style=\"width: 49px; text-align: center;\">20<\/td>\n<\/tr>\n<tr>\n<td style=\"width: 156px; background-color: #cccccc;\">12. Empresa i iniciativa emprenedora.<\/td>\n<td style=\"width: 78px; background-color: #cccccc; text-align: center;\">2<\/td>\n<td style=\"width: 186px; background-color: #cccccc;\">UF1. Empresa i iniciativa emprenedora<\/td>\n<td style=\"width: 49px; background-color: #cccccc; text-align: center;\">66<\/td>\n<\/tr>\n<tr>\n<td style=\"width: 156px;\">13. Angl\u00e8s t\u00e8cnic<\/td>\n<td style=\"width: 78px; text-align: center;\">3<\/td>\n<td style=\"width: 186px;\">UF1. Angl\u00e8s t\u00e8cnic<\/td>\n<td style=\"width: 49px; text-align: center;\">99<\/td>\n<\/tr>\n<tr>\n<td style=\"width: 156px; background-color: #cccccc;\">14. S\u00edntesi<\/td>\n<td style=\"width: 78px; background-color: #cccccc; text-align: center;\">2<\/td>\n<td style=\"width: 186px; background-color: #cccccc;\"><\/td>\n<td style=\"width: 49px; background-color: #cccccc; text-align: center;\">66<\/td>\n<\/tr>\n<tr>\n<td style=\"width: 156px;\">15. Formaci\u00f3 en centres de treball.<\/td>\n<td style=\"width: 78px;\"><\/td>\n<td style=\"width: 186px;\"><\/td>\n<td style=\"width: 49px; text-align: center;\">317<\/td>\n<\/tr>\n<\/tbody>\n<\/table>\n<div style=\"clear: both;\"><\/div>\n<div style=\"clear: both;\">\n<p><!--nextpage--><\/p>\n<p class=\"texto\"><span style=\"font-size: 16px;\"><strong><span style=\"color: #800000;\">I despr\u00e9s qu\u00e8?<\/span><\/strong><\/span><\/p>\n<p class=\"texto\" style=\"text-align: justify;\"><span style=\"color: #333333;\">En el nostre cas, al voltant del 90% dels titulats s&#8217;integren r\u00e0pidament en el m\u00f3n del treball. L&#8217;experi\u00e8ncia de cursos anteriors ens indica que hi ha una gran manca de llocs de treball amb aquesta qualificaci\u00f3 t\u00e8cnica. La relaci\u00f3 constant del nostre institut amb les empreses del sector fa palesa aquesta mancan\u00e7a. Des que impartim cicles formatius, hi ha hagut una contractaci\u00f3 quasi total dels alumnes en empreses del sector. Tant les empreses com els nostres exalumnes tenen un grau de satisfacci\u00f3 elevat dels resultats obtinguts en la seva formaci\u00f3.<\/span><\/p>\n<p class=\"texto\" style=\"text-align: justify;\"><span style=\"color: #333333;\">L&#8217;Institut disposa d&#8217;una borsa de treball des de la qual els alumnes poden accedir al m\u00f3n laboral amb una bona qualificaci\u00f3 t\u00e8cnica i econ\u00f2mica.<\/span><\/p>\n<p class=\"texto\" style=\"text-align: justify;\"><span style=\"color: #333333;\">A m\u00e9s, si l&#8217;alumne vol seguir estudiant, podr\u00e0 accedir<span style=\"color: #333333;\"> al Curs d&#8217;acc\u00e9s a cicles de grau superior (CAS).<\/span><\/span><\/p>\n<p class=\"texto\">\n<\/div>\n","protected":false},"excerpt":{"rendered":"<p>Grau mitj\u00e0 d&#8217;Instal\u00b7lacions el\u00e8ctriques i autom\u00e0tiques Per a qu\u00e8 et formem? El curr\u00edculum desenvolupat pel Departament d&#8217;Ensenyament de la Generalitat de Catalunya especifica les compet\u00e8ncies que tindran els alumnes que hagin superat el cicle formatiu de grau mitj\u00e0 en instal\u00b7lacions el\u00e8ctriques i autom\u00e0tiques de la seg\u00fcent manera: &#8220;Muntar i mantenir infraestructures de telecomunicaci\u00f3 en edificis, [&hellip;]<\/p>\n","protected":false},"author":1,"featured_media":0,"comment_status":"closed","ping_status":"closed","sticky":false,"template":"","format":"standard","meta":{"_bbp_topic_count":0,"_bbp_reply_count":0,"_bbp_total_topic_count":0,"_bbp_total_reply_count":0,"_bbp_voice_count":0,"_bbp_anonymous_reply_count":0,"_bbp_topic_count_hidden":0,"_bbp_reply_count_hidden":0,"_bbp_forum_subforum_count":0,"site-sidebar-layout":"default","site-content-layout":"","ast-site-content-layout":"","site-content-style":"default","site-sidebar-style":"default","ast-global-header-display":"","ast-banner-title-visibility":"","ast-main-header-display":"","ast-hfb-above-header-display":"","ast-hfb-below-header-display":"","ast-hfb-mobile-header-display":"","site-post-title":"","ast-breadcrumbs-content":"","ast-featured-img":"","footer-sml-layout":"","theme-transparent-header-meta":"","adv-header-id-meta":"","stick-header-meta":"","header-above-stick-meta":"","header-main-stick-meta":"","header-below-stick-meta":"","astra-migrate-meta-layouts":"default","ast-page-background-enabled":"default","ast-page-background-meta":{"desktop":{"background-color":"var(--ast-global-color-4)","background-image":"","background-repeat":"repeat","background-position":"center center","background-size":"auto","background-attachment":"scroll","background-type":"","background-media":"","overlay-type":"","overlay-color":"","overlay-opacity":"","overlay-gradient":""},"tablet":{"background-color":"","background-image":"","background-repeat":"repeat","background-position":"center center","background-size":"auto","background-attachment":"scroll","background-type":"","background-media":"","overlay-type":"","overlay-color":"","overlay-opacity":"","overlay-gradient":""},"mobile":{"background-color":"","background-image":"","background-repeat":"repeat","background-position":"center center","background-size":"auto","background-attachment":"scroll","background-type":"","background-media":"","overlay-type":"","overlay-color":"","overlay-opacity":"","overlay-gradient":""}},"ast-content-background-meta":{"desktop":{"background-color":"var(--ast-global-color-5)","background-image":"","background-repeat":"repeat","background-position":"center center","background-size":"auto","background-attachment":"scroll","background-type":"","background-media":"","overlay-type":"","overlay-color":"","overlay-opacity":"","overlay-gradient":""},"tablet":{"background-color":"var(--ast-global-color-5)","background-image":"","background-repeat":"repeat","background-position":"center center","background-size":"auto","background-attachment":"scroll","background-type":"","background-media":"","overlay-type":"","overlay-color":"","overlay-opacity":"","overlay-gradient":""},"mobile":{"background-color":"var(--ast-global-color-5)","background-image":"","background-repeat":"repeat","background-position":"center center","background-size":"auto","background-attachment":"scroll","background-type":"","background-media":"","overlay-type":"","overlay-color":"","overlay-opacity":"","overlay-gradient":""}},"footnotes":""},"categories":[347,351],"tags":[],"class_list":["post-2444","post","type-post","status-publish","format-standard","hentry","category-general","category-portada"],"post_mailing_queue_ids":[],"_links":{"self":[{"href":"https:\/\/agora.xtec.cat\/iesmarti-i-pol\/wp-json\/wp\/v2\/posts\/2444","targetHints":{"allow":["GET"]}}],"collection":[{"href":"https:\/\/agora.xtec.cat\/iesmarti-i-pol\/wp-json\/wp\/v2\/posts"}],"about":[{"href":"https:\/\/agora.xtec.cat\/iesmarti-i-pol\/wp-json\/wp\/v2\/types\/post"}],"author":[{"embeddable":true,"href":"https:\/\/agora.xtec.cat\/iesmarti-i-pol\/wp-json\/wp\/v2\/users\/1"}],"replies":[{"embeddable":true,"href":"https:\/\/agora.xtec.cat\/iesmarti-i-pol\/wp-json\/wp\/v2\/comments?post=2444"}],"version-history":[{"count":3,"href":"https:\/\/agora.xtec.cat\/iesmarti-i-pol\/wp-json\/wp\/v2\/posts\/2444\/revisions"}],"predecessor-version":[{"id":2946,"href":"https:\/\/agora.xtec.cat\/iesmarti-i-pol\/wp-json\/wp\/v2\/posts\/2444\/revisions\/2946"}],"wp:attachment":[{"href":"https:\/\/agora.xtec.cat\/iesmarti-i-pol\/wp-json\/wp\/v2\/media?parent=2444"}],"wp:term":[{"taxonomy":"category","embeddable":true,"href":"https:\/\/agora.xtec.cat\/iesmarti-i-pol\/wp-json\/wp\/v2\/categories?post=2444"},{"taxonomy":"post_tag","embeddable":true,"href":"https:\/\/agora.xtec.cat\/iesmarti-i-pol\/wp-json\/wp\/v2\/tags?post=2444"}],"curies":[{"name":"wp","href":"https:\/\/api.w.org\/{rel}","templated":true}]}}